{"id":2297,"date":"2026-09-04T22:43:00","date_gmt":"2026-09-04T20:43:00","guid":{"rendered":"https:\/\/www.rachida-dati.eu\/actualites\/couts-des-mutuelles-en-france-reduire-les-primes-dassurance-sante-en-2027\/"},"modified":"2026-09-04T22:43:02","modified_gmt":"2026-09-04T20:43:02","slug":"couts-des-mutuelles-en-france-reduire-les-primes-dassurance-sante-en-2027","status":"publish","type":"post","link":"https:\/\/www.rachida-dati.eu\/actualites\/couts-des-mutuelles-en-france-reduire-les-primes-dassurance-sante-en-2027\/","title":{"rendered":"Co\u00fbts des mutuelles en France : r\u00e9duire les primes d&rsquo;assurance sant\u00e9 en 2027"},"content":{"rendered":"<div data-element-guid=\"ce6378e9-99fe-4aa3-91b1-0761b0446386\">\n<p><!-- placeholder(#1) --><\/p>\n<p>Les retrait\u00e9s, les travailleurs ind\u00e9pendants et toute personne qui paie sa propre mutuelle en France pourraient \u00eatre confront\u00e9s \u00e0 une nouvelle hausse des primes en 2027.<\/p>\n<p>L\u2019\u00c9tat est <span class=\"font-weight-black m-font-weight-black \" data-lab-font_weight=\"font-weight-black\">r\u00e9duisant ses remboursements pour certains soins de sant\u00e9 \u00e0 partir de l\u2019ann\u00e9e prochaine<\/span>, ce qui rend plus important de v\u00e9rifier si votre couverture compl\u00e9mentaire offre encore un bon rapport qualit\u00e9-prix.<\/p>\n<h3>Combien les primes pourraient-elles augmenter ?<\/h3>\n<p>Il est trop t\u00f4t pour savoir de combien les primes de mutuelle pourraient augmenter en 2027, car les assureurs annoncent g\u00e9n\u00e9ralement leurs hausses vers la fin de l&rsquo;ann\u00e9e.<\/p>\n<p>Cependant, No\u00e9 Bauduin, du <span class=\"italic m-italic \" data-lab-italic=\"italic\">Observatoire de la consommation de Que Choisir Ensemble<\/span>, une association de consommateurs, a d\u00e9clar\u00e9 qu\u2019une autre hausse \u00e9tait probable.<\/p>\n<p>\u00ab L\u2019ann\u00e9e derni\u00e8re, nous avons observ\u00e9 une hausse d\u2019environ 5 % \u00bb, a-t-il d\u00e9clar\u00e9 \u00e0 <span class=\"italic m-italic \" data-lab-italic=\"italic\">The Connexion<\/span>, \u00ab Il est donc tr\u00e8s probable que les primes augmenteront \u00e0 nouveau l\u2019ann\u00e9e prochaine. \u00bb<\/p>\n<p>Il a \u00e9galement ajout\u00e9 que les consommateurs ne devraient pas supposer que des primes plus \u00e9lev\u00e9es refl\u00e8tent n\u00e9cessairement des co\u00fbts de remboursement plus \u00e9lev\u00e9s.<\/p>\n<p>\u00ab Nous constatons toujours une tendance selon laquelle les cotisations augmentent plus rapidement que les remboursements qu\u2019elles effectuent r\u00e9ellement \u00bb, a-t-il dit.<\/p>\n<p>Alors, comment r\u00e9duire le co\u00fbt ?<\/p>\n<h3>V\u00e9rifiez ce que vous payez\u00a0<\/h3>\n<p>La premi\u00e8re \u00e9tape consiste \u00e0 examiner ce que vous avez r\u00e9ellement pay\u00e9 et ce que vous avez re\u00e7u en remboursements.<\/p>\n<p>\u00ab \u00c0 la fin de l&rsquo;ann\u00e9e, cela vaut la peine de faire les calculs \u00bb, a-t-il d\u00e9clar\u00e9.<\/p>\n<p>\u00ab Vous pouvez vous rendre sur le site de votre mutuelle sant\u00e9, regarder tous les remboursements que vous avez re\u00e7us, et les mettre en parall\u00e8le avec le montant des cotisations que vous avez pay\u00e9es. \u00bb<\/p>\n<p>\u00ab En th\u00e9orie, la plupart des gens paient un peu plus que ce qu\u2019ils ont en remboursement, ce qui est tout \u00e0 fait logique, car sinon les mutuelles seraient d\u00e9ficientes \u00bb, a d\u00e9clar\u00e9 M. Bauduin.<\/p>\n<p>Cependant, un \u00e9cart important pourrait aussi signifier que le contrat ne convient plus \u00e0 vos besoins.<\/p>\n<p>\u00ab Si vous constatez que, par exemple, pour les cotisations, vous payez deux ou trois fois plus que ce que vous avez en remboursement, vous pouvez vous dire qu\u2019il peut y avoir un \u00e9cart entre vos besoins et le niveau de garantie auquel vous vous \u00eates abonn\u00e9. \u00bb<\/p>\n<h3>Les retrait\u00e9s devraient faire jouer la concurrence<\/h3>\n<p>M. Bauduin a d\u00e9clar\u00e9 que les retrait\u00e9s devraient \u00eatre particuli\u00e8rement dispos\u00e9s \u00e0 comparer les mutuelles, surtout s\u2019ils sont encore chez le prestataire qu\u2019ils avaient lorsque qu\u2019ils travaillaient.<\/p>\n<p>\u00ab Beaucoup de personnes, lorsqu\u2019elles prennent leur retraite, se contentent de garder la m\u00eame mutuelle sant\u00e9 qu\u2019elles avaient lorsqu\u2019elles \u00e9taient actives \u00bb, a-t-il d\u00e9clar\u00e9. \u00ab Mais ce n\u2019est pas n\u00e9cessairement le plus int\u00e9ressant pour leur profil. \u00bb<\/p>\n<p>Alors que travailler, un employeur peut payer une partie de la prime. Une fois \u00e0 la retraite, le contrat peut devenir beaucoup plus cher.<\/p>\n<p>\u00ab Les gens ont parfois des contrats qui ne sont pas du tout comp\u00e9titifs, o\u00f9 ils paient bien plus que le march\u00e9 \u00bb, a-t-il dit.<\/p>\n<p>Son conseil est de comparer les prix et, avant de changer, de demander \u00e0 votre assureur actuel s\u2019il peut proposer une police \u00e0 moindre co\u00fbt.<\/p>\n<p>Il a sugg\u00e9r\u00e9 de dire \u00e0 l\u2019assureur : \u00ab J\u2019ai vu qu\u2019un autre prestataire propose ce remboursement. Que pouvez-vous m\u2019offrir ? Comment pouvons-nous ren\u00e9gocier mon prix ? \u00bb<\/p>\n<p>\u00ab C\u2019est un r\u00e9flexe pertinent que les gens n\u2019ont pas n\u00e9cessairement le temps ou l\u2019habitude d\u2019avoir, mais qui peut leur permettre d\u2019\u00e9conomiser de l\u2019argent. \u00bb<\/p>\n<h3>Choisir une couverture adapt\u00e9e \u00e0 vos besoins r\u00e9els<\/h3>\n<p>Plut\u00f4t que de choisir automatiquement la police la plus compl\u00e8te, M. Bauduin a dit que les consommateurs devaient se concentrer sur les domaines o\u00f9 ils auront le plus besoin d\u2019aide pour les co\u00fbts.<\/p>\n<p>Il a mis en \u00e9vidence les soins dentaires, les soins optiques et les aides auditives. \u00ab Ce sont vraiment les trois domaines o\u00f9 une mutuelle peut faire la plus grande diff\u00e9rence sur vos co\u00fbts \u00bb, a-t-il d\u00e9clar\u00e9.\u00a0<\/p>\n<p>Cependant, les besoins des personnes peuvent \u00eatre tr\u00e8s diff\u00e9rents. \u00ab Il y en a pour qui l\u2019optique n\u2019est pas du tout n\u00e9cessaire, et d\u2019autres pour qui c\u2019est vraiment la d\u00e9pense de remboursement principale. \u00bb<\/p>\n<p>Son conseil est donc de se concentrer sur \u00ab les secteurs o\u00f9 nous avons vraiment des d\u00e9penses \u00bb et de choisir une police efficace dans ces domaines.<\/p>\n<h3>R\u00e9capitulatif de trois choses \u00e0 faire si votre prime augmente<\/h3>\n<p>Le conseil de M. Bauduin peut \u00eatre r\u00e9sum\u00e9 en trois \u00e9tapes : v\u00e9rifier, n\u00e9gocier et comparer.<\/p>\n<p>Tout d\u2019abord, comparez ce que vous avez pay\u00e9 avec ce que vous avez re\u00e7u en remboursements.<\/p>\n<p>Deuxi\u00e8mement, demandez \u00e0 votre assureur actuel s\u2019il est possible de r\u00e9duire votre niveau de couverture (et votre prime) sans perdre les prestations dont vous avez r\u00e9ellement besoin.<\/p>\n<p>Enfin, comparez d\u2019autres assurances si le prix semble encore trop \u00e9lev\u00e9.<\/p>\n<p>\u00ab Si vous pouvez \u00e9conomiser 10 %, cela peut rapidement repr\u00e9senter une somme importante sur l\u2019ann\u00e9e \u00bb, a-t-il d\u00e9clar\u00e9.<\/p>\n<h3>Qu\u2019en est-il d\u2019une mutuelle communale ?<\/h3>\n<p>Une autre option \u00e0 v\u00e9rifier est <span class=\"font-weight-black m-font-weight-black \" data-lab-font_weight=\"font-weight-black\">une mutuelle locale ou communautaire<\/span>.<\/p>\n<p>De tels r\u00e9gimes permettent \u00e0 une commune de n\u00e9gocier un accord de groupe avec un assureur, ce qui pourrait assurer de meilleurs tarifs pour les habitants.<\/p>\n<p>\u00ab Une commune n\u00e9gociera avec un assureur, disant, par exemple, qu\u2019il pourrait y avoir un millier de personnes int\u00e9ress\u00e9es, et je vous am\u00e8nerai donc beaucoup de clients, alors qu\u2019est-ce que vous allez m\u2019offrir \u00e0 un tarif int\u00e9ressant ? \u00bb<\/p>\n<p>Cependant, il a averti que les r\u00e9sidents ne devraient pas supposer que chaque r\u00e9gime communal est automatiquement moins cher.<\/p>\n<p>\u00ab Parfois, de petites communes sont tout simplement approch\u00e9es par des assureurs, qui leur proposent un contrat \u00e0 transmettre \u00e0 leurs habitants. \u00bb<\/p>\n<p>\u00ab Dans ce cas, parfois le contrat n\u2019est m\u00eame pas n\u00e9goci\u00e9. \u00bb<\/p>\n<p>\u00ab Vous devez donc vraiment regarder \u00bb, a-t-il ajout\u00e9.<\/p>\n<h3>Pourrait-on se passer d\u2019une mutuelle ?<\/h3>\n<p>Certaines personnes peuvent pr\u00e9f\u00e9rer placer l\u2019argent qu\u2019elles d\u00e9penseraient pour une mutuelle dans l\u2019\u00e9pargne et payer elles-m\u00eames les co\u00fbts de sant\u00e9.<\/p>\n<p>M. Bauduin a dit que cela pouvait avoir du sens sur le plan financier, mais cela signifie accepter plus de risque.<\/p>\n<p>Pour ceux qui peuvent se le permettre, a-t-il ajout\u00e9, le choix se r\u00e9sume finalement \u00e0 \u00e9conomiser de l\u2019argent ou avoir l\u2019assurance d\u2019une couverture.<\/p>\n<p><span class=\"font-weight-black m-font-weight-black \" data-lab-font_weight=\"font-weight-black\">Combien payez-vous pour votre mutuelle, et pensez-vous que cela en vaut la peine ? Si vous n\u2019en avez pas, pourquoi pas ? Dites-nous ce que vous en pensez \u00e0 l\u2019adresse <\/span><span class=\"font-weight-black m-font-weight-black \" data-lab-font_weight=\"font-weight-black\">feedback@connexionfrance.com<\/span><span class=\"font-weight-black m-font-weight-black \" data-lab-font_weight=\"font-weight-black\">.<\/span><\/p>\n<\/div>\n<p><script >!function(f,b,e,v,n,t,s)\n{if(f.fbq)return;n=f.fbq=function(){n.callMethod?\nn.callMethod.apply(n,arguments):n.queue.push(arguments)};\nif(!f._fbq)f._fbq=n;n.push=n;n.loaded=!0;n.version='2.0';\nn.queue=[];t=b.createElement(e);t.async=!0;\nt.src=v;s=b.getElementsByTagName(e)[0];\ns.parentNode.insertBefore(t,s)}(window, document,'script',\n'https:\/\/connect.facebook.net\/en_US\/fbevents.js');\nfbq('init', '1199707312045186');\nfbq('track', 'PageView');<\/script><\/p>\n","protected":false},"excerpt":{"rendered":"<p>Les retrait\u00e9s, les travailleurs ind\u00e9pendants et toute personne qui paie sa propre mutuelle en France pourraient \u00eatre confront\u00e9s \u00e0 une nouvelle hausse des primes en 2027. L\u2019\u00c9tat est r\u00e9duisant ses remboursements pour certains soins de sant\u00e9 \u00e0 partir de l\u2019ann\u00e9e prochaine, ce qui rend plus important de v\u00e9rifier si votre couverture compl\u00e9mentaire offre encore un [&hellip;]<\/p>\n","protected":false},"author":1,"featured_media":2298,"comment_status":"open","ping_status":"open","sticky":false,"template":"","format":"standard","meta":{"footnotes":""},"categories":[1],"tags":[],"class_list":["post-2297","post","type-post","status-publish","format-standard","has-post-thumbnail","hentry","category-non-classe"],"_links":{"self":[{"href":"https:\/\/www.rachida-dati.eu\/actualites\/wp-json\/wp\/v2\/posts\/2297","targetHints":{"allow":["GET"]}}],"collection":[{"href":"https:\/\/www.rachida-dati.eu\/actualites\/wp-json\/wp\/v2\/posts"}],"about":[{"href":"https:\/\/www.rachida-dati.eu\/actualites\/wp-json\/wp\/v2\/types\/post"}],"author":[{"embeddable":true,"href":"https:\/\/www.rachida-dati.eu\/actualites\/wp-json\/wp\/v2\/users\/1"}],"replies":[{"embeddable":true,"href":"https:\/\/www.rachida-dati.eu\/actualites\/wp-json\/wp\/v2\/comments?post=2297"}],"version-history":[{"count":1,"href":"https:\/\/www.rachida-dati.eu\/actualites\/wp-json\/wp\/v2\/posts\/2297\/revisions"}],"predecessor-version":[{"id":2299,"href":"https:\/\/www.rachida-dati.eu\/actualites\/wp-json\/wp\/v2\/posts\/2297\/revisions\/2299"}],"wp:featuredmedia":[{"embeddable":true,"href":"https:\/\/www.rachida-dati.eu\/actualites\/wp-json\/wp\/v2\/media\/2298"}],"wp:attachment":[{"href":"https:\/\/www.rachida-dati.eu\/actualites\/wp-json\/wp\/v2\/media?parent=2297"}],"wp:term":[{"taxonomy":"category","embeddable":true,"href":"https:\/\/www.rachida-dati.eu\/actualites\/wp-json\/wp\/v2\/categories?post=2297"},{"taxonomy":"post_tag","embeddable":true,"href":"https:\/\/www.rachida-dati.eu\/actualites\/wp-json\/wp\/v2\/tags?post=2297"}],"curies":[{"name":"wp","href":"https:\/\/api.w.org\/{rel}","templated":true}]}}