{"id":2303,"date":"2026-09-05T02:43:01","date_gmt":"2026-09-05T00:43:01","guid":{"rendered":"https:\/\/www.rachida-dati.eu\/actualites\/tourisme-en-france-2026-la-canicule-deplace-les-vacances-vers-la-normandie-et-la-bretagne\/"},"modified":"2026-09-05T02:43:02","modified_gmt":"2026-09-05T00:43:02","slug":"tourisme-en-france-2026-la-canicule-deplace-les-vacances-vers-la-normandie-et-la-bretagne","status":"publish","type":"post","link":"https:\/\/www.rachida-dati.eu\/actualites\/tourisme-en-france-2026-la-canicule-deplace-les-vacances-vers-la-normandie-et-la-bretagne\/","title":{"rendered":"Tourisme en France 2026 : la canicule d\u00e9place les vacances vers la Normandie et la Bretagne"},"content":{"rendered":"<div data-element-guid=\"ce6378e9-99fe-4aa3-91b1-0761b0446386\">\n<p><!-- placeholder(#1) --><\/p>\n<p>Le secteur du tourisme en France s\u2019est bien comport\u00e9 cet \u00e9t\u00e9 malgr\u00e9 des p\u00e9riodes de chaleur record, des incendies de for\u00eat et une incertitude g\u00e9opolitique &#8211; mais la carte des vacances traditionnelle du pays a commenc\u00e9 \u00e0 \u00e9voluer.<\/p>\n<p>Des premiers chiffres d&rsquo;Alliance France Tourisme, un think tank de l&rsquo;industrie touristique, montrent que le secteur a mieux que pr\u00e9vu travers\u00e9 les craintes initiales li\u00e9es aux ph\u00e9nom\u00e8nes climatiques extr\u00eames et \u00e0 l\u2019effet domino des conflits au Moyen-Orient. Cependant, un changement concerne l\u2019endroit o\u00f9 les vacanciers ont choisi d\u2019aller.<\/p>\n<p>\u00ab La chaleur record n\u2019a pas r\u00e9duit la demande mais l\u2019a redistribu\u00e9e \u00bb, a d\u00e9clar\u00e9 Alliance France Tourisme au <span class=\"italic m-italic \" data-lab-italic=\"italic\">The Connexion<\/span>.<\/p>\n<p>Tandis que la C\u00f4te d\u2019Azur et Paris continuaient d\u2019attirer un grand nombre de visiteurs, les destinations plus fra\u00eeches du nord ont affich\u00e9 de solides performances, la Normandie, la Bretagne, le littoral de la Manche et les Alpes tirant tous des avantages des changements dans les r\u00e9seaux de voyage.<\/p>\n<p>Le ministre du Tourisme, Serge Papin, a \u00e9galement exprim\u00e9 une vision positive de l\u2019\u00e9t\u00e9 en d\u00e9clarant que \u00ab 2025 avait \u00e9t\u00e9 une tr\u00e8s bonne ann\u00e9e [&#8230;] et qu\u2019en 2026, nous irons au moins aussi bien, sinon mieux \u00bb. Il a \u00e9galement mis en avant les montagnes, affirmant qu\u2019elles \u00ab deviennent une destination touristique majeure \u00bb, et certaines parties de la Manche \u00ab qui il y a quelques ann\u00e9es n\u2019\u00e9taient pas tr\u00e8s fr\u00e9quent\u00e9es \u00bb, sont aujourd\u2019hui \u00ab satur\u00e9es \u00bb. <\/p>\n<h3>Un d\u00e9but d\u2019\u00e9t\u00e9 prometteur et un changement<\/h3>\n<p>En juin, 79,1 % des chambres d\u2019h\u00f4tel fran\u00e7aises \u00e9taient occup\u00e9es, soit 1,3 point de pourcentage de plus que le m\u00eame mois l\u2019an dernier. Juillet \u00e9tait \u00e9galement en avance sur 2025, avec une occupation en hausse de 0,9 point.<\/p>\n<p>Les chiffres sont remarquables alors que juillet a \u00e9t\u00e9 le mois le plus chaud jamais enregistr\u00e9 en France, avec une temp\u00e9rature moyenne de 24,9 \u00b0C.<\/p>\n<p>La chaleur semble avoir influenc\u00e9 le choix des destinations. La c\u00f4te de la Manche \u00ab a gagn\u00e9 4,5 points d\u2019occupation en juillet et a d\u00e9pass\u00e9 les 90 % en ao\u00fbt, avec un d\u00e9placement net \u00e0 partir de la mi-juillet, apr\u00e8s le pic de la canicule \u00bb, a indiqu\u00e9 Alliance France Tourisme.<\/p>\n<p>La Normandie a \u00e9t\u00e9 la r\u00e9gion affichant les meilleures performances, avec une occupation en hausse de 2,6 points et un revenu par chambre disponible en hausse de 5,9 % en juin et juillet.<\/p>\n<p>M\u00eame pendant la premi\u00e8re moiti\u00e9 d\u2019ao\u00fbt, lorsque l\u2019occupation nationale a diminu\u00e9, 85,2 % des chambres \u00e9taient occup\u00e9es en Normandie, en hausse de 1,6 point par rapport \u00e0 l\u2019ann\u00e9e pr\u00e9c\u00e9dente.<\/p>\n<p>Dans les Hauts-de-France, Dunkerque a franchi les 90 % d\u2019occupation au cours de la m\u00eame p\u00e9riode, soit plus de huit points au-dessus de 2025, tandis que le revenu par chambre du Touquet a augment\u00e9 d\u2019environ un quart en juillet.<\/p>\n<p>La Bretagne et les Alpes ont \u00e9galement connu un \u00e9t\u00e9 solide. L\u2019occupation d\u2019ao\u00fbt en Bretagne a augment\u00e9 de 1,6 point et le revenu par chambre disponible de 6,1 %, tandis que le revenu par chambre disponible dans les Alpes du Nord a augment\u00e9 de 12,8 % en juin et juillet.<\/p>\n<p>En ce qui concerne la question de savoir s\u2019il s\u2019agit d\u2019un changement durable ou d\u2019une r\u00e9action \u00e0 un \u00e9t\u00e9 exceptionnel, l\u2019association a d\u00e9clar\u00e9 que \u00ab m\u00eame s\u2019il est toujours difficile de l\u2019affirmer avec certitude, la c\u00f4te de la Manche conna\u00eet son deuxi\u00e8me \u00e9t\u00e9 cons\u00e9cutif de croissance, et les Alpes du Nord leur troisi\u00e8me \u00bb, indiquant une probable mutation durable.<\/p>\n<p>Les temp\u00e9ratures extr\u00eames pourraient aussi avoir modifi\u00e9 ce que les vacanciers attendent de leur h\u00e9bergement.<\/p>\n<p>Laurent Barth\u00e9l\u00e9my, pr\u00e9sident de l\u2019UMIH Saisonniers, qui repr\u00e9sente les entreprises h\u00f4teli\u00e8res saisonni\u00e8res, a indiqu\u00e9 qu\u2019un changement qu\u2019il a remarqu\u00e9 et qu\u2019il pr\u00e9voit durable est l\u2019importance de la climatisation.<\/p>\n<p>Suite \u00e0 ces temp\u00e9ratures extr\u00eames de cet \u00e9t\u00e9, il a d\u00e9clar\u00e9 que le \u00ab plus grand facteur \u00bb pour les vacanciers lors du choix d\u2019un h\u00e9bergement \u00e9tait de savoir s\u2019il \u00e9tait climatis\u00e9, montrant une demande croissante de confort face \u00e0 des \u00e9t\u00e9s de plus en plus chauds.<\/p>\n<p>Cependant, la forte performance des destinations plus fra\u00eeches ne signifiait pas une r\u00e9gression partout ailleurs. La Provence-Alpes-C\u00f4te d\u2019Azur, par exemple, a enregistr\u00e9 le taux d\u2019occupation r\u00e9gional le plus \u00e9lev\u00e9 du pays \u00e0 83,1 % \u2014 et le revenu par chambre disponible a augment\u00e9 de 7,8 %. Le fort taux d\u2019occupation est rest\u00e9 stable m\u00eame pendant le mois d\u2019ao\u00fbt, plus difficile.<\/p>\n<p>Paris a \u00e9galement bien perform\u00e9. Le taux d\u2019occupation des h\u00f4tels a atteint 90 % en juin et 84,6 % en juillet, tandis que la r\u00e9gion \u00cele-de-France dans son ensemble a accueilli 13,3 millions de touristes entre juin et ao\u00fbt, en hausse de 3 % par rapport \u00e0 2025.<\/p>\n<p>Vous pouvez v\u00e9rifier les performances de chaque r\u00e9gion sur la carte fournie par Alliance France Tourisme <span class=\"font-weight-black m-font-weight-black \" data-lab-font_weight=\"font-weight-black\">ici<\/span>. La carte et les donn\u00e9es ne sont disponibles qu\u2019en fran\u00e7ais.<\/p>\n<h3>Un mois d\u2019ao\u00fbt difficile<\/h3>\n<p>La situation est devenue moins favorable au d\u00e9but du mois d\u2019ao\u00fbt.<\/p>\n<p>Entre le 1er et le 17 ao\u00fbt, l\u2019occupation h\u00f4teli\u00e8re nationale s\u2019\u00e9levait \u00e0 72,5 %, en baisse de 0,7 point par rapport \u00e0 l\u2019ann\u00e9e pr\u00e9c\u00e9dente, tandis que le revenu par chambre disponible chutait de 1,5 %.<\/p>\n<p>Les incendies en Gironde ont ajout\u00e9 \u00e0 l\u2019incertitude. Apr\u00e8s un juillet relativement solide, l\u2019occupation h\u00f4teli\u00e8re dans le d\u00e9partement a chut\u00e9 d\u2019environ 10 points au cours de la premi\u00e8re moiti\u00e9 d\u2019ao\u00fbt, les annulations ayant suivi les incendies qui ont commenc\u00e9 le 22 juillet.<\/p>\n<p>Alliance France Tourisme a d\u00e9clar\u00e9 que des prix \u00e9lev\u00e9s et des tensions g\u00e9opolitiques renouvel\u00e9es ont \u00e9galement contribu\u00e9 \u00e0 une approche plus prudente des r\u00e9servations.<\/p>\n<h3>Une autre r\u00e9alit\u00e9 sur le terrain<\/h3>\n<p>M. Barth\u00e9l\u00e9my a d\u00e9clar\u00e9 que les chiffres pour 2026 ne semblaient pas meilleurs que ceux de 2025.<\/p>\n<p>Bien que les h\u00f4tels aient souvent \u00e9t\u00e9 complets, notamment pendant la canicule d\u2019ao\u00fbt, il a dit que cela ne se traduisait pas n\u00e9cessairement par une activit\u00e9 plus forte dans l\u2019ensemble de l\u2019\u00e9conomie touristique.<\/p>\n<p>\u00ab Les h\u00f4tels \u00e9taient pleins, mais dans les restaurants et bars, les gens ne d\u00e9pensaient pas de la m\u00eame mani\u00e8re \u00bb, a confi\u00e9 M. Barth\u00e9l\u00e9my au <span class=\"italic m-italic \" data-lab-italic=\"italic\">The Connexion<\/span>.<\/p>\n<p>Il a dit que le co\u00fbt de la vie affectait les d\u00e9penses pendant les vacances. \u00ab Tout co\u00fbte cher aujourd\u2019hui\u2026 le gaz, les prix, la nourriture \u00bb, a-t-il ajout\u00e9, notant que les gens commandaient moins de boissons, \u00e9vitaient les desserts ou choisissaient quelque chose \u00e0 partager.<\/p>\n<p>Il a \u00e9galement not\u00e9 que \u00ab de nombreuses r\u00e9servations se faisaient tr\u00e8s tard \u00bb. <\/p>\n<p>M. Barth\u00e9l\u00e9my a dit que le profil des visiteurs \u00e9tait rest\u00e9 globalement similaire, des touristes fran\u00e7ais et europ\u00e9ens, y compris du Royaume-Uni, continuant \u00e0 repr\u00e9senter une grande partie du march\u00e9.<\/p>\n<p>Le tourisme de luxe dans des destinations \u00e9tablies comme la C\u00f4te d\u2019Azur, a-t-il ajout\u00e9, semble avoir \u00e9t\u00e9 largement \u00e9pargn\u00e9, sans changement significatif sur le haut de gamme.<\/p>\n<p>Pour Barth\u00e9l\u00e9my, toutefois, le plus grand changement structurel en 2026 n\u2019est pas li\u00e9 au temps mais \u00e0 la confiance.<\/p>\n<p>\u00ab Il y a un manque de confiance \u00bb, a-t-il d\u00e9clar\u00e9, pointant l\u2019instabilit\u00e9 g\u00e9opolitique et les tensions politiques internes comme des facteurs affectant la confiance des consommateurs.<\/p>\n<p>Les gens sont moins enclins \u00e0 d\u00e9penser ou \u00e0 partir en vacances lorsqu\u2019ils manquent \u00ab d\u2019espoir \u00bb et de \u00ab confiance \u00bb, a-t-il ajout\u00e9, deux \u00e9l\u00e9ments n\u00e9cessaires pour soutenir le pouvoir d\u2019achat.<\/p>\n<h3>Plus de visiteurs pourraient voyager plus tard<\/h3>\n<p>Le d\u00e9but d\u2019ao\u00fbt plus faible n\u2019a pas \u00e9t\u00e9 suivi par une chute similaire dans les r\u00e9servations ult\u00e9rieures.<\/p>\n<p>Les r\u00e9servations pour la seconde moiti\u00e9 d\u2019ao\u00fbt sont en avance de deux \u00e0 cinq points sur l\u2019an dernier selon certains jours. Les r\u00e9servations de septembre se situent actuellement autour du m\u00eame niveau qu\u2019en 2025 ou l\u00e9g\u00e8rement plus \u00e9lev\u00e9es.<\/p>\n<p>La premi\u00e8re semaine de septembre se porte aussi bien, avec des r\u00e9servations en avance de deux \u00e0 six points par rapport \u00e0 l\u2019an dernier, bien que certaines r\u00e9servations pour le mois restent encore \u00e0 effectuer.<\/p>\n<p>Ces chiffres sugg\u00e8rent qu\u2019une partie de la demande pour les semaines les plus charg\u00e9es de l\u2019\u00e9t\u00e9 pourrait se d\u00e9caler vers la fin de la saison.<\/p>\n<p>Cependant, M. Barth\u00e9l\u00e9my est moins convaincu que cela se traduise par une saison plus longue. La plupart des familles fran\u00e7aises avec enfants sont d\u00e9j\u00e0 revenues pour la nouvelle ann\u00e9e scolaire, a-t-il dit, et les gens ne prennent g\u00e9n\u00e9ralement pas de cong\u00e9s aussi fr\u00e9quemment une fois que l\u2019ann\u00e9e scolaire a commenc\u00e9.<\/p>\n<p>Si vous travaillez dans le secteur du tourisme, comment a \u00e9t\u00e9 votre \u00e9t\u00e9 2026 ? Correspondait-il \u00e0 cette annonce ? Dites-le nous \u00e0 <span class=\"font-weight-black m-font-weight-black \" data-lab-font_weight=\"font-weight-black\">feedback@connexionfrance.com<\/span>\u00a0<\/p>\n<\/div>\n<p><script >!function(f,b,e,v,n,t,s)\n{if(f.fbq)return;n=f.fbq=function(){n.callMethod?\nn.callMethod.apply(n,arguments):n.queue.push(arguments)};\nif(!f._fbq)f._fbq=n;n.push=n;n.loaded=!0;n.version='2.0';\nn.queue=[];t=b.createElement(e);t.async=!0;\nt.src=v;s=b.getElementsByTagName(e)[0];\ns.parentNode.insertBefore(t,s)}(window, document,'script',\n'https:\/\/connect.facebook.net\/en_US\/fbevents.js');\nfbq('init', '1199707312045186');\nfbq('track', 'PageView');<\/script><\/p>\n","protected":false},"excerpt":{"rendered":"<p>Le secteur du tourisme en France s\u2019est bien comport\u00e9 cet \u00e9t\u00e9 malgr\u00e9 des p\u00e9riodes de chaleur record, des incendies de for\u00eat et une incertitude g\u00e9opolitique &#8211; mais la carte des vacances traditionnelle du pays a commenc\u00e9 \u00e0 \u00e9voluer. Des premiers chiffres d&rsquo;Alliance France Tourisme, un think tank de l&rsquo;industrie touristique, montrent que le secteur a [&hellip;]<\/p>\n","protected":false},"author":1,"featured_media":2304,"comment_status":"open","ping_status":"open","sticky":false,"template":"","format":"standard","meta":{"footnotes":""},"categories":[1],"tags":[],"class_list":["post-2303","post","type-post","status-publish","format-standard","has-post-thumbnail","hentry","category-non-classe"],"_links":{"self":[{"href":"https:\/\/www.rachida-dati.eu\/actualites\/wp-json\/wp\/v2\/posts\/2303","targetHints":{"allow":["GET"]}}],"collection":[{"href":"https:\/\/www.rachida-dati.eu\/actualites\/wp-json\/wp\/v2\/posts"}],"about":[{"href":"https:\/\/www.rachida-dati.eu\/actualites\/wp-json\/wp\/v2\/types\/post"}],"author":[{"embeddable":true,"href":"https:\/\/www.rachida-dati.eu\/actualites\/wp-json\/wp\/v2\/users\/1"}],"replies":[{"embeddable":true,"href":"https:\/\/www.rachida-dati.eu\/actualites\/wp-json\/wp\/v2\/comments?post=2303"}],"version-history":[{"count":1,"href":"https:\/\/www.rachida-dati.eu\/actualites\/wp-json\/wp\/v2\/posts\/2303\/revisions"}],"predecessor-version":[{"id":2305,"href":"https:\/\/www.rachida-dati.eu\/actualites\/wp-json\/wp\/v2\/posts\/2303\/revisions\/2305"}],"wp:featuredmedia":[{"embeddable":true,"href":"https:\/\/www.rachida-dati.eu\/actualites\/wp-json\/wp\/v2\/media\/2304"}],"wp:attachment":[{"href":"https:\/\/www.rachida-dati.eu\/actualites\/wp-json\/wp\/v2\/media?parent=2303"}],"wp:term":[{"taxonomy":"category","embeddable":true,"href":"https:\/\/www.rachida-dati.eu\/actualites\/wp-json\/wp\/v2\/categories?post=2303"},{"taxonomy":"post_tag","embeddable":true,"href":"https:\/\/www.rachida-dati.eu\/actualites\/wp-json\/wp\/v2\/tags?post=2303"}],"curies":[{"name":"wp","href":"https:\/\/api.w.org\/{rel}","templated":true}]}}