{"id":2306,"date":"2026-09-05T03:43:21","date_gmt":"2026-09-05T01:43:21","guid":{"rendered":"https:\/\/www.rachida-dati.eu\/actualites\/alertes-meteo-en-france-meteo-france-ajoute-des-cartes-dalertes-locales\/"},"modified":"2026-09-05T03:43:22","modified_gmt":"2026-09-05T01:43:22","slug":"alertes-meteo-en-france-meteo-france-ajoute-des-cartes-dalertes-locales","status":"publish","type":"post","link":"https:\/\/www.rachida-dati.eu\/actualites\/alertes-meteo-en-france-meteo-france-ajoute-des-cartes-dalertes-locales\/","title":{"rendered":"Alertes m\u00e9t\u00e9o en France : M\u00e9t\u00e9o-France ajoute des cartes d\u2019alertes locales"},"content":{"rendered":"<div data-element-guid=\"7f7332a5-aca0-4fee-9990-ec700b171346\">\n<p data-tag=\"news\" style=\"\" class=\" lab-article-section lab-article-section-top \">\n                    Actualit\u00e9s\n                <\/p>\n<p class=\"subtitle \" style=\"\">Seules certaines zones des d\u00e9partements peuvent voir les niveaux d&rsquo;alerte fluctuer<\/p>\n<\/p>\n<\/div>\n<div data-element-guid=\"ce6378e9-99fe-4aa3-91b1-0761b0446386\">\n<p><!-- placeholder(#1) --><\/p>\n<p>Le pr\u00e9visionniste d&rsquo;\u00c9tat fran\u00e7ais <span class=\"italic m-italic \" data-lab-italic=\"italic\">M\u00e9t\u00e9o France <\/span>affine ses rapports m\u00e9t\u00e9orologiques afin de proposer des pr\u00e9visions plus pr\u00e9cises, bas\u00e9es sur la g\u00e9ographie locale et des informations exactes.<\/p>\n<p>Cela inclut des informations plus localis\u00e9es sur quatre types d&rsquo;\u00e9v\u00e9nements m\u00e9t\u00e9orologiques : orages, neige\/glace, vent et pluie\/inondations \u00e9clairs.<\/p>\n<p>Ceci s&rsquo;ajoute aux alertes localis\u00e9es pour les avalanches et les inondations c\u00f4ti\u00e8res d\u00e9j\u00e0 disponibles.<\/p>\n<p>Toutes ces conditions peuvent voir les alertes m\u00e9t\u00e9orologiques activ\u00e9es en utilisant le <span class=\"font-weight-bold m-font-weight-bold \" data-lab-font_weight=\"font-weight-bold\">syst\u00e8me de codage couleur du pr\u00e9visionniste<\/span>.<\/p>\n<p>Les nouveaux rapports seront moins ax\u00e9s sur des avertissements \u00e0 l&rsquo;\u00e9chelle du d\u00e9partement et plus sur des \u00e9v\u00e9nements locaux.<\/p>\n<p>Cela signifie que dans certains cas, les alertes m\u00e9t\u00e9orologiques officielles ne s&rsquo;appliqueront qu&rsquo;\u00e0 certaines zones d&rsquo;un d\u00e9partement. Des emplacements sp\u00e9cifiques peuvent donc voir des avertissements plus \u00e9lev\u00e9s ou plus bas que le reste du d\u00e9partement.<\/p>\n<h2>Orages et soleil dans un seul d\u00e9partement<\/h2>\n<p>Les am\u00e9liorations ciblent des d\u00e9partements tels que la Haute-Garonne, qui peuvent conna\u00eetre des conditions dramatiquement diff\u00e9rentes entre la vall\u00e9e de la Garonne (o\u00f9 se trouvent la capitale Toulouse et une grande partie de la population du d\u00e9partement) et les zones rurales montagneuses au sud.<\/p>\n<p>Par exemple, le 1er septembre, le d\u00e9partement \u00e9tait sous avertissement pour orages, alors que Toulouse m\u00eame \u00e9tait ensoleill\u00e9e et s\u00e8che toute la journ\u00e9e.<\/p>\n<p>\u00ab Ma belle-s\u0153ur habite \u00e0 12 km de chez moi. Parfois elle a des orages; nous nous appelons, et pendant qu\u2019elle g\u00e8re cela, j\u2019ai du soleil et du beau temps, \u00bb a d\u00e9clar\u00e9 un habitant de Toulouse \u00e0 FranceInfo.<\/p>\n<p>\u00ab Les d\u00e9partements ne sont pas du tout uniformes, \u00bb a d\u00e9clar\u00e9 un autre.<\/p>\n<p>\u00ab Prenez [La Haute-Garonne] : la partie sud du d\u00e9partement est loin, et avec les Pyr\u00e9n\u00e9es \u00e0 proximit\u00e9, le temps l\u00e0-bas est compl\u00e8tement diff\u00e9rent de ce que nous vivons ici ou dans la partie nord du d\u00e9partement. \u00bb<\/p>\n<p>Cela ne signifie pas pour autant que les avertissements seront r\u00e9duits pour le d\u00e9partement.<\/p>\n<p>\u00ab Lorsque la carte d\u2019un d\u00e9partement affiche plusieurs couleurs d\u2019alerte, le niveau de danger attribu\u00e9 au d\u00e9partement dans son ensemble demeure le plus \u00e9lev\u00e9 des couleurs affich\u00e9es, \u00bb a d\u00e9clar\u00e9 <span class=\"italic m-italic \" data-lab-italic=\"italic\">M\u00e9t\u00e9o France<\/span> lors de l\u2019annonce du changement.<\/p>\n<p>Ce n\u2019est que lorsqu\u2019une personne consulte le site web de <span class=\"italic m-italic \" data-lab-italic=\"italic\">M\u00e9t\u00e9o France<\/span> et clique sur son d\u00e9partement qu\u2019elle verra les niveaux d\u2019alerte exacts sur une carte plus d\u00e9taill\u00e9e, sinon les cartes g\u00e9n\u00e9rales (sur les r\u00e9seaux sociaux, etc.) coloreront l\u2019ensemble du d\u00e9partement.<\/p>\n<p>Cela permettra \u00e9galement aux pr\u00e9visionnistes d\u2019augmenter temporairement les avertissements \u00e0 leur niveau maximal pour une zone sp\u00e9cifique, sans avoir \u00e0 placer tout le d\u00e9partement au niveau d\u2019alerte le plus \u00e9lev\u00e9, rouge.<\/p>\n<p>\u00ab Nous pouvons d\u00e9sormais affirmer que, dans certains secteurs d\u2019un d\u00e9partement, Seine-Maritime par exemple, les vitesses du vent d\u00e9passeront les seuils d\u2019alerte rouge, \u00bb a d\u00e9clar\u00e9 Beno\u00eet Thom\u00e9, Directeur des Relations Institutionnelles chez <span class=\"italic m-italic \" data-lab-italic=\"italic\">M\u00e9t\u00e9o France<\/span> \u00e0 <span class=\"italic m-italic \" data-lab-italic=\"italic\">FranceInfo<\/span>.<\/p>\n<p>Cela signifie \u00ab le danger sera bien plus grand que dans les zones restant au niveau d\u2019alerte orange, \u00bb mais les alertes rouges n\u2019ont pas \u00e0 \u00eatre d\u00e9clench\u00e9es partout.<\/p>\n<p>Ces avanc\u00e9es permettront \u00e9galement au pr\u00e9visionniste de travailler plus \u00e9troitement avec les services d\u2019urgence et les autorit\u00e9s locales, en identifiant pr\u00e9cis\u00e9ment o\u00f9 l\u2019aide sera la plus n\u00e9cessaire pendant et imm\u00e9diatement apr\u00e8s des \u00e9v\u00e9nements m\u00e9t\u00e9orologiques intenses.<\/p>\n<p>Pour plus d\u2019informations sur la fa\u00e7on de consulter les rapports m\u00e9t\u00e9o en temps r\u00e9el, lisez notre article <span class=\"font-weight-bold m-font-weight-bold \" data-lab-font_weight=\"font-weight-bold\">ici<\/span>.<\/p>\n<p>La vid\u00e9o ci-dessous explique comment les cartes fonctionneront et donne des exemples.<\/p>\n<div data-element-guid=\"9c1d4b6d-21ff-4dfb-8620-f93222fceabe\" id=\"markup_812882\" class=\"markupbox column small-12 large-12 small-abs-12 large-abs-12\">\n<p>            <iframe loading=\"lazy\" title=\"Tout savoir sur la Vigilance infra-d\u00e9partementale de M\u00e9t\u00e9o-France \" width=\"500\" height=\"281\" src=\"https:\/\/www.youtube.com\/embed\/q6iBpi_KHiY?feature=oembed\" frameborder=\"0\" allow=\"accelerometer; autoplay; clipboard-write; encrypted-media; gyroscope; picture-in-picture; web-share\" referrerpolicy=\"strict-origin-when-cross-origin\" allowfullscreen><\/iframe><\/p>\n<\/div>\n<h2>Des alertes de canicule plus pr\u00e9cises d\u00e8s le prochain \u00e9t\u00e9<\/h2>\n<p>Envisageant 2027, <span class=\"italic m-italic \" data-lab-italic=\"italic\">M\u00e9t\u00e9o France<\/span> pourrait d\u00e9ployer des alertes locales de canicule, permettant potentiellement \u00e0 certaines zones de grandes communes d\u2019\u00eatre plac\u00e9es sur des niveaux d\u2019alerte canicule diff\u00e9rents.<\/p>\n<p>Cela sera particuli\u00e8rement b\u00e9n\u00e9fique pour les zones c\u00f4ti\u00e8res et montagneuses o\u00f9 les temp\u00e9ratures int\u00e9rieures peuvent \u00eatre nettement plus \u00e9lev\u00e9es que celles du littoral, et pour tenir compte des diff\u00e9rences entre les zones urbaines et rurales.<\/p>\n<p>La France devrait affronter une <span class=\"font-weight-bold m-font-weight-bold \" data-lab-font_weight=\"font-weight-bold\">vague de chaleur en septembre ce week-end<\/span>, avec plusieurs d\u00e9partements d\u00e9j\u00e0 en alerte jaune canicule.<\/p>\n<\/div>\n<p><script >!function(f,b,e,v,n,t,s)\n{if(f.fbq)return;n=f.fbq=function(){n.callMethod?\nn.callMethod.apply(n,arguments):n.queue.push(arguments)};\nif(!f._fbq)f._fbq=n;n.push=n;n._v=n.version='2.0';\nn.queue=[];t=b.createElement(e);t.async=!0;\nt.src=v;s=b.getElementsByTagName(e)[0];\ns.parentNode.insertBefore(t,s)}(window, document,'script',\n'https:\/\/connect.facebook.net\/en_US\/fbevents.js');\nfbq('init', '1199707312045186');\nfbq('track', 'PageView');<\/script><\/p>\n","protected":false},"excerpt":{"rendered":"<p>Actualit\u00e9s Seules certaines zones des d\u00e9partements peuvent voir les niveaux d&rsquo;alerte fluctuer Le pr\u00e9visionniste d&rsquo;\u00c9tat fran\u00e7ais M\u00e9t\u00e9o France affine ses rapports m\u00e9t\u00e9orologiques afin de proposer des pr\u00e9visions plus pr\u00e9cises, bas\u00e9es sur la g\u00e9ographie locale et des informations exactes. Cela inclut des informations plus localis\u00e9es sur quatre types d&rsquo;\u00e9v\u00e9nements m\u00e9t\u00e9orologiques : orages, neige\/glace, vent et pluie\/inondations [&hellip;]<\/p>\n","protected":false},"author":1,"featured_media":2307,"comment_status":"open","ping_status":"open","sticky":false,"template":"","format":"standard","meta":{"footnotes":""},"categories":[1],"tags":[],"class_list":["post-2306","post","type-post","status-publish","format-standard","has-post-thumbnail","hentry","category-non-classe"],"_links":{"self":[{"href":"https:\/\/www.rachida-dati.eu\/actualites\/wp-json\/wp\/v2\/posts\/2306","targetHints":{"allow":["GET"]}}],"collection":[{"href":"https:\/\/www.rachida-dati.eu\/actualites\/wp-json\/wp\/v2\/posts"}],"about":[{"href":"https:\/\/www.rachida-dati.eu\/actualites\/wp-json\/wp\/v2\/types\/post"}],"author":[{"embeddable":true,"href":"https:\/\/www.rachida-dati.eu\/actualites\/wp-json\/wp\/v2\/users\/1"}],"replies":[{"embeddable":true,"href":"https:\/\/www.rachida-dati.eu\/actualites\/wp-json\/wp\/v2\/comments?post=2306"}],"version-history":[{"count":1,"href":"https:\/\/www.rachida-dati.eu\/actualites\/wp-json\/wp\/v2\/posts\/2306\/revisions"}],"predecessor-version":[{"id":2308,"href":"https:\/\/www.rachida-dati.eu\/actualites\/wp-json\/wp\/v2\/posts\/2306\/revisions\/2308"}],"wp:featuredmedia":[{"embeddable":true,"href":"https:\/\/www.rachida-dati.eu\/actualites\/wp-json\/wp\/v2\/media\/2307"}],"wp:attachment":[{"href":"https:\/\/www.rachida-dati.eu\/actualites\/wp-json\/wp\/v2\/media?parent=2306"}],"wp:term":[{"taxonomy":"category","embeddable":true,"href":"https:\/\/www.rachida-dati.eu\/actualites\/wp-json\/wp\/v2\/categories?post=2306"},{"taxonomy":"post_tag","embeddable":true,"href":"https:\/\/www.rachida-dati.eu\/actualites\/wp-json\/wp\/v2\/tags?post=2306"}],"curies":[{"name":"wp","href":"https:\/\/api.w.org\/{rel}","templated":true}]}}