{"id":2312,"date":"2026-09-05T12:43:55","date_gmt":"2026-09-05T10:43:55","guid":{"rendered":"https:\/\/www.rachida-dati.eu\/actualites\/magazines-francais-suspension-de-lenvoi-des-editions-imprimees-vers-les-etats-unis-en-raison-des-regles-douanieres\/"},"modified":"2026-09-05T12:43:56","modified_gmt":"2026-09-05T10:43:56","slug":"magazines-francais-suspension-de-lenvoi-des-editions-imprimees-vers-les-etats-unis-en-raison-des-regles-douanieres","status":"publish","type":"post","link":"https:\/\/www.rachida-dati.eu\/actualites\/magazines-francais-suspension-de-lenvoi-des-editions-imprimees-vers-les-etats-unis-en-raison-des-regles-douanieres\/","title":{"rendered":"Magazines fran\u00e7ais : suspension de l\u2019envoi des \u00e9ditions imprim\u00e9es vers les \u00c9tats\u2011Unis en raison des r\u00e8gles douani\u00e8res"},"content":{"rendered":"<div data-element-guid=\"ce6378e9-99fe-4aa3-91b1-0761b0446386\">\n<p><!-- placeholder(#1) --><\/p>\n<p>Au milieu des probl\u00e8mes d&rsquo;envoi persistants entre les \u00c9tats-Unis et la France, des co\u00fbts accrus ont cibl\u00e9 un produit pour le moins inattendu \u2013 les magazines fran\u00e7ais.<\/p>\n<p>Les autorit\u00e9s douani\u00e8res am\u00e9ricaines ont commenc\u00e9 \u00e0 consid\u00e9rer les magazines et les journaux comme des \u00ab marchandises \u00bb cet \u00e9t\u00e9, ce qui a entra\u00een\u00e9 davantage de droits et de formalit\u00e9s, selon La Poste. En cons\u00e9quence de ce changement, entr\u00e9 en vigueur en juillet, les co\u00fbts d&rsquo;exp\u00e9dition ont fortement augment\u00e9 et plusieurs publications fran\u00e7aises ont suspendu leur service d&rsquo;envoi imprim\u00e9 vers les \u00c9tats-Unis.<\/p>\n<p>Cela a surpris cet \u00e9t\u00e9 des lecteurs de longue date comme Mike Cooper.<\/p>\n<p>Cet habitant de G\u00e9orgie, \u00e2g\u00e9 de 71 ans, est \u00e0 moiti\u00e9 fran\u00e7ais, \u00e0 moiti\u00e9 anglais, mari\u00e9 \u00e0 une Fran\u00e7aise et s&rsquo;int\u00e9resse depuis longtemps \u00e0 la culture fran\u00e7aise. Il est abonn\u00e9 \u00e0 <span class=\"italic m-italic \" data-lab-italic=\"italic\">T\u00e9l\u00e9rama<\/span> depuis plus de vingt ans et \u00e0 <span class=\"italic m-italic \" data-lab-italic=\"italic\">Le Nouvel Obs<\/span> depuis trois ans.<\/p>\n<p>Lorsque les deux publications ont cess\u00e9 d&rsquo;arriver dans son courrier cet \u00e9t\u00e9, il a contact\u00e9 le service client, qui l&rsquo;a inform\u00e9 qu&rsquo;un changement dans la politique douani\u00e8re am\u00e9ricaine rendait la livraison vers son pays trop co\u00fbteuse.<\/p>\n<p>\u00ab\u00a0C&rsquo;est fou,\u00a0\u00bb a-t-il d\u00e9clar\u00e9 \u00e0 <span class=\"italic m-italic \" data-lab-italic=\"italic\">The Connexion<\/span>. \u00ab\u00a0Pour moi, il est tr\u00e8s \u00e9trange qu&rsquo;une restriction douani\u00e8re qui impliquerait normalement un colis de valeur couvre des publications.\u00a0\u00bb<\/p>\n<figure data-element-guid=\"ce984c98-7528-4642-89c5-bf36781a47d4\" class=\"column desktop-floatLeft mobile-floatLeft small-12 large-4 small-abs-12 large-abs-4\">\n<div class=\"content \" style=\"\">\n<div class=\"img fullwidthTarget\">\n            <picture><source  width=\"339\" height=\"594\" media=\"(min-width: 768px)\" type=\"image\/webp\"><source  width=\"339\" height=\"594\" media=\"(min-width: 768px)\" type=\"image\/jpeg\"><source  width=\"480\" height=\"840\" media=\"(max-width: 767px)\" type=\"image\/webp\"><source  width=\"480\" height=\"840\" media=\"(max-width: 767px)\" type=\"image\/jpeg\"><\/source><\/source><\/source><\/source><\/picture>\n                    <\/div>\n<\/p><\/div>\n<\/figure>\n<p>M. Cooper, qui a aussi \u00e9t\u00e9 abonn\u00e9 par le pass\u00e9 \u00e0 d&rsquo;autres publications fran\u00e7aises, a d\u00e9clar\u00e9 que ce genre de situation ne s&rsquo;\u00e9tait jamais produit auparavant.<\/p>\n<p>Le fardeau accru des livraisons pour les journaux et magazines fran\u00e7ais survient \u00e0 un moment o\u00f9 les Am\u00e9ricains font \u00e9tat de difficult\u00e9s pour envoyer des lettres, des bulletins de vote et des colis vers la France. De plus, La Poste a d\u00e9clar\u00e9 \u00e0 <span class=\"italic m-italic \" data-lab-italic=\"italic\">The Connexion<\/span> en ao\u00fbt que l&rsquo;envoi d&rsquo;une lettre vers les \u00c9tats\u2011Unis avec accus\u00e9 de r\u00e9ception est d\u00e9sormais suspendu. Cela concerne particuli\u00e8rement ceux qui envoient des formulaires fiscaux depuis la France.<\/p>\n<p>Ces interruptions des services postaux font suite \u00e0 la suppression, en ao\u00fbt dernier, de l&rsquo;exon\u00e9ration de droits de douane d\u00e9nomm\u00e9e minimis de 800 dollars. Cette modification de politique a entra\u00een\u00e9 une suspension temporaire des envois \u00e0 destination des \u00c9tats\u2011Unis qui a ensuite \u00e9t\u00e9 assouplie. Cependant, des probl\u00e8mes persistent pour les lettres, les colis et les publications circulant entre les deux pays.<\/p>\n<p>La Protection des Douanes et de la Fronti\u00e8re des \u00c9tats\u2011Unis a apport\u00e9 ces r\u00e9centes modifications \u00e0 certaines livraisons de faible valeur afin de \u00ab recueillir les informations n\u00e9cessaires pour \u00e9valuer l&rsquo;admissibilit\u00e9, les droits, les taxes et d&rsquo;autres exigences juridiques \u00bb, a \u00e9crit un porte-parole de l&rsquo;agence dans un courriel adress\u00e9 \u00e0 <span class=\"italic m-italic \" data-lab-italic=\"italic\">The Connexion<\/span>.<\/p>\n<p>\u00ab Ces exigences ne sont pas sp\u00e9cifiques \u00e0 la France et s&rsquo;appliquent g\u00e9n\u00e9ralement en fonction du type d&rsquo;envoi et du mode d&rsquo;entr\u00e9e, et non du pays d&rsquo;origine uniquement \u00bb, selon leur d\u00e9claration.<\/p>\n<p>Dans un courriel adress\u00e9 \u00e0 <span class=\"italic m-italic \" data-lab-italic=\"italic\">The Connexion<\/span>, La Poste a \u00e9crit que la politique n&rsquo;est pas une \u00ab interdiction g\u00e9n\u00e9rale d&rsquo;envoyer des journaux vers les \u00c9tats\u2011Unis \u00bb. <\/p>\n<p>\u00ab Les publications peuvent encore \u00eatre exp\u00e9di\u00e9es en utilisant une solution d&rsquo;exp\u00e9dition adapt\u00e9e, telle que Delivengo, avec une d\u00e9claration CN23 \u00e9lectronique, une d\u00e9claration en douane sans papier pour les \u00c9tats\u2011Unis, et un code-barres appos\u00e9 sur chaque envoi \u00bb, selon le service postal.<\/p>\n<p>Cependant, certaines publications ont trouv\u00e9 ces co\u00fbts trop \u00e9lev\u00e9s.<\/p>\n<p>Pour T\u00e9l\u00e9rama, qui compte moins de 10 abonn\u00e9s imprim\u00e9s aux \u00c9tats\u2011Unis, il \u00e9tait plus logique de suspendre la livraison imprim\u00e9e \u00e0 ces quelques clients et de leur proposer un abonnement en ligne, a confi\u00e9 \u00e0 The Connexion un membre de l&rsquo;\u00e9quipe marketing du magazine.<\/p>\n<p>\u00c0 cela s&rsquo;ajoutait le fait que les co\u00fbts d&rsquo;affranchissement vers les \u00c9tats\u2011Unis \u00e9taient d\u00e9j\u00e0 \u00e9lev\u00e9s.<\/p>\n<p>La d\u00e9cision de suspension en juillet est intervenue apr\u00e8s que T\u00e9l\u00e9rama a re\u00e7u une lettre de La Poste fin juin, indiquant que le service postal ne prendrait plus en charge les livraisons de presse vers les \u00c9tats\u2011Unis en raison des co\u00fbts et des contraintes impos\u00e9es par le changement de politique am\u00e9ricain.<\/p>\n<p>Bien qu&rsquo;ils n&rsquo;aient initialement pas pr\u00e9vu d&rsquo;arr\u00eater le service, les nouvelles formalit\u00e9s et la n\u00e9cessit\u00e9 de trouver un autre prestataire de livraison ont simplement rendu la chose trop co\u00fbteuse, selon le membre de l&rsquo;\u00e9quipe marketing.<\/p>\n<p>L&rsquo;abonnement num\u00e9rique offre tout le m\u00eame contenu.<\/p>\n<p>Une fois qu&rsquo;il a compris que les magazines ne parvenaient plus, M. Cooper a d\u00e9clar\u00e9 que T\u00e9l\u00e9rama et Le Nouvel Obs s&rsquo;\u00e9taient excus\u00e9s d&rsquo;expliquer la situation. T\u00e9l\u00e9rama lui aurait indiqu\u00e9 que d&rsquo;autres Am\u00e9ricains avaient pris contact avec leur publication \u00e0 ce sujet.<\/p>\n<p>M. Cooper a ajout\u00e9 qu&rsquo;il envisageait d&rsquo;\u00e9crire aux deux s\u00e9nateurs am\u00e9ricains repr\u00e9sentant la G\u00e9orgie au sujet de cet \u00ab effet secondaire frustrant \u00bb de la politique tarifaire am\u00e9ricaine d\u00e9sormais plus agressive.<\/p>\n<p>\u00ab Vous bloquez le flux d&rsquo;informations en provenance d&rsquo;un pays ami \u00bb, a-t-il d\u00e9clar\u00e9. \u00ab \u00c0 quoi sert tout cela ? \u00bb<\/p>\n<p>Le Nouvel Obs, qui a commenc\u00e9 sa suspension le 16 juillet, a d\u00e9clar\u00e9 \u00e0 The Connexion qu&rsquo;il n&rsquo;y a pas de date de fin pour la suspension mais que \u00ab tous nos abonn\u00e9s aux \u00c9tats\u2011Unis sont touch\u00e9s \u00bb.<\/p>\n<p>Toute la presse fran\u00e7aise a \u00e9t\u00e9 affect\u00e9e par cette d\u00e9cision, qui a mis fin \u00e0 la pratique de longue date consistant \u00e0 taxer les journaux et les magazines comme des lettres, \u00e9crit S\u00e9bastien Bacchialoni, directeur des abonnements et de la vente par correspondance du <span class=\"italic m-italic \" data-lab-italic=\"italic\">Le Nouvel Obs<\/span>, dans un courriel :<\/p>\n<p>\u00ab Quoi qu&rsquo;il en soit, notre priorit\u00e9 reste d&rsquo;assurer l&rsquo;acc\u00e8s \u00e0 notre contenu pendant une p\u00e9riode cruciale pour les \u00c9tats\u2011Unis (les \u00e9lections de mi-mandat \u00e0 l&rsquo;automne) et pour la France (l&rsquo;\u00e9lection pr\u00e9sidentielle de 2027), et de livrer le magazine imprim\u00e9 \u00e0 nos lecteurs. \u00bb<\/p>\n<p>Malgr\u00e9 les perturbations concernant ses abonnements fran\u00e7ais, M. Cooper a d\u00e9clar\u00e9 que Private Eye et Radio Times \u2013 des publications britanniques \u2013 arrivaient toujours correctement \u00e0 son adresse am\u00e9ricaine. Cela malgr\u00e9 le fait que l&rsquo;envoi porte les mentions de La Poste (bien que le distributeur global soit Asendia) et traverse la France sur le chemin des \u00c9tats\u2011Unis, a-t-il ajout\u00e9.<\/p>\n<p>La d\u00e9cision d&rsquo;arr\u00eater ou de poursuivre les envois vers les \u00c9tats\u2011Unis d\u00e9pend de la \u00ab capacit\u00e9 de l&rsquo;\u00e9diteur \u00e0 adapter ses processus aux nouvelles obligations de reporting, op\u00e9rationnelles et tarifaires \u00bb, a \u00e9crit La Poste.<\/p>\n<p>Ils pourraient aussi trouver un nouveau distributeur, mais pour Le Nouvel Obs, \u00ab l&rsquo;utilisation d&rsquo;un transporteur priv\u00e9 comme FedEx n&rsquo;est pas une option, car nous serions toujours soumis \u00e0 des surcharges douani\u00e8res am\u00e9ricaines, ce qui entra\u00eenerait un co\u00fbt suppl\u00e9mentaire trop \u00e9lev\u00e9 pour nous \u00bb, a \u00e9crit M. Bacchialoni.<\/p>\n<p>Bien que les abonnements en ligne restent une option, selon M. Cooper, il y a quelque chose d&rsquo;irrempla\u00e7able \u00e0 tenir un magazine papier dans ses mains et \u00e0 feuilleter les pages. Non seulement cela limite les distractions \u00e0 l&rsquo;\u00e9cran, mais recevoir r\u00e9guli\u00e8rement ces publications aide \u00e0 soutenir l&rsquo;industrie des m\u00e9dias imprim\u00e9s qui peine.<\/p>\n<p>\u00ab Je le trouve douloureux \u00bb, a-t-il d\u00e9clar\u00e9 au sujet de la situation actuelle concernant les magazines fran\u00e7ais. \u00ab Dans une perspective globale, cela contribue tout simplement \u00e0 la disparition des publications imprim\u00e9es. \u00bb<\/p>\n<\/div>\n<p><script >!function(f,b,e,v,n,t,s)\n{if(f.fbq)return;n=f.fbq=function(){n.callMethod?\nn.callMethod.apply(n,arguments):n.queue.push(arguments)};\nif(!f._fbq)f._fbq=n;n.push=n;n.loaded=!0;n.version='2.0';\nn.queue=[];t=b.createElement(e);t.async=!0;\nt.src=v;s=b.getElementsByTagName(e)[0];\ns.parentNode.insertBefore(t,s)}(window, document,'script',\n'https:\/\/connect.facebook.net\/en_US\/fbevents.js');\nfbq('init', '1199707312045186');\nfbq('track', 'PageView');<\/script><\/p>\n","protected":false},"excerpt":{"rendered":"<p>Au milieu des probl\u00e8mes d&rsquo;envoi persistants entre les \u00c9tats-Unis et la France, des co\u00fbts accrus ont cibl\u00e9 un produit pour le moins inattendu \u2013 les magazines fran\u00e7ais. Les autorit\u00e9s douani\u00e8res am\u00e9ricaines ont commenc\u00e9 \u00e0 consid\u00e9rer les magazines et les journaux comme des \u00ab marchandises \u00bb cet \u00e9t\u00e9, ce qui a entra\u00een\u00e9 davantage de droits et [&hellip;]<\/p>\n","protected":false},"author":1,"featured_media":2313,"comment_status":"open","ping_status":"open","sticky":false,"template":"","format":"standard","meta":{"footnotes":""},"categories":[1],"tags":[],"class_list":["post-2312","post","type-post","status-publish","format-standard","has-post-thumbnail","hentry","category-non-classe"],"_links":{"self":[{"href":"https:\/\/www.rachida-dati.eu\/actualites\/wp-json\/wp\/v2\/posts\/2312","targetHints":{"allow":["GET"]}}],"collection":[{"href":"https:\/\/www.rachida-dati.eu\/actualites\/wp-json\/wp\/v2\/posts"}],"about":[{"href":"https:\/\/www.rachida-dati.eu\/actualites\/wp-json\/wp\/v2\/types\/post"}],"author":[{"embeddable":true,"href":"https:\/\/www.rachida-dati.eu\/actualites\/wp-json\/wp\/v2\/users\/1"}],"replies":[{"embeddable":true,"href":"https:\/\/www.rachida-dati.eu\/actualites\/wp-json\/wp\/v2\/comments?post=2312"}],"version-history":[{"count":1,"href":"https:\/\/www.rachida-dati.eu\/actualites\/wp-json\/wp\/v2\/posts\/2312\/revisions"}],"predecessor-version":[{"id":2314,"href":"https:\/\/www.rachida-dati.eu\/actualites\/wp-json\/wp\/v2\/posts\/2312\/revisions\/2314"}],"wp:featuredmedia":[{"embeddable":true,"href":"https:\/\/www.rachida-dati.eu\/actualites\/wp-json\/wp\/v2\/media\/2313"}],"wp:attachment":[{"href":"https:\/\/www.rachida-dati.eu\/actualites\/wp-json\/wp\/v2\/media?parent=2312"}],"wp:term":[{"taxonomy":"category","embeddable":true,"href":"https:\/\/www.rachida-dati.eu\/actualites\/wp-json\/wp\/v2\/categories?post=2312"},{"taxonomy":"post_tag","embeddable":true,"href":"https:\/\/www.rachida-dati.eu\/actualites\/wp-json\/wp\/v2\/tags?post=2312"}],"curies":[{"name":"wp","href":"https:\/\/api.w.org\/{rel}","templated":true}]}}