{"id":2315,"date":"2026-09-05T13:44:17","date_gmt":"2026-09-05T11:44:17","guid":{"rendered":"https:\/\/www.rachida-dati.eu\/actualites\/incendie-dans-laude-sud-de-la-france-setend-sur-225-hectares\/"},"modified":"2026-09-05T13:44:19","modified_gmt":"2026-09-05T11:44:19","slug":"incendie-dans-laude-sud-de-la-france-setend-sur-225-hectares","status":"publish","type":"post","link":"https:\/\/www.rachida-dati.eu\/actualites\/incendie-dans-laude-sud-de-la-france-setend-sur-225-hectares\/","title":{"rendered":"Incendie dans l&rsquo;Aude, sud de la France, s&rsquo;\u00e9tend sur 225 hectares"},"content":{"rendered":"<div data-element-guid=\"7f7332a5-aca0-4fee-9990-ec700b171346\">\n<p data-tag=\"news\" style=\"\" class=\" lab-article-section lab-article-section-top \">\n                    news\n                <\/p>\n<p class=\"subtitle \" style=\"\">Journ\u00e9e critique pour les pompiers luttant pour contenir l&rsquo;incendie dans l&rsquo;Aude<\/p>\n<\/p>\n<\/div>\n<div data-element-guid=\"ce6378e9-99fe-4aa3-91b1-0761b0446386\">\n<p><!-- placeholder(#1) --><\/p>\n<p>Un incendie de for\u00eat dans le sud de la France s&rsquo;est propag\u00e9 sur 225 hectares de v\u00e9g\u00e9tation, les pompiers annon\u00e7ant une journ\u00e9e \u00ab critique \u00bb \u00e0 venir alors que les temp\u00e9ratures augmentent.<\/p>\n<p>L&rsquo;incendie s&rsquo;est d\u00e9clar\u00e9 vers 16h00 vendredi 4 septembre, dans la commune de Puilaurens, dans l&rsquo;Aude, et demeure actif aujourd&rsquo;hui (samedi).<\/p>\n<p>\u00ab Malgr\u00e9 des conditions plus cl\u00e9mentes pendant la nuit, le feu n&rsquo;a pas \u00e9t\u00e9 stabilis\u00e9 \u00bb, a indiqu\u00e9 la pr\u00e9fecture de l&rsquo;Aude dans une mise \u00e0 jour \u00e0 9h30.<\/p>\n<p>La surface touch\u00e9e avait augment\u00e9 \u00e0 225 hectares samedi matin, contre environ 150 hectares vendredi soir.<\/p>\n<p>Environ 350 pompiers sont actuellement mobilis\u00e9s et luttent contre l&rsquo;incendie, soutenus par 100 v\u00e9hicules. Un avion Dash et un h\u00e9licopt\u00e8re bombardier d&rsquo;eau lourd ont \u00e9galement \u00e9t\u00e9 d\u00e9ploy\u00e9s.<\/p>\n<p>De plus, la route RD117 reste ferm\u00e9e \u00e0 la circulation du giratoire de l&rsquo;Ours \u00e0 Quillan jusqu&rsquo;au Hameau de La Pradelle.<\/p>\n<p>Une unit\u00e9 d&rsquo;intervention sp\u00e9cialis\u00e9e par h\u00e9licopt\u00e8re a travaill\u00e9 toute la nuit dans des zones difficiles d&rsquo;acc\u00e8s pour les \u00e9quipes au sol et continuera d&rsquo;op\u00e9rer samedi.<\/p>\n<p>La pr\u00e9fecture a \u00e9galement averti que les temp\u00e9ratures tr\u00e8s \u00e9lev\u00e9es pr\u00e9vues au cours de la journ\u00e9e rendraient les conditions plus difficiles pour les pompiers.<\/p>\n<p>La pr\u00e9fecture a exhort\u00e9 le public \u00e0 \u00e9viter la zone afin de permettre aux services d&rsquo;urgence de travailler et de suivre les instructions des pompiers et des gendarmes.<\/p>\n<p>Elle a \u00e9galement exhort\u00e9 les habitants \u00e0 \u00e9viter d&rsquo;appeler inutilement les services d&rsquo;urgence et \u00e0 se fier aux sources officielles pour les mises \u00e0 jour.<\/p>\n<p>Les 32 personnes \u00e9vacu\u00e9es du hameau de Lavagnac par mesure de pr\u00e9caution ont \u00e9t\u00e9 autoris\u00e9es \u00e0 rentrer chez elles samedi matin.<\/p>\n<p>Cependant, la maire de Caudi\u00e8s-de-Fenouill\u00e8des, Agn\u00e8s Carr\u00e8re, a d\u00e9clar\u00e9 : \u00ab Tant que l&rsquo;incendie ne sera pas stabilis\u00e9, nous ne sommes pas en s\u00e9curit\u00e9 \u00bb, rapporte ICI Roussillon, ajoutant que de nouvelles \u00e9vacuations pourraient \u00eatre possibles.<\/p>\n<p>Vous pouvez suivre l&rsquo;\u00e9volution des incendies en France sur la carte publi\u00e9e par le service ind\u00e9pendant Feux Forets ici. Sur la carte, le rouge montre les incendies existants, l&rsquo;orange les incendies signal\u00e9s et le noir les incendies r\u00e9cemment \u00e9teints.<\/p>\n<\/div>\n<p><script >!function(f,b,e,v,n,t,s)\n{if(f.fbq)return;n=f.fbq=function(){n.callMethod?\nn.callMethod.apply(n,arguments):n.queue.push(arguments)};\nif(!f._fbq)f._fbq=n;n.push=n;n.loaded=!0;n.version='2.0';\nn.queue=[];t=b.createElement(e);t.async=!0;\nt.src=v;s=b.getElementsByTagName(e)[0];\ns.parentNode.insertBefore(t,s)}(window, document,'script',\n'https:\/\/connect.facebook.net\/en_US\/fbevents.js');\nfbq('init', '1199707312045186');\nfbq('track', 'PageView');<\/script><\/p>\n","protected":false},"excerpt":{"rendered":"<p>news Journ\u00e9e critique pour les pompiers luttant pour contenir l&rsquo;incendie dans l&rsquo;Aude Un incendie de for\u00eat dans le sud de la France s&rsquo;est propag\u00e9 sur 225 hectares de v\u00e9g\u00e9tation, les pompiers annon\u00e7ant une journ\u00e9e \u00ab critique \u00bb \u00e0 venir alors que les temp\u00e9ratures augmentent. L&rsquo;incendie s&rsquo;est d\u00e9clar\u00e9 vers 16h00 vendredi 4 septembre, dans la commune [&hellip;]<\/p>\n","protected":false},"author":1,"featured_media":2316,"comment_status":"open","ping_status":"open","sticky":false,"template":"","format":"standard","meta":{"footnotes":""},"categories":[1],"tags":[],"class_list":["post-2315","post","type-post","status-publish","format-standard","has-post-thumbnail","hentry","category-non-classe"],"_links":{"self":[{"href":"https:\/\/www.rachida-dati.eu\/actualites\/wp-json\/wp\/v2\/posts\/2315","targetHints":{"allow":["GET"]}}],"collection":[{"href":"https:\/\/www.rachida-dati.eu\/actualites\/wp-json\/wp\/v2\/posts"}],"about":[{"href":"https:\/\/www.rachida-dati.eu\/actualites\/wp-json\/wp\/v2\/types\/post"}],"author":[{"embeddable":true,"href":"https:\/\/www.rachida-dati.eu\/actualites\/wp-json\/wp\/v2\/users\/1"}],"replies":[{"embeddable":true,"href":"https:\/\/www.rachida-dati.eu\/actualites\/wp-json\/wp\/v2\/comments?post=2315"}],"version-history":[{"count":1,"href":"https:\/\/www.rachida-dati.eu\/actualites\/wp-json\/wp\/v2\/posts\/2315\/revisions"}],"predecessor-version":[{"id":2317,"href":"https:\/\/www.rachida-dati.eu\/actualites\/wp-json\/wp\/v2\/posts\/2315\/revisions\/2317"}],"wp:featuredmedia":[{"embeddable":true,"href":"https:\/\/www.rachida-dati.eu\/actualites\/wp-json\/wp\/v2\/media\/2316"}],"wp:attachment":[{"href":"https:\/\/www.rachida-dati.eu\/actualites\/wp-json\/wp\/v2\/media?parent=2315"}],"wp:term":[{"taxonomy":"category","embeddable":true,"href":"https:\/\/www.rachida-dati.eu\/actualites\/wp-json\/wp\/v2\/categories?post=2315"},{"taxonomy":"post_tag","embeddable":true,"href":"https:\/\/www.rachida-dati.eu\/actualites\/wp-json\/wp\/v2\/tags?post=2315"}],"curies":[{"name":"wp","href":"https:\/\/api.w.org\/{rel}","templated":true}]}}