{"id":2318,"date":"2026-09-05T15:42:53","date_gmt":"2026-09-05T13:42:53","guid":{"rendered":"https:\/\/www.rachida-dati.eu\/actualites\/prix-du-diesel-en-france-en-2026-comparez-les-tarifs-du-carburant-par-enseigne\/"},"modified":"2026-09-05T15:42:55","modified_gmt":"2026-09-05T13:42:55","slug":"prix-du-diesel-en-france-en-2026-comparez-les-tarifs-du-carburant-par-enseigne","status":"publish","type":"post","link":"https:\/\/www.rachida-dati.eu\/actualites\/prix-du-diesel-en-france-en-2026-comparez-les-tarifs-du-carburant-par-enseigne\/","title":{"rendered":"Prix du diesel en France en 2026 : comparez les tarifs du carburant par enseigne"},"content":{"rendered":"<div data-element-guid=\"7f7332a5-aca0-4fee-9990-ec700b171346\">\n<p data-tag=\"news\" style=\"\" class=\" lab-article-section lab-article-section-top \">\n                    actualit\u00e9s\n                <\/p>\n<p class=\"subtitle \" style=\"\">Les prix moyens des d\u00e9taillants nationaux diff\u00e8rent de plus de 20 \u20ac pour un r\u00e9servoir de 50 litres<\/p>\n<\/p>\n<\/div>\n<div data-element-guid=\"ce6378e9-99fe-4aa3-91b1-0761b0446386\">\n<p><!-- placeholder(#1) --><\/p>\n<p>Les prix du diesel augmentent en France depuis la mi-juillet, revenant \u00e0 des niveaux observ\u00e9s pour la derni\u00e8re fois en avril lorsque le conflit au Moyen-Orient a fait bondir les prix.<\/p>\n<p>Le prix moyen du diesel a atteint 2,261 \u20ac le litre le vendredi 4 septembre.<\/p>\n<p>Cela fait suite \u00e0 une baisse observ\u00e9e plus t\u00f4t en \u00e9t\u00e9 lorsque le diesel est tomb\u00e9 autour de 1,90 \u20ac le litre au d\u00e9but juillet, apr\u00e8s avoir atteint un sommet de 2,398 \u20ac en avril.<\/p>\n<p>Cependant, <span class=\"font-weight-black m-font-weight-black \" data-lab-font_weight=\"font-weight-black\">les prix ont continu\u00e9 de grimper<\/span> depuis la mi-juillet.<\/p>\n<h3>O\u00f9 le diesel est-il le moins cher ?<\/h3>\n<p>Les prix peuvent varier consid\u00e9rablement d\u2019un d\u00e9taillant \u00e0 l\u2019autre.<\/p>\n<p>Les chiffres du 4 septembre montrent qu\u2019Elan affichait le prix moyen le plus bas \u00e0 2,230 \u20ac le litre. Syst\u00e8me U et E.Leclerc \u00e9taient juste derri\u00e8re, tous deux \u00e0 2,233 \u20ac.<\/p>\n<p>TotalEnergies affichait en moyenne 2,245 \u20ac, tandis que Carrefour et Les Mousquetaires \u00e9taient \u00e0 2,248 \u20ac et 2,252 \u20ac respectivement.<\/p>\n<p>Du c\u00f4t\u00e9 des plus chers, le diesel affichait en moyenne 2,407 \u20ac chez Eni et 2,643 \u20ac chez Shell.<\/p>\n<p>Cela porte l\u2019\u00e9cart entre les moyennes les plus basses et les plus \u00e9lev\u00e9es des d\u00e9taillants dans cette comparaison \u00e0 41,3 centimes par litre. Pour un r\u00e9servoir de 50 litres, cette diff\u00e9rence revient \u00e0 20,65 \u20ac, bien que les d\u00e9taillants ne soient peut-\u00eatre pas pr\u00e9sents dans les m\u00eames zones g\u00e9ographiques.<\/p>\n<figure data-element-guid=\"90f4146e-867c-478e-b7f0-e5ca97c8ca3d\" class=\"column desktop-floatLeft mobile-floatLeft small-12 large-8 small-abs-12 large-abs-8\">\n<div class=\"content \" style=\"\">\n<div class=\"img fullwidthTarget\">\n            <picture><source  width=\"706\" height=\"954\" media=\"(min-width: 768px)\" type=\"image\/webp\"><source  width=\"706\" height=\"954\" media=\"(min-width: 768px)\" type=\"image\/jpeg\"><source  width=\"480\" height=\"648\" media=\"(max-width: 767px)\" type=\"image\/webp\"><source  width=\"480\" height=\"648\" media=\"(max-width: 767px)\" type=\"image\/jpeg\"><\/source><\/source><\/source><\/source><\/picture>\n                    <\/div>\n<\/p><\/div>\n<\/figure>\n<h3>Les prix pourraient encore augmenter<\/h3>\n<p>Cette hausse s\u2019accompagne d\u2019une pression croissante sur les march\u00e9s mondiaux du p\u00e9trole et du raffinage.<\/p>\n<p>\u00ab <span class=\"font-weight-black m-font-weight-black \" data-lab-font_weight=\"font-weight-black\">Nous n\u2019avons pas de probl\u00e8me de p\u00e9nurie<\/span>, nous avons un probl\u00e8me de prix \u00bb, a d\u00e9clar\u00e9 \u00e0 Franceinfo Philippe Casbas, pr\u00e9sident de l\u2019Ufip \u00c9nergies et Mobilit\u00e9s, l\u2019association fran\u00e7aise du secteur p\u00e9trolier et des \u00e9nergies liquides.<\/p>\n<p>Il a indiqu\u00e9 que le principal enjeu r\u00e9side actuellement dans la capacit\u00e9 de raffinage. Les raffineries du Golfe ne parviennent pas \u00e0 mettre leurs produits sur le march\u00e9, tandis que certaines raffineries russes ont \u00e9t\u00e9 endommag\u00e9es par des frappes ukrainiennes. Des op\u00e9rations de maintenance pr\u00e9vues dans les raffineries am\u00e9ricaines devraient \u00e9galement r\u00e9duire davantage la capacit\u00e9.<\/p>\n<p>Les stocks strat\u00e9giques de carburant de la France n&rsquo;ont pas encore \u00e9t\u00e9 enti\u00e8rement reconstitu\u00e9s non plus. M. Casbas a d\u00e9clar\u00e9 que les prix pourraient monter davantage si la situation s\u2019aggravait, mais il n\u2019y a pour le moment aucune pr\u00e9vision de p\u00e9nurie de carburant en France.<\/p>\n<\/div>\n<p><script >!function(f,b,e,v,n,t,s)\n{if(f.fbq)return;n=f.fbq=function(){n.callMethod?\nn.callMethod.apply(n,arguments):n.queue.push(arguments)};\nif(!f._fbq)f._fbq=n;n.push=n;n.loaded=!0;n.version='2.0';\nn.queue=[];t=b.createElement(e);t.async=!0;\nt.src=v;s=b.getElementsByTagName(e)[0];\ns.parentNode.insertBefore(t,s)}(window, document,'script',\n'https:\/\/connect.facebook.net\/en_US\/fbevents.js');\nfbq('init', '1199707312045186');\nfbq('track', 'PageView');<\/script><\/p>\n","protected":false},"excerpt":{"rendered":"<p>actualit\u00e9s Les prix moyens des d\u00e9taillants nationaux diff\u00e8rent de plus de 20 \u20ac pour un r\u00e9servoir de 50 litres Les prix du diesel augmentent en France depuis la mi-juillet, revenant \u00e0 des niveaux observ\u00e9s pour la derni\u00e8re fois en avril lorsque le conflit au Moyen-Orient a fait bondir les prix. Le prix moyen du diesel [&hellip;]<\/p>\n","protected":false},"author":1,"featured_media":2319,"comment_status":"open","ping_status":"open","sticky":false,"template":"","format":"standard","meta":{"footnotes":""},"categories":[1],"tags":[],"class_list":["post-2318","post","type-post","status-publish","format-standard","has-post-thumbnail","hentry","category-non-classe"],"_links":{"self":[{"href":"https:\/\/www.rachida-dati.eu\/actualites\/wp-json\/wp\/v2\/posts\/2318","targetHints":{"allow":["GET"]}}],"collection":[{"href":"https:\/\/www.rachida-dati.eu\/actualites\/wp-json\/wp\/v2\/posts"}],"about":[{"href":"https:\/\/www.rachida-dati.eu\/actualites\/wp-json\/wp\/v2\/types\/post"}],"author":[{"embeddable":true,"href":"https:\/\/www.rachida-dati.eu\/actualites\/wp-json\/wp\/v2\/users\/1"}],"replies":[{"embeddable":true,"href":"https:\/\/www.rachida-dati.eu\/actualites\/wp-json\/wp\/v2\/comments?post=2318"}],"version-history":[{"count":1,"href":"https:\/\/www.rachida-dati.eu\/actualites\/wp-json\/wp\/v2\/posts\/2318\/revisions"}],"predecessor-version":[{"id":2320,"href":"https:\/\/www.rachida-dati.eu\/actualites\/wp-json\/wp\/v2\/posts\/2318\/revisions\/2320"}],"wp:featuredmedia":[{"embeddable":true,"href":"https:\/\/www.rachida-dati.eu\/actualites\/wp-json\/wp\/v2\/media\/2319"}],"wp:attachment":[{"href":"https:\/\/www.rachida-dati.eu\/actualites\/wp-json\/wp\/v2\/media?parent=2318"}],"wp:term":[{"taxonomy":"category","embeddable":true,"href":"https:\/\/www.rachida-dati.eu\/actualites\/wp-json\/wp\/v2\/categories?post=2318"},{"taxonomy":"post_tag","embeddable":true,"href":"https:\/\/www.rachida-dati.eu\/actualites\/wp-json\/wp\/v2\/tags?post=2318"}],"curies":[{"name":"wp","href":"https:\/\/api.w.org\/{rel}","templated":true}]}}