{"id":2324,"date":"2026-09-05T19:42:29","date_gmt":"2026-09-05T17:42:29","guid":{"rendered":"https:\/\/www.rachida-dati.eu\/actualites\/canicule-en-france-previsions-du-week-end-40-c-attendus-dans-le-sud\/"},"modified":"2026-09-05T19:42:30","modified_gmt":"2026-09-05T17:42:30","slug":"canicule-en-france-previsions-du-week-end-40-c-attendus-dans-le-sud","status":"publish","type":"post","link":"https:\/\/www.rachida-dati.eu\/actualites\/canicule-en-france-previsions-du-week-end-40-c-attendus-dans-le-sud\/","title":{"rendered":"Canicule en France : pr\u00e9visions du week-end, 40 \u00b0C attendus dans le sud"},"content":{"rendered":"<div data-element-guid=\"7f7332a5-aca0-4fee-9990-ec700b171346\">\n<p data-tag=\"news\" style=\"\" class=\" lab-article-section lab-article-section-top \">\n                    Actualit\u00e9s\n                <\/p>\n<p class=\"subtitle \" style=\"\">Sept d\u00e9partements ont \u00e9t\u00e9 plac\u00e9s sous alerte orange canicule pour ce week-end<\/p>\n<\/p>\n<\/div>\n<div data-element-guid=\"ce6378e9-99fe-4aa3-91b1-0761b0446386\">\n<p><!-- placeholder(#1) --><\/p>\n<p>Les alertes canicule ont \u00e9t\u00e9 \u00e9tendues dans le sud de la France, avec des temp\u00e9ratures pouvant atteindre 40 \u00b0C dans certaines r\u00e9gions du pays ce week-end.<\/p>\n<p>Pour ce week-end, <span class=\"italic m-italic \" data-lab-italic=\"italic\">M\u00e9t\u00e9o-France<\/span> a plac\u00e9 sept d\u00e9partements sous alerte orange canicule : Ard\u00e8che, Aude, Dr\u00f4me, Gard, H\u00e9rault, Pyr\u00e9n\u00e9es-Orientales et Vaucluse\u00a0<\/p>\n<p>Dix d\u00e9partements suppl\u00e9mentaires sont plac\u00e9s sous alerte jaune canicule samedi : Ari\u00e8ge, Bouches-du-Rh\u00f4ne, Haute-Garonne, Gers, Is\u00e8re, Landes, Pyr\u00e9n\u00e9es-Atlantiques, Hautes-Pyr\u00e9n\u00e9es, Rh\u00f4ne et Var.<\/p>\n<p>Dimanche, l&rsquo;alerte jaune s&rsquo;\u00e9tend \u00e0 13 d\u00e9partements, Aveyron, Tarn et Tarn-et-Garonne \u00e9tant \u00e9galement concern\u00e9s.<\/p>\n<p>Le dispositif d&rsquo;alerte m\u00e9t\u00e9o \u00e0 quatre niveaux va du vert, signifiant qu&rsquo;aucune vigilance particuli\u00e8re n&rsquo;est requise, au jaune (restez en alerte), \u00e0 l&rsquo;orange (restez tr\u00e8s vigilant) et au rouge (vigilance absolue).\u00a0<\/p>\n<h3>Temp\u00e9ratures allant jusqu&rsquo;\u00e0 40 \u00b0C<\/h3>\n<p>Les temp\u00e9ratures les plus \u00e9lev\u00e9es de ce week-end seront concentr\u00e9es dans le Languedoc et la vall\u00e9e du Rh\u00f4ne.<\/p>\n<p>Samedi, les temp\u00e9ratures maximales devraient atteindre entre 36 \u00b0C et 38 \u00b0C dans une grande partie de la r\u00e9gion, avec 39 \u00b0C \u00e0 40 \u00b0C possibles dans l&rsquo;int\u00e9rieur du Languedoc.<\/p>\n<p>Perpignan pourrait atteindre 38 \u00b0C et Marseille 36 \u00b0C, tandis que les temp\u00e9ratures seront plus basses sur la Riviera, avec environ 29 \u00b0C attendues \u00e0 Nice.<\/p>\n<p>Plus \u00e0 l&rsquo;ouest, les temp\u00e9ratures resteront \u00e9lev\u00e9es mais seront l\u00e9g\u00e8rement inf\u00e9rieures \u00e0 celles de vendredi. Toulouse pourrait atteindre 35 \u00b0C, Bordeaux 34 \u00b0C et Limoges 33 \u00b0C.<\/p>\n<p>Le nord de la France sera bien plus frais, avec des temp\u00e9ratures maximales d&rsquo;environ 23 \u00b0C \u00e0 Lille, 25 \u00b0C \u00e0 Brest et 26 \u00b0C \u00e0 Paris.<\/p>\n<figure data-element-guid=\"229df204-8d7c-4871-9c66-346ecae4a09f\" class=\"column desktop-floatLeft mobile-floatLeft small-12 large-8 small-abs-12 large-abs-8\">\n<div class=\"content \" style=\"\">\n<div class=\"img fullwidthTarget\">\n            <picture><source  width=\"706\" height=\"1342\" media=\"(min-width: 768px)\" type=\"image\/webp\"><source  width=\"706\" height=\"1342\" media=\"(min-width: 768px)\" type=\"image\/jpeg\"><source  width=\"480\" height=\"912\" media=\"(max-width: 767px)\" type=\"image\/webp\"><source  width=\"480\" height=\"912\" media=\"(max-width: 767px)\" type=\"image\/jpeg\"><\/source><\/source><\/source><\/source><\/picture>\n                    <\/div>\n<\/p><\/div>\n<\/figure>\n<h3>La chaleur se propagera vers le nord dimanche<\/h3>\n<p>La chaleur se poursuivra dimanche. Les temp\u00e9ratures maximales devraient atteindre entre 27 \u00b0C et 33 \u00b0C dans le nord de la France, avec environ 25 \u00b0C possibles pr\u00e8s de la Manche.<\/p>\n<p>Dans le sud, les temp\u00e9ratures resteront entre 32 \u00b0C et 37 \u00b0C, avec des maxima locaux de 36 \u00b0C \u00e0 38 \u00b0C dans certaines parties du Midi-Pyr\u00e9n\u00e9es et de la basse vall\u00e9e du Rh\u00f4ne.<\/p>\n<p>L&rsquo;ouest de la France pourrait conna\u00eetre des conditions plus instables. Des averses et des orages isol\u00e9s sont possibles \u00e0 partir de certaines parties de Poitou-Charentes et du Limousin vers les Pays de la Loire, le Centre-Val de Loire, la Normandie et la Bretagne.<\/p>\n<p>Cette chaleur survient apr\u00e8s que M\u00e9t\u00e9o-France a confirm\u00e9 que l&rsquo;\u00e9t\u00e9 2026 a \u00e9t\u00e9 le plus chaud jamais enregistr\u00e9 en France depuis le d\u00e9but des mesures en 1900.<\/p>\n<p>La temp\u00e9rature moyenne de juin, juillet et ao\u00fbt a atteint 24 \u00b0C, soit presque 1 \u00b0C au-dessus du pr\u00e9c\u00e9dent record \u00e9tabli en 2003.<\/p>\n<\/div>\n<p><script >!function(f,b,e,v,n,t,s)\n{if(f.fbq)return;n=f.fbq=function(){n.callMethod?\nn.callMethod.apply(n,arguments):n.queue.push(arguments)};\nif(!f._fbq)f._fbq=n;n.push=n;n.loaded=!0;n.version='2.0';\nn.queue=[];t=b.createElement(e);t.async=!0;\nt.src=v;s=b.getElementsByTagName(e)[0];\ns.parentNode.insertBefore(t,s)}(window, document,'script',\n'https:\/\/connect.facebook.net\/en_US\/fbevents.js');\nfbq('init', '1199707312045186');\nfbq('track', 'PageView');<\/script><\/p>\n","protected":false},"excerpt":{"rendered":"<p>Actualit\u00e9s Sept d\u00e9partements ont \u00e9t\u00e9 plac\u00e9s sous alerte orange canicule pour ce week-end Les alertes canicule ont \u00e9t\u00e9 \u00e9tendues dans le sud de la France, avec des temp\u00e9ratures pouvant atteindre 40 \u00b0C dans certaines r\u00e9gions du pays ce week-end. Pour ce week-end, M\u00e9t\u00e9o-France a plac\u00e9 sept d\u00e9partements sous alerte orange canicule : Ard\u00e8che, Aude, Dr\u00f4me, [&hellip;]<\/p>\n","protected":false},"author":1,"featured_media":2325,"comment_status":"open","ping_status":"open","sticky":false,"template":"","format":"standard","meta":{"footnotes":""},"categories":[1],"tags":[],"class_list":["post-2324","post","type-post","status-publish","format-standard","has-post-thumbnail","hentry","category-non-classe"],"_links":{"self":[{"href":"https:\/\/www.rachida-dati.eu\/actualites\/wp-json\/wp\/v2\/posts\/2324","targetHints":{"allow":["GET"]}}],"collection":[{"href":"https:\/\/www.rachida-dati.eu\/actualites\/wp-json\/wp\/v2\/posts"}],"about":[{"href":"https:\/\/www.rachida-dati.eu\/actualites\/wp-json\/wp\/v2\/types\/post"}],"author":[{"embeddable":true,"href":"https:\/\/www.rachida-dati.eu\/actualites\/wp-json\/wp\/v2\/users\/1"}],"replies":[{"embeddable":true,"href":"https:\/\/www.rachida-dati.eu\/actualites\/wp-json\/wp\/v2\/comments?post=2324"}],"version-history":[{"count":1,"href":"https:\/\/www.rachida-dati.eu\/actualites\/wp-json\/wp\/v2\/posts\/2324\/revisions"}],"predecessor-version":[{"id":2326,"href":"https:\/\/www.rachida-dati.eu\/actualites\/wp-json\/wp\/v2\/posts\/2324\/revisions\/2326"}],"wp:featuredmedia":[{"embeddable":true,"href":"https:\/\/www.rachida-dati.eu\/actualites\/wp-json\/wp\/v2\/media\/2325"}],"wp:attachment":[{"href":"https:\/\/www.rachida-dati.eu\/actualites\/wp-json\/wp\/v2\/media?parent=2324"}],"wp:term":[{"taxonomy":"category","embeddable":true,"href":"https:\/\/www.rachida-dati.eu\/actualites\/wp-json\/wp\/v2\/categories?post=2324"},{"taxonomy":"post_tag","embeddable":true,"href":"https:\/\/www.rachida-dati.eu\/actualites\/wp-json\/wp\/v2\/tags?post=2324"}],"curies":[{"name":"wp","href":"https:\/\/api.w.org\/{rel}","templated":true}]}}