{"id":2327,"date":"2026-09-05T20:44:02","date_gmt":"2026-09-05T18:44:02","guid":{"rendered":"https:\/\/www.rachida-dati.eu\/actualites\/loi-francaise-sur-les-megots-de-cigarette-amende-jusqua-15-000-e-et-peine-de-prison-pour-risque-dincendie\/"},"modified":"2026-09-05T20:44:03","modified_gmt":"2026-09-05T18:44:03","slug":"loi-francaise-sur-les-megots-de-cigarette-amende-jusqua-15-000-e-et-peine-de-prison-pour-risque-dincendie","status":"publish","type":"post","link":"https:\/\/www.rachida-dati.eu\/actualites\/loi-francaise-sur-les-megots-de-cigarette-amende-jusqua-15-000-e-et-peine-de-prison-pour-risque-dincendie\/","title":{"rendered":"Loi fran\u00e7aise sur les m\u00e9gots de cigarette : amende jusqu\u2019\u00e0 15 000 \u20ac et peine de prison pour risque d\u2019incendie"},"content":{"rendered":"<div data-element-guid=\"7f7332a5-aca0-4fee-9990-ec700b171346\">\n<p data-tag=\"news\" style=\"\" class=\" lab-article-section lab-article-section-top \">\n                    actualit\u00e9s\n                <\/p>\n<p class=\"subtitle \" style=\"\">Le s\u00e9nateur S\u00e9bastien Pla a d\u00e9clar\u00e9 que l&rsquo;amende actuelle de 135 \u20ac n&rsquo;est pas suffisante pour dissuader ce comportement<\/p>\n<\/p>\n<\/div>\n<div data-element-guid=\"ce6378e9-99fe-4aa3-91b1-0761b0446386\">\n<p><!-- placeholder(#1) --><\/p>\n<p>Un s\u00e9nateur fran\u00e7ais a propos\u00e9 un projet de loi visant \u00e0 faire de jeter ou d&rsquo;abandonner un m\u00e9got de cigarette dans un lieu public ou priv\u00e9 une infraction p\u00e9nale.<\/p>\n<p>L&rsquo;infraction propos\u00e9e s&rsquo;appliquerait lorsque les conditions m\u00e9t\u00e9orologiques favorisent la propagation d&rsquo;un incendie, par exemple par temps sec ou venteux et lorsque la v\u00e9g\u00e9tation est s\u00e8che.<\/p>\n<p>S\u00e9bastien Pla, s\u00e9nateur socialiste de l&rsquo;Aude, dans le sud de la France, a pr\u00e9sent\u00e9 cette proposition apr\u00e8s un \u00e9t\u00e9 marqu\u00e9 par des incendies de grande ampleur en France. L&rsquo;Aude a \u00e9galement connu un incendie d\u00e9vastateur en 2025 au cours duquel une personne est d\u00e9c\u00e9d\u00e9e. La cause de l&rsquo;incendie est toujours \u00e0 l&rsquo;\u00e9tude, bien que les autorit\u00e9s aient \u00e9cart\u00e9 une cause naturelle et \u00e9tudient une origine potentiellement humaine.<\/p>\n<p>La mesure cr\u00e9erait une nouvelle infraction en vertu de l&rsquo;article 223-1-3 du Code p\u00e9nal fran\u00e7ais.<\/p>\n<p>\u00ab L&rsquo;acte de jeter ou d&rsquo;abandonner, dans n&rsquo;importe quel lieu public ou priv\u00e9, y compris les locaux occup\u00e9s par la personne, tout type de m\u00e9got de cigarette, par temps sec ou pendant une p\u00e9riode de vent et lorsque la v\u00e9g\u00e9tation est s\u00e8che, sera puni d&rsquo;un an d&#8217;emprisonnement et d&rsquo;une amende de 15 000 \u20ac \u00bb, indique le projet de loi, d\u00e9pos\u00e9 au S\u00e9nat le 26 ao\u00fbt 2025.<\/p>\n<p>Jeter ou abandonner un m\u00e9got de cigarette est actuellement passible d&rsquo;une amende forfaitaire de 135 \u20ac pour d\u00e9versement d&rsquo;ordures. Des sanctions plus \u00e9lev\u00e9es peuvent s&rsquo;appliquer si cela provoque un incendie. Le projet de loi propos\u00e9 ajouterait un autre niveau d&rsquo;infraction en p\u00e9nalisant l&rsquo;acte lorsqu&rsquo;il existe un risque d&rsquo;incendie, m\u00eame si aucun incendie n&rsquo;est r\u00e9ellement caus\u00e9.<\/p>\n<p>Dans l&rsquo;expos\u00e9 des motifs accompagnant son projet, M. Pla a soulign\u00e9 l&rsquo;ampleur de l&rsquo;incendie de l&rsquo;Aude en 2025, qui a d\u00e9truit plus de 16 000 hectares et mobilis\u00e9 plus de 2 000 sapeurs-pompiers.<\/p>\n<p>Il a d\u00e9clar\u00e9 que malgr\u00e9 ces dangers, des personnes continuent de jeter des m\u00e9gots depuis des v\u00e9hicules.<\/p>\n<p>Selon la Fondation VINCI Autoroutes, 17% des fumeurs sond\u00e9s en 2025 ont admis avoir jet\u00e9 un m\u00e9got par la fen\u00eatre d&rsquo;une voiture, tandis qu&rsquo;en moyenne 100 m\u00e9gots sont jet\u00e9s chaque jour par kilom\u00e8tre d&rsquo;autoroute, dans chaque sens.<\/p>\n<p>M. Pla a d\u00e9clar\u00e9 que le cadre juridique existant n&rsquo;est pas suffisant et qu&rsquo;une infraction sp\u00e9cifique offrirait un effet dissuasif plus fort et rappellerait aux gens leur responsabilit\u00e9 pendant les p\u00e9riodes de risque \u00e9lev\u00e9 d&rsquo;incendie.<\/p>\n<p>L&rsquo;amende de 15 000 \u20ac serait une peine maximale et ne constituerait pas une sanction automatique pour chaque contrevenant. L&rsquo;infraction serait trait\u00e9e par un tribunal p\u00e9nal, et non simplement par une amende forfaitaire.<\/p>\n<p>La proposition s&rsquo;attaque principalement aux situations o\u00f9 un incendie pourrait raisonnablement d\u00e9marrer en raison d&rsquo;une combinaison de facteurs tels qu&rsquo;une v\u00e9g\u00e9tation s\u00e8che et les conditions m\u00e9t\u00e9orologiques.<\/p>\n<p>Le texte a \u00e9t\u00e9 renvoy\u00e9 \u00e0 la Commission des lois du S\u00e9nat mais n&rsquo;a pas encore \u00e9t\u00e9 inscrit \u00e0 l&rsquo;ordre du jour pour examen. Il doit d&rsquo;abord \u00eatre ajout\u00e9 \u00e0 l&rsquo;ordre du jour du S\u00e9nat pour un d\u00e9bat. Il doit ensuite \u00eatre approuv\u00e9 par les deux chambres du Parlement fran\u00e7ais avant de pouvoir devenir loi.<\/p>\n<\/div>\n<p><script >!function(f,b,e,v,n,t,s)\n{if(f.fbq)return;n=f.fbq=function(){n.callMethod?\nn.callMethod.apply(n,arguments):n.queue.push(arguments)};\nif(!f._fbq)f._fbq=n;n.push=n;n.loaded=!0;n.version='2.0';\nn.queue=[];t=b.createElement(e);t.async=!0;\nt.src=v;s=b.getElementsByTagName(e)[0];\ns.parentNode.insertBefore(t,s)}(window, document,'script',\n'https:\/\/connect.facebook.net\/en_US\/fbevents.js');\nfbq('init', '1199707312045186');\nfbq('track', 'PageView');<\/script><\/p>\n","protected":false},"excerpt":{"rendered":"<p>actualit\u00e9s Le s\u00e9nateur S\u00e9bastien Pla a d\u00e9clar\u00e9 que l&rsquo;amende actuelle de 135 \u20ac n&rsquo;est pas suffisante pour dissuader ce comportement Un s\u00e9nateur fran\u00e7ais a propos\u00e9 un projet de loi visant \u00e0 faire de jeter ou d&rsquo;abandonner un m\u00e9got de cigarette dans un lieu public ou priv\u00e9 une infraction p\u00e9nale. L&rsquo;infraction propos\u00e9e s&rsquo;appliquerait lorsque les conditions [&hellip;]<\/p>\n","protected":false},"author":1,"featured_media":2328,"comment_status":"open","ping_status":"open","sticky":false,"template":"","format":"standard","meta":{"footnotes":""},"categories":[1],"tags":[],"class_list":["post-2327","post","type-post","status-publish","format-standard","has-post-thumbnail","hentry","category-non-classe"],"_links":{"self":[{"href":"https:\/\/www.rachida-dati.eu\/actualites\/wp-json\/wp\/v2\/posts\/2327","targetHints":{"allow":["GET"]}}],"collection":[{"href":"https:\/\/www.rachida-dati.eu\/actualites\/wp-json\/wp\/v2\/posts"}],"about":[{"href":"https:\/\/www.rachida-dati.eu\/actualites\/wp-json\/wp\/v2\/types\/post"}],"author":[{"embeddable":true,"href":"https:\/\/www.rachida-dati.eu\/actualites\/wp-json\/wp\/v2\/users\/1"}],"replies":[{"embeddable":true,"href":"https:\/\/www.rachida-dati.eu\/actualites\/wp-json\/wp\/v2\/comments?post=2327"}],"version-history":[{"count":1,"href":"https:\/\/www.rachida-dati.eu\/actualites\/wp-json\/wp\/v2\/posts\/2327\/revisions"}],"predecessor-version":[{"id":2329,"href":"https:\/\/www.rachida-dati.eu\/actualites\/wp-json\/wp\/v2\/posts\/2327\/revisions\/2329"}],"wp:featuredmedia":[{"embeddable":true,"href":"https:\/\/www.rachida-dati.eu\/actualites\/wp-json\/wp\/v2\/media\/2328"}],"wp:attachment":[{"href":"https:\/\/www.rachida-dati.eu\/actualites\/wp-json\/wp\/v2\/media?parent=2327"}],"wp:term":[{"taxonomy":"category","embeddable":true,"href":"https:\/\/www.rachida-dati.eu\/actualites\/wp-json\/wp\/v2\/categories?post=2327"},{"taxonomy":"post_tag","embeddable":true,"href":"https:\/\/www.rachida-dati.eu\/actualites\/wp-json\/wp\/v2\/tags?post=2327"}],"curies":[{"name":"wp","href":"https:\/\/api.w.org\/{rel}","templated":true}]}}