{"id":2330,"date":"2026-09-05T22:42:01","date_gmt":"2026-09-05T20:42:01","guid":{"rendered":"https:\/\/www.rachida-dati.eu\/actualites\/greve-du-secteur-public-en-france-le-29-septembre-services-menaces\/"},"modified":"2026-09-05T22:42:02","modified_gmt":"2026-09-05T20:42:02","slug":"greve-du-secteur-public-en-france-le-29-septembre-services-menaces","status":"publish","type":"post","link":"https:\/\/www.rachida-dati.eu\/actualites\/greve-du-secteur-public-en-france-le-29-septembre-services-menaces\/","title":{"rendered":"Gr\u00e8ve du secteur public en France le 29 septembre : services menac\u00e9s"},"content":{"rendered":"<div data-element-guid=\"7f7332a5-aca0-4fee-9990-ec700b171346\">\n<p data-tag=\"news\" style=\"\" class=\" lab-article-section lab-article-section-top \">\n                    Actualit\u00e9s\n                <\/p>\n<\/p>\n<\/div>\n<div data-element-guid=\"ce6378e9-99fe-4aa3-91b1-0761b0446386\">\n<p><!-- placeholder(#1) --><\/p>\n<p>Des r\u00e9sidents fran\u00e7ais pourraient \u00eatre confront\u00e9s \u00e0 des perturbations des services publics le 29 septembre, alors que le syndicat CGT (<span class=\"italic m-italic \" data-lab-italic=\"italic\">Conf\u00e9d\u00e9ration g\u00e9n\u00e9rale du travail<\/span>) appelle les agents du secteur public \u00e0 se mettre en gr\u00e8ve sur les questions de salaire et de conditions de travail.<\/p>\n<p>En fait, tout le mois de <span class=\"font-weight-black m-font-weight-black \" data-lab-font_weight=\"font-weight-black\">septembre devrait \u00eatre marqu\u00e9 par des mouvements sociaux<\/span>, avec des gr\u00e8ves et des avis de manifestation affectant les transports, l\u2019aviation, la sant\u00e9, les pompiers, les services publics et le secteur de l\u2019\u00e9nergie \u00e0 divers moments du mois.<\/p>\n<p>Concernant les services publics, la secr\u00e9taire g\u00e9n\u00e9rale de la CGT, Sophie Binet, a renouvel\u00e9 l\u2019appel lors d\u2019une interview sur France 2 le 1er septembre, d\u00e9crivant le 29 septembre comme le \u00ab <span class=\"italic m-italic \" data-lab-italic=\"italic\">point d\u2019orgue \u2013 l\u2019apog\u00e9e<\/span> des mobilisations pr\u00e9vues pour le mois de septembre.<\/p>\n<p>\u00ab J\u2019appelle tous les agents du secteur public qui m\u2019\u00e9coutent \u00e0 faire gr\u00e8ve \u00bb, a-t-elle d\u00e9clar\u00e9, et a ajout\u00e9 que le but \u00e9tait de montrer \u00e0 ceux qui critiquent les fonctionnaires \u00ab \u00e0 quoi ressemble une journ\u00e9e noire sans services publics \u00bb. <\/p>\n<h3>Pourquoi la CGT appelle-t-elle \u00e0 une gr\u00e8ve ?<\/h3>\n<p>La CGT affirme que les travailleurs du secteur public font face \u00e0 une perte du pouvoir d\u2019achat, \u00e0 des p\u00e9nuries de personnel et \u00e0 des conditions de travail qui se d\u00e9gradent.<\/p>\n<p>Dans sa d\u00e9claration du 25 juin, le syndicat a d\u00e9clar\u00e9 : \u00ab Le pouvoir d\u2019achat des fonctionnaires et des contractuels est en train de s\u2019effondrer \u00bb. Il a imput\u00e9 cela \u00e0 des ann\u00e9es sans hausse de l\u2019indice de r\u00e9mun\u00e9ration du secteur public, ainsi qu\u2019\u00e0 des modifications des r\u00e8gles de cong\u00e9 maladie.<\/p>\n<p>Mme Binet a \u00e9galement critiqu\u00e9 des mesures visant \u00e0 r\u00e9aliser de nouvelles \u00e9conomies sur les cong\u00e9s maladie, y compris des dispositions qui pourraient r\u00e9duire les indemnit\u00e9s vers\u00e9es aux travailleurs malades.<\/p>\n<p>\u00ab Il faut mettre fin \u00e0 cette pers\u00e9cution des personnes malades \u00bb, a-t-elle d\u00e9clar\u00e9 le 1er septembre, soutenant que l\u2019augmentation des cong\u00e9s maladie devrait \u00eatre abord\u00e9e en examinant les conditions de travail.<\/p>\n<p>Elle a indiqu\u00e9 que \u00ab un travailleur sur deux montre des signes de d\u00e9tresse psychologique au travail \u00bb et qu\u2019un sur trois d\u00e9clare \u00eatre proche de l\u2019\u00e9puisement professionnel.<\/p>\n<p>Alors que le gouvernement pr\u00e9pare le budget 2027, Mme Binet a \u00e9galement appel\u00e9 \u00e0 des mesures pour \u00e9viter ce qu\u2019elle d\u00e9crit comme \u00ab un budget r\u00e9gressif \u00bb pour les travailleurs.<\/p>\n<h3>Comment le 29 septembre pourrait-il vous affecter ?<\/h3>\n<p>L\u2019impact exact d\u00e9pendra du nombre d\u2019employ\u00e9s qui participeront et des services touch\u00e9s.<\/p>\n<p>Les \u00e9coles et les cr\u00e8ches pourraient conna\u00eetre des perturbations si les enseignants et d\u2019autres personnels font gr\u00e8ve, tandis que les services des collectivit\u00e9s locales tels que les cantines, les installations de loisirs et certains services de garde d\u2019enfants pourraient \u00e9galement \u00eatre affect\u00e9s.<\/p>\n<p>Certaines administrations publiques, notamment les bureaux d\u2019imp\u00f4t et les centres de conseils, pourraient fonctionner avec un personnel r\u00e9duit ou fermer pour la journ\u00e9e.<\/p>\n<p>L\u2019ampleur exacte des perturbations n\u2019est pas encore connue et d\u00e9pendra du nombre de travailleurs qui participeront. Si possible, \u00e9vitez de prendre des rendez-vous avec les services publics le 29 septembre. Si vous en avez d\u00e9j\u00e0 un de pr\u00e9vu, v\u00e9rifiez \u00e0 l\u2019approche de la date s\u2019il est bien maintenu. <\/p>\n<\/div>\n<p><script >!function(f,b,e,v,n,t,s)\n{if(f.fbq)return;n=f.fbq=function(){n.callMethod?\nn.callMethod.apply(n,arguments):n.queue.push(arguments)};\nif(!f._fbq)f._fbq=n;n.push=n;n.loaded=!0;n.version='2.0';\nn.queue=[];t=b.createElement(e);t.async=!0;\nt.src=v;s=b.getElementsByTagName(e)[0];\ns.parentNode.insertBefore(t,s)}(window, document,'script',\n'https:\/\/connect.facebook.net\/en_US\/fbevents.js');\nfbq('init', '1199707312045186');\nfbq('track', 'PageView');<\/script><\/p>\n","protected":false},"excerpt":{"rendered":"<p>Actualit\u00e9s Des r\u00e9sidents fran\u00e7ais pourraient \u00eatre confront\u00e9s \u00e0 des perturbations des services publics le 29 septembre, alors que le syndicat CGT (Conf\u00e9d\u00e9ration g\u00e9n\u00e9rale du travail) appelle les agents du secteur public \u00e0 se mettre en gr\u00e8ve sur les questions de salaire et de conditions de travail. En fait, tout le mois de septembre devrait \u00eatre [&hellip;]<\/p>\n","protected":false},"author":1,"featured_media":2331,"comment_status":"open","ping_status":"open","sticky":false,"template":"","format":"standard","meta":{"footnotes":""},"categories":[1],"tags":[],"class_list":["post-2330","post","type-post","status-publish","format-standard","has-post-thumbnail","hentry","category-non-classe"],"_links":{"self":[{"href":"https:\/\/www.rachida-dati.eu\/actualites\/wp-json\/wp\/v2\/posts\/2330","targetHints":{"allow":["GET"]}}],"collection":[{"href":"https:\/\/www.rachida-dati.eu\/actualites\/wp-json\/wp\/v2\/posts"}],"about":[{"href":"https:\/\/www.rachida-dati.eu\/actualites\/wp-json\/wp\/v2\/types\/post"}],"author":[{"embeddable":true,"href":"https:\/\/www.rachida-dati.eu\/actualites\/wp-json\/wp\/v2\/users\/1"}],"replies":[{"embeddable":true,"href":"https:\/\/www.rachida-dati.eu\/actualites\/wp-json\/wp\/v2\/comments?post=2330"}],"version-history":[{"count":1,"href":"https:\/\/www.rachida-dati.eu\/actualites\/wp-json\/wp\/v2\/posts\/2330\/revisions"}],"predecessor-version":[{"id":2332,"href":"https:\/\/www.rachida-dati.eu\/actualites\/wp-json\/wp\/v2\/posts\/2330\/revisions\/2332"}],"wp:featuredmedia":[{"embeddable":true,"href":"https:\/\/www.rachida-dati.eu\/actualites\/wp-json\/wp\/v2\/media\/2331"}],"wp:attachment":[{"href":"https:\/\/www.rachida-dati.eu\/actualites\/wp-json\/wp\/v2\/media?parent=2330"}],"wp:term":[{"taxonomy":"category","embeddable":true,"href":"https:\/\/www.rachida-dati.eu\/actualites\/wp-json\/wp\/v2\/categories?post=2330"},{"taxonomy":"post_tag","embeddable":true,"href":"https:\/\/www.rachida-dati.eu\/actualites\/wp-json\/wp\/v2\/tags?post=2330"}],"curies":[{"name":"wp","href":"https:\/\/api.w.org\/{rel}","templated":true}]}}