{"id":2338,"date":"2026-09-06T11:43:01","date_gmt":"2026-09-06T09:43:01","guid":{"rendered":"https:\/\/www.rachida-dati.eu\/actualites\/traversees-en-ferry-dover-vers-la-france-retour-a-la-normale-apres-la-protestation\/"},"modified":"2026-09-06T11:43:04","modified_gmt":"2026-09-06T09:43:04","slug":"traversees-en-ferry-dover-vers-la-france-retour-a-la-normale-apres-la-protestation","status":"publish","type":"post","link":"https:\/\/www.rachida-dati.eu\/actualites\/traversees-en-ferry-dover-vers-la-france-retour-a-la-normale-apres-la-protestation\/","title":{"rendered":"Travers\u00e9es en ferry Dover vers la France : retour \u00e0 la normale apr\u00e8s la protestation"},"content":{"rendered":"<div id=\"main\">\n<div data-element-guid=\"7f7332a5-aca0-4fee-9990-ec700b171346\" class=\"articleHeader column hasCaption\">\n<p data-tag=\"news\" style=\"\" class=\" lab-article-section lab-article-section-top \">\n                    Actualit\u00e9s\n                <\/p>\n<p class=\"subtitle \" style=\"\">Des manifestants masqu\u00e9s ont bloqu\u00e9 les routes d&rsquo;acc\u00e8s et retard\u00e9 bri\u00e8vement les travers\u00e9es<\/p>\n<\/p>\n<\/div>\n<div data-element-guid=\"ce6378e9-99fe-4aa3-91b1-0761b0446386\" class=\"bodytext large-12 small-12 medium-12\">\n<p><!-- placeholder(#1) --><\/p>\n<p>Le trafic de ferries entre le Royaume\u2011Uni et la France est revenu \u00e0 la normale apr\u00e8s qu&rsquo;une protestation ait perturb\u00e9 l&rsquo;acc\u00e8s au port de Douvres samedi 5 septembre.<\/p>\n<p>Environ 300 manifestants masqu\u00e9s ont bloqu\u00e9 les routes menant au port \u00e0 partir d&rsquo;environ 07h00, selon des t\u00e9moignages oculaires, provoquant l&rsquo;arr\u00eat de la circulation \u00e0 l&rsquo;entr\u00e9e et \u00e0 la sortie du terminal de ferries pendant plusieurs heures.<\/p>\n<p>Les manifestants, qui ont \u00e9t\u00e9 entendus r\u00e9p\u00e9ter \u00ab Stop the boats \u00bb pour s&rsquo;opposer aux migrants qui traversent la Manche en petites embarcations, ont \u00e9t\u00e9 d\u00e9crits par la police du Kent comme participants \u00e0 une d\u00e9monstration spontan\u00e9e.<\/p>\n<p>Plus tard, les manifestants se sont dirig\u00e9s vers la gare Dover Priory et avaient \u00e9t\u00e9 dispers\u00e9s vers midi. Aucune arrestation n&rsquo;a \u00e9t\u00e9 r\u00e9alis\u00e9e.<\/p>\n<p>Le <span class=\"font-weight-bold m-font-weight-bold \" data-lab-font_weight=\"font-weight-bold\">Port de Douvres<\/span> a d\u00e9clar\u00e9 que tous les itin\u00e9raires entrant et sortant du port avaient rouvert.<\/p>\n<p>\u00ab Nous remercions nos clients et la communaut\u00e9 locale pour leur patience pendant que la police g\u00e8re l&rsquo;incident d&rsquo;ordre public \u00bb, a d\u00e9clar\u00e9 un porte-parole.<\/p>\n<p>La perturbation a bri\u00e8vement affect\u00e9 les services de ferries vers et depuis la France, P&#038;O Ferries signalant des retards allant jusqu&rsquo;\u00e0 60 minutes.<\/p>\n<p>Autant P&#038;O Ferries qu&rsquo;DFDS ont indiqu\u00e9 que les passagers ayant manqu\u00e9 leurs travers\u00e9es pr\u00e9vues seraient pris en charge sur le prochain d\u00e9part disponible.<\/p>\n<p>Du c\u00f4t\u00e9 fran\u00e7ais, le port de Calais a d\u00e9clar\u00e9 fonctionner normalement, bien qu&rsquo;il y ait eu certains retards dans les d\u00e9parts.<\/p>\n<p>Le gouvernement britannique a condamn\u00e9 la perturbation. Un porte-parole du Home Office a d\u00e9clar\u00e9 que le droit \u00e0 la protestation pacifique \u00e9tait fondamental pour la d\u00e9mocratie, mais a ajout\u00e9 que les autorit\u00e9s s&rsquo;inqui\u00e9taient de l&rsquo;impact sur les voyageurs et la communaut\u00e9 locale.<\/p>\n<p>Le Port de Douvres est le port international de ferries et de passagers le plus actif du Royaume\u2011Uni, traitant plus de neuf millions de passagers routiers et deux millions de v\u00e9hicules de fret en 2025.<\/p>\n<\/div><\/div>\n<p><script >!function(f,b,e,v,n,t,s)\n{if(f.fbq)return;n=f.fbq=function(){n.callMethod?\nn.callMethod.apply(n,arguments):n.queue.push(arguments)};\nif(!f._fbq)f._fbq=n;n.push=n;n.loaded=!0;n.version='2.0';\nn.queue=[];t=b.createElement(e);t.async=!0;\nt.src=v;s=b.getElementsByTagName(e)[0];\ns.parentNode.insertBefore(t,s)}(window, document,'script',\n'https:\/\/connect.facebook.net\/en_US\/fbevents.js');\nfbq('init', '1199707312045186');\nfbq('track', 'PageView');<\/script><\/p>\n","protected":false},"excerpt":{"rendered":"<p>Actualit\u00e9s Des manifestants masqu\u00e9s ont bloqu\u00e9 les routes d&rsquo;acc\u00e8s et retard\u00e9 bri\u00e8vement les travers\u00e9es Le trafic de ferries entre le Royaume\u2011Uni et la France est revenu \u00e0 la normale apr\u00e8s qu&rsquo;une protestation ait perturb\u00e9 l&rsquo;acc\u00e8s au port de Douvres samedi 5 septembre. Environ 300 manifestants masqu\u00e9s ont bloqu\u00e9 les routes menant au port \u00e0 partir [&hellip;]<\/p>\n","protected":false},"author":1,"featured_media":2339,"comment_status":"open","ping_status":"open","sticky":false,"template":"","format":"standard","meta":{"footnotes":""},"categories":[1],"tags":[],"class_list":["post-2338","post","type-post","status-publish","format-standard","has-post-thumbnail","hentry","category-non-classe"],"_links":{"self":[{"href":"https:\/\/www.rachida-dati.eu\/actualites\/wp-json\/wp\/v2\/posts\/2338","targetHints":{"allow":["GET"]}}],"collection":[{"href":"https:\/\/www.rachida-dati.eu\/actualites\/wp-json\/wp\/v2\/posts"}],"about":[{"href":"https:\/\/www.rachida-dati.eu\/actualites\/wp-json\/wp\/v2\/types\/post"}],"author":[{"embeddable":true,"href":"https:\/\/www.rachida-dati.eu\/actualites\/wp-json\/wp\/v2\/users\/1"}],"replies":[{"embeddable":true,"href":"https:\/\/www.rachida-dati.eu\/actualites\/wp-json\/wp\/v2\/comments?post=2338"}],"version-history":[{"count":1,"href":"https:\/\/www.rachida-dati.eu\/actualites\/wp-json\/wp\/v2\/posts\/2338\/revisions"}],"predecessor-version":[{"id":2340,"href":"https:\/\/www.rachida-dati.eu\/actualites\/wp-json\/wp\/v2\/posts\/2338\/revisions\/2340"}],"wp:featuredmedia":[{"embeddable":true,"href":"https:\/\/www.rachida-dati.eu\/actualites\/wp-json\/wp\/v2\/media\/2339"}],"wp:attachment":[{"href":"https:\/\/www.rachida-dati.eu\/actualites\/wp-json\/wp\/v2\/media?parent=2338"}],"wp:term":[{"taxonomy":"category","embeddable":true,"href":"https:\/\/www.rachida-dati.eu\/actualites\/wp-json\/wp\/v2\/categories?post=2338"},{"taxonomy":"post_tag","embeddable":true,"href":"https:\/\/www.rachida-dati.eu\/actualites\/wp-json\/wp\/v2\/tags?post=2338"}],"curies":[{"name":"wp","href":"https:\/\/api.w.org\/{rel}","templated":true}]}}