{"id":2344,"date":"2026-09-06T14:43:08","date_gmt":"2026-09-06T12:43:08","guid":{"rendered":"https:\/\/www.rachida-dati.eu\/actualites\/la-france-adopte-la-carte-du-monde-eckert-iv-pour-remplacer-la-projection-de-mercator\/"},"modified":"2026-09-06T14:43:10","modified_gmt":"2026-09-06T12:43:10","slug":"la-france-adopte-la-carte-du-monde-eckert-iv-pour-remplacer-la-projection-de-mercator","status":"publish","type":"post","link":"https:\/\/www.rachida-dati.eu\/actualites\/la-france-adopte-la-carte-du-monde-eckert-iv-pour-remplacer-la-projection-de-mercator\/","title":{"rendered":"La France adopte la carte du monde Eckert IV pour remplacer la projection de Mercator"},"content":{"rendered":"<div data-element-guid=\"7f7332a5-aca0-4fee-9990-ec700b171346\">\n<p data-tag=\"news\" style=\"\" class=\" lab-article-section lab-article-section-top \">\n                    actualit\u00e9s\n                <\/p>\n<p class=\"subtitle \" style=\"\">L&rsquo;ONU soutient une d\u00e9marche visant \u00e0 refl\u00e9ter plus fid\u00e8lement la taille des continents<\/p>\n<\/p>\n<\/div>\n<div data-element-guid=\"ce6378e9-99fe-4aa3-91b1-0761b0446386\">\n<p><!-- placeholder(#1) --><\/p>\n<p>La France a modifi\u00e9 la carte du monde utilis\u00e9e par son minist\u00e8re des Affaires \u00e9trang\u00e8res \u00e0 la suite des efforts soutenus par l&rsquo;ONU pour que les cartes refl\u00e8tent plus fid\u00e8lement la taille des continents.<\/p>\n<p>La France a abandonn\u00e9 la projection de Mercator pour ses cartes diplomatiques officielles, en adoptant \u00e0 la place la projection Eckert IV.<\/p>\n<p>Cette d\u00e9cision est intervenue le vendredi 4 septembre, alors que l&rsquo;Assembl\u00e9e g\u00e9n\u00e9rale des Nations Unies adoptait une r\u00e9solution incitant les gouvernements, les \u00e9tablissements scolaires, les organisations internationales et les entreprises technologiques \u00e0 utiliser des cartes qui repr\u00e9sentent de mani\u00e8re plus pr\u00e9cise la taille relative des territoires.<\/p>\n<p>La r\u00e9solution, soutenue par la France et men\u00e9e par le Togo et l&rsquo;Union africaine, n&rsquo;est pas juridiquement contraignante et ne demande pas l&rsquo;interdiction de Mercator, ce qui signifie que la projection continuera d&rsquo;\u00eatre utilis\u00e9e lorsque ses propri\u00e9t\u00e9s particuli\u00e8res restent utiles.<\/p>\n<h2>Pourquoi Mercator d\u00e9forme le monde<\/h2>\n<figure data-element-guid=\"79a905b5-b095-4d87-ab4c-0b13c3aa6749\" class=\"column desktop-floatLeft mobile-floatLeft small-12 large-8 small-abs-12 large-abs-8\">\n<div class=\"content \" style=\"\">\n<div class=\"img fullwidthTarget\">\n            <picture><source  width=\"706\" height=\"403\" media=\"(min-width: 768px)\" type=\"image\/webp\"><source  width=\"706\" height=\"403\" media=\"(min-width: 768px)\" type=\"image\/jpeg\"><source  width=\"480\" height=\"274\" media=\"(max-width: 767px)\" type=\"image\/webp\"><source  width=\"480\" height=\"274\" media=\"(max-width: 767px)\" type=\"image\/jpeg\"><\/source><\/source><\/source><\/source><\/picture>\n                    <\/div>\n<\/p><\/div>\n<\/figure>\n<p>Cr\u00e9\u00e9e par le cartographe flamand Gerardus Mercator en 1569, la projection a \u00e9t\u00e9 con\u00e7ue principalement pour la navigation maritime. Elle pr\u00e9serve les angles, ce qui permet aux marins de tracer des itin\u00e9raires en lignes droites.<\/p>\n<p>Cependant, elle exag\u00e8re la taille des territoires proches des p\u00f4les. Le Groenland, par exemple, paraissait presque aussi grand que l&rsquo;Afrique sur une carte Mercator, alors que l&rsquo;Afrique est environ 14 fois plus grande en r\u00e9alit\u00e9.<\/p>\n<p>L&rsquo;effet donne \u00e9galement l&rsquo;impression que l&rsquo;Europe, la Russie, le Canada et les \u00c9tats-Unis sont plus grands par rapport \u00e0 des pays d&rsquo;Afrique, d&rsquo;Am\u00e9rique latine et d&rsquo;Asie du Sud.<\/p>\n<p>Aucune carte plane ne peut repr\u00e9senter une Terre sph\u00e9rique sans une certaine distorsion de la surface, de la forme, de la distance ou de la direction.<\/p>\n<p>Le probl\u00e8me ne r\u00e9side donc pas dans l&rsquo;exactitude technique de Mercator, mais dans le fait qu&rsquo;une projection con\u00e7ue pour la navigation peut donner une impression trompeuse lorsqu&rsquo;elle est utilis\u00e9e pour comparer la taille des pays et des continents.<\/p>\n<p>La nouvelle projection Eckert IV de la France est une carte \u00e0 aire \u00e9gale qui repr\u00e9sente les territoires selon des proportions plus proches de leur taille r\u00e9elle. Elle est similaire en principe \u00e0 la projection Equal Earth, qui a aussi \u00e9t\u00e9 pr\u00e9sent\u00e9e comme une alternative \u00e0 Mercator.<\/p>\n<h3>La France para\u00eet plus petite<\/h3>\n<p>La r\u00e9solution de l&rsquo;ONU a \u00e9t\u00e9 port\u00e9e par des pays africains dans le cadre d&rsquo;une campagne plus large sur la repr\u00e9sentation du continent.<\/p>\n<p>Le ministre des Affaires \u00e9trang\u00e8res togolais, Robert Dussey, a d\u00e9clar\u00e9 \u00e0 l&rsquo;ONU que les cartes n&rsquo;\u00e9taient pas de simples outils g\u00e9ographiques mais qu&rsquo;elles contribuaient \u00e0 fa\u00e7onner la compr\u00e9hension du monde par les gens.<\/p>\n<p>Le ministre fran\u00e7ais des Affaires \u00e9trang\u00e8res, Jean-No\u00ebl Barrot, a de m\u00eame soutenu que des repr\u00e9sentations d\u00e9form\u00e9es pouvaient influencer les perceptions.<\/p>\n<p>\u00ab Notre diplomatie doit porter notre propre r\u00e9cit et veiller \u00e0 toujours repr\u00e9senter le monde avec pr\u00e9cision \u00bb, a-t-il d\u00e9clar\u00e9.<\/p>\n<p>Ce changement signifie que la France elle-m\u00eame appara\u00eetra plus petite sur ses cartes officielles, tout comme d&rsquo;autres pays et r\u00e9gions dont la taille \u00e9tait exag\u00e9r\u00e9e par Mercator.<\/p>\n<p>Le gouvernement fran\u00e7ais a d\u00e9clar\u00e9 que cette d\u00e9cision refl\u00e9tait un d\u00e9sir de repr\u00e9senter le monde plus fid\u00e8lement, tandis que le vote de l&rsquo;ONU apporte un soutien international suppl\u00e9mentaire \u00e0 l&rsquo;utilisation de projections alternatives.<\/p>\n<\/div>\n<p><script >!function(f,b,e,v,n,t,s)\n{if(f.fbq)return;n=f.fbq=function(){n.callMethod?\nn.callMethod.apply(n,arguments):n.queue.push(arguments)};\nif(!f._fbq)f._fbq=n;n.push=n;n.loaded=!0;n.version='2.0';\nn.queue=[];t=b.createElement(e);t.async=!0;\nt.src=v;s=b.getElementsByTagName(e)[0];\ns.parentNode.insertBefore(t,s)}(window, document,'script',\n'https:\/\/connect.facebook.net\/en_US\/fbevents.js');\nfbq('init', '1199707312045186');\nfbq('track', 'PageView');<\/script><\/p>\n","protected":false},"excerpt":{"rendered":"<p>actualit\u00e9s L&rsquo;ONU soutient une d\u00e9marche visant \u00e0 refl\u00e9ter plus fid\u00e8lement la taille des continents La France a modifi\u00e9 la carte du monde utilis\u00e9e par son minist\u00e8re des Affaires \u00e9trang\u00e8res \u00e0 la suite des efforts soutenus par l&rsquo;ONU pour que les cartes refl\u00e8tent plus fid\u00e8lement la taille des continents. La France a abandonn\u00e9 la projection de [&hellip;]<\/p>\n","protected":false},"author":1,"featured_media":2345,"comment_status":"open","ping_status":"open","sticky":false,"template":"","format":"standard","meta":{"footnotes":""},"categories":[1],"tags":[],"class_list":["post-2344","post","type-post","status-publish","format-standard","has-post-thumbnail","hentry","category-non-classe"],"_links":{"self":[{"href":"https:\/\/www.rachida-dati.eu\/actualites\/wp-json\/wp\/v2\/posts\/2344","targetHints":{"allow":["GET"]}}],"collection":[{"href":"https:\/\/www.rachida-dati.eu\/actualites\/wp-json\/wp\/v2\/posts"}],"about":[{"href":"https:\/\/www.rachida-dati.eu\/actualites\/wp-json\/wp\/v2\/types\/post"}],"author":[{"embeddable":true,"href":"https:\/\/www.rachida-dati.eu\/actualites\/wp-json\/wp\/v2\/users\/1"}],"replies":[{"embeddable":true,"href":"https:\/\/www.rachida-dati.eu\/actualites\/wp-json\/wp\/v2\/comments?post=2344"}],"version-history":[{"count":1,"href":"https:\/\/www.rachida-dati.eu\/actualites\/wp-json\/wp\/v2\/posts\/2344\/revisions"}],"predecessor-version":[{"id":2346,"href":"https:\/\/www.rachida-dati.eu\/actualites\/wp-json\/wp\/v2\/posts\/2344\/revisions\/2346"}],"wp:featuredmedia":[{"embeddable":true,"href":"https:\/\/www.rachida-dati.eu\/actualites\/wp-json\/wp\/v2\/media\/2345"}],"wp:attachment":[{"href":"https:\/\/www.rachida-dati.eu\/actualites\/wp-json\/wp\/v2\/media?parent=2344"}],"wp:term":[{"taxonomy":"category","embeddable":true,"href":"https:\/\/www.rachida-dati.eu\/actualites\/wp-json\/wp\/v2\/categories?post=2344"},{"taxonomy":"post_tag","embeddable":true,"href":"https:\/\/www.rachida-dati.eu\/actualites\/wp-json\/wp\/v2\/tags?post=2344"}],"curies":[{"name":"wp","href":"https:\/\/api.w.org\/{rel}","templated":true}]}}