{"id":560,"date":"2025-12-18T12:45:06","date_gmt":"2025-12-18T11:45:06","guid":{"rendered":"https:\/\/www.rachida-dati.eu\/actualites\/des-agriculteurs-bloquent-les-routes-du-sud-ouest-de-la-france-contre-la-politique-dabattage-des-bovins\/"},"modified":"2025-12-18T12:45:06","modified_gmt":"2025-12-18T11:45:06","slug":"des-agriculteurs-bloquent-les-routes-du-sud-ouest-de-la-france-contre-la-politique-dabattage-des-bovins","status":"publish","type":"post","link":"https:\/\/www.rachida-dati.eu\/actualites\/des-agriculteurs-bloquent-les-routes-du-sud-ouest-de-la-france-contre-la-politique-dabattage-des-bovins\/","title":{"rendered":"Des agriculteurs bloquent les routes du sud-ouest de la France contre la politique d&rsquo;abattage des bovins"},"content":{"rendered":"<div data-element-guid=\"7f7332a5-aca0-4fee-9990-ec700b171346\">\n<h2 class=\"subtitle \" style=\"\">L&rsquo;action en cours r\u00e9pond \u00e0 l&rsquo;abattage d&rsquo;\u00e9levages touch\u00e9s par la dermatose nodulaire contagieuse<\/h2>\n<\/div>\n<div data-element-guid=\"20005a02-7794-4e69-daeb-656bb05f9195\">\n<p><!-- placeholder(#1) --><\/p>\n<p>Des agriculteurs du sud de la France bloquent des routes majeures et des autoroutes pour protester contre la gestion par le gouvernement de la dermatose nodulaire contagieuse (DNC), alors que le ministre de l&rsquo;Agriculture tente de d\u00e9samorcer la situation.<\/p>\n<p>L&rsquo;A64 entre Toulouse et Bayonne demeure ferm\u00e9e pour le quatri\u00e8me jour, tandis que des barrages touchent aussi des portions de l&rsquo;A63, A65, A75 et A9.<\/p>\n<p>En Occitanie, les agriculteurs bloquent la RN20 pr\u00e8s de Tarascon-sur-Ari\u00e8ge, bloquant l&rsquo;acc\u00e8s \u00e0 Andorre, tandis que d&rsquo;autres actions sont en cours dans le Tarn, l&rsquo;Aveyron et le Gard.<\/p>\n<p>Dans de nombreuses communes, des agriculteurs se rassemblent pour protester devant les mairies, d\u00e9versant parfois du fumier \u2014 ou m\u00eame le pulv\u00e9risant.<\/p>\n<p>Des syndicats agricoles affirment que la mobilisation se poursuivra ind\u00e9finiment \u00e0 moins que l&rsquo;abattage massif des troupeaux ne soit suspendu, avec d&rsquo;autres protestations pr\u00e9vues tout au long de la semaine.<\/p>\n<h3>Le ministre ouvre la porte au changement<\/h3>\n<p>Pour la premi\u00e8re fois depuis le d\u00e9but de la crise, la ministre fran\u00e7aise de l&rsquo;Agriculture, Annie Genevard, a laiss\u00e9 entendre publiquement que le gouvernement pourrait \u00eatre dispos\u00e9 \u00e0 reconsid\u00e9rer sa politique d&rsquo;abattage syst\u00e9matique.<\/p>\n<p>Lors d&rsquo;une intervention sur <span data-lab-italic=\"italic\" class=\"italic m-italic\">France 2<\/span> le 15 d\u00e9cembre, elle a d\u00e9clar\u00e9 que \u00ab la discussion est ouverte \u00bb sur une \u00e9ventuelle suspension de l&rsquo;abattage syst\u00e9matique des troupeaux touch\u00e9s, ajoutant que les agriculteurs avaient pr\u00e9sent\u00e9 des \u00ab propositions s\u00e9rieuses et m\u00fbrement r\u00e9fl\u00e9chies \u00bb. <\/p>\n<p>\u00ab Je suis une femme de dialogue \u00bb, a-t-elle d\u00e9clar\u00e9, promettant de rencontrer \u00ab tout le monde \u00bb impliqu\u00e9 dans le diff\u00e9rend cette semaine, sans annoncer toutefois de changement imm\u00e9diat du protocole.<\/p>\n<h3>L&rsquo;abattage au c\u0153ur de la col\u00e8re<\/h3>\n<p>Les protestations ont \u00e9t\u00e9 d\u00e9clench\u00e9es par l&rsquo;abattage de troupeaux entiers apr\u00e8s des cas confirm\u00e9s de DNC en Ari\u00e8ge et en Haute-Garonne, dont 207 bovins ont \u00e9t\u00e9 abattus la semaine derni\u00e8re dans une ferme de l&rsquo;Ari\u00e8ge.<\/p>\n<p>Plusieurs autres fermes dans la Haute-Garonne font actuellement l&rsquo;objet d&rsquo;une enqu\u00eate pour des cas suspects, les r\u00e9sultats des tests \u00e9tant en attente.<\/p>\n<p>Cette maladie virale hautement contagieuse provoque fi\u00e8vre, l\u00e9sions cutan\u00e9es et baisse de productivit\u00e9 chez les bovins, mais ne pr\u00e9sente pas de risque pour l&rsquo;homme \u00e0 travers la viande ou le lait.<\/p>\n<p>Depuis fin juin, 111 foyers ont \u00e9t\u00e9 d\u00e9tect\u00e9s en France, selon le minist\u00e8re de l&rsquo;Agriculture.<\/p>\n<p>Alors que le gouvernement affirme que l&rsquo;abattage rapide, les restrictions de d\u00e9placement et la vaccination cibl\u00e9e ont permis de contenir avec succ\u00e8s les \u00e9pid\u00e9mies ant\u00e9rieures dans l&rsquo;est de la France, de nombreux agriculteurs estiment que la strat\u00e9gie est disproportionn\u00e9e et \u00e9conomiquement d\u00e9vastatrice.<\/p>\n<h3>Lancement d&rsquo;une campagne de vaccination<\/h3>\n<p>Mme Genevard se rend en Haute-Garonne lundi apr\u00e8s-midi pour lancer une campagne de vaccination de masse couvrant entre 600 000 et un million de bovins dans les zones touch\u00e9es et les zones tampons environnantes. Elle pr\u00e9sidera \u00e9galement une r\u00e9union de crise \u00e0 la pr\u00e9fecture de Toulouse avec les responsables locaux, les services v\u00e9t\u00e9rinaires et les syndicats agricoles.<\/p>\n<p>\u00ab La campagne de vaccination est aujourd&rsquo;hui le principal horizon d&rsquo;espoir pour les \u00e9leveurs bovins \u00bb, indique le minist\u00e8re, la ministre insistant sur le fait que \u00ab la situation est ma\u00eetris\u00e9e \u00bb, ne citant \u00e0 pr\u00e9sent que deux fermes actives infect\u00e9es.<\/p>\n<p>La Coordination rurale, qui m\u00e8ne nombre des blocages, a directement appel\u00e9 le Premier ministre S\u00e9bastien Lecornu \u00e0 intervenir.<\/p>\n<p>Son pr\u00e9sident, Bertrand Venteau, a d\u00e9clar\u00e9 que la strat\u00e9gie actuelle \u00ab ne fonctionne pas \u00bb et a appel\u00e9 \u00e0 une vaccination pr\u00e9ventive au-del\u00e0 des zones infect\u00e9es et \u00e0 un arr\u00eat imm\u00e9diat de l&rsquo;abattage massif.<\/p>\n<p>\u00c0 mesure que les discussions commencent, les agriculteurs qui occupent des sites autoroutiers affirment \u00eatre pr\u00eats \u00e0 rester en place pendant des jours \u2014 voire plus longtemps \u2014 si des engagements concrets ne suivent pas.<\/p>\n<\/div>\n","protected":false},"excerpt":{"rendered":"<p>L&rsquo;action en cours r\u00e9pond \u00e0 l&rsquo;abattage d&rsquo;\u00e9levages touch\u00e9s par la dermatose nodulaire contagieuse Des agriculteurs du sud de la France bloquent des routes majeures et des autoroutes pour protester contre la gestion par le gouvernement de la dermatose nodulaire contagieuse (DNC), alors que le ministre de l&rsquo;Agriculture tente de d\u00e9samorcer la situation. L&rsquo;A64 entre Toulouse [&hellip;]<\/p>\n","protected":false},"author":1,"featured_media":347,"comment_status":"open","ping_status":"open","sticky":false,"template":"","format":"standard","meta":{"footnotes":""},"categories":[1],"tags":[171,196,776,179,775,42,37,35,146,138,237],"class_list":["post-560","post","type-post","status-publish","format-standard","has-post-thumbnail","hentry","category-non-classe","tag-agriculteurs","tag-bloquent","tag-bovins","tag-contre","tag-dabattage","tag-des","tag-france","tag-les","tag-politique","tag-routes","tag-sudouest"],"_links":{"self":[{"href":"https:\/\/www.rachida-dati.eu\/actualites\/wp-json\/wp\/v2\/posts\/560","targetHints":{"allow":["GET"]}}],"collection":[{"href":"https:\/\/www.rachida-dati.eu\/actualites\/wp-json\/wp\/v2\/posts"}],"about":[{"href":"https:\/\/www.rachida-dati.eu\/actualites\/wp-json\/wp\/v2\/types\/post"}],"author":[{"embeddable":true,"href":"https:\/\/www.rachida-dati.eu\/actualites\/wp-json\/wp\/v2\/users\/1"}],"replies":[{"embeddable":true,"href":"https:\/\/www.rachida-dati.eu\/actualites\/wp-json\/wp\/v2\/comments?post=560"}],"version-history":[{"count":1,"href":"https:\/\/www.rachida-dati.eu\/actualites\/wp-json\/wp\/v2\/posts\/560\/revisions"}],"predecessor-version":[{"id":561,"href":"https:\/\/www.rachida-dati.eu\/actualites\/wp-json\/wp\/v2\/posts\/560\/revisions\/561"}],"wp:featuredmedia":[{"embeddable":true,"href":"https:\/\/www.rachida-dati.eu\/actualites\/wp-json\/wp\/v2\/media\/347"}],"wp:attachment":[{"href":"https:\/\/www.rachida-dati.eu\/actualites\/wp-json\/wp\/v2\/media?parent=560"}],"wp:term":[{"taxonomy":"category","embeddable":true,"href":"https:\/\/www.rachida-dati.eu\/actualites\/wp-json\/wp\/v2\/categories?post=560"},{"taxonomy":"post_tag","embeddable":true,"href":"https:\/\/www.rachida-dati.eu\/actualites\/wp-json\/wp\/v2\/tags?post=560"}],"curies":[{"name":"wp","href":"https:\/\/api.w.org\/{rel}","templated":true}]}}