{"id":571,"date":"2025-12-19T10:53:04","date_gmt":"2025-12-19T09:53:04","guid":{"rendered":"https:\/\/www.rachida-dati.eu\/actualites\/dates-cles-de-decembre-2025-en-france-greves-impots-et-festivites\/"},"modified":"2025-12-19T10:53:05","modified_gmt":"2025-12-19T09:53:05","slug":"dates-cles-de-decembre-2025-en-france-greves-impots-et-festivites","status":"publish","type":"post","link":"https:\/\/www.rachida-dati.eu\/actualites\/dates-cles-de-decembre-2025-en-france-greves-impots-et-festivites\/","title":{"rendered":"Dates cl\u00e9s de d\u00e9cembre 2025 en France : gr\u00e8ves, imp\u00f4ts et festivit\u00e9s"},"content":{"rendered":"<div data-element-guid=\"2fab827b-c2af-457a-8ca0-fc1ea1a3b815\">\n<h2 class=\"subtitle \" style=\"\">Inclure le jour pour contester toute erreur sur votre facture de taxe fonci\u00e8re<\/h2>\n<\/p>\n<\/div>\n<div data-element-guid=\"79d9b507-bc1d-410f-c822-2c51a77ca3b2\">\n<p><!-- placeholder(#1) --><\/p>\n<h2> Dates pratiques<br \/>\n<\/h2>\n<p data-lab-font_weight=\"font-weight-bold\" class=\"font-weight-bold m-font-weight-bold\">2 d\u00e9cembre \u2013 Gr\u00e8ve nationale<\/p>\n<p>Trois syndicats \u2013 FSU, CGT et Solidaires \u2013 ont appel\u00e9 \u00e0 une gr\u00e8ve nationale pour exiger la justice sociale, fiscale et environnementale en r\u00e9ponse au projet de budget 2026. Attendez-vous \u00e0 d&rsquo;\u00e9ventuelles perturbations dans les transports, les soins de sant\u00e9 et l&rsquo;\u00e9ducation. D&rsquo;autres actions pourraient avoir lieu plus tard en d\u00e9cembre.<\/p>\n<p class=\"font-weight-bold m-font-weight-bold\" data-lab-font_weight=\"font-weight-bold\">12 d\u00e9cembre \u2013 Ouverture du tunnel du Mont-Blanc<\/p>\n<p>Le tunnel rouvrira dans les deux sens apr\u00e8s 15 semaines de travaux.<\/p>\n<p class=\"font-weight-bold m-font-weight-bold\" data-lab-font_weight=\"font-weight-bold\">15 d\u00e9cembre \u2013 Dates limites fiscales<\/p>\n<p>Le dernier jour pour payer la <span data-lab-italic=\"italic\" class=\"italic m-italic\">taxe d\u2019habitation<\/span> sur les r\u00e9sidences secondaires, ainsi que la&nbsp;<span data-lab-italic=\"italic\" class=\"italic m-italic\">taxe sur les logements vacants<\/span> le cas \u00e9ch\u00e9ant, si vous ne payez pas en ligne.<\/p>\n<p data-lab-font_weight=\"\">Il s\u2019agit aussi de la <span data-lab-font_weight=\"font-weight-bold\" class=\"font-weight-bold m-font-weight-bold\">date limite du pr\u00e9l\u00e8vement anticip\u00e9<\/span> de la <span data-lab-italic=\"italic\" class=\"italic m-italic\">Contribution Diff\u00e9rentielle sur les Hauts Revenus (<\/span>CDHR) taxe sur les m\u00e9nages \u00e0 hauts revenus &#8211; une nouvelle taxe pour 2025 visant les m\u00e9nages dont le revenu est d\u2019au moins 250 000 \u20ac ou 500 000 \u20ac pour un couple &#8211; ainsi que la CFE (<span data-lab-italic=\"italic\" class=\"italic m-italic\">cotisation fonci\u00e8re des entreprises<\/span>) <span data-lab-font_weight=\"font-weight-bold\" class=\"font-weight-bold m-font-weight-bold\">taxe sur les entreprises<\/span>.\u00a0<\/p>\n<p>Ces deux paiements s\u2019effectuent en ligne via l\u2019espace personnel d\u2019un utilisateur sur le site fiscal fran\u00e7ais.<\/p>\n<p class=\"font-weight-bold m-font-weight-bold\" data-lab-font_weight=\"font-weight-bold\">Mi-d\u00e9cembre (environ) \u2013 Corrections de l\u2019imp\u00f4t sur le revenu<\/p>\n<p>Derni\u00e8re fen\u00eatre pour soumettre les corrections \u00e0 votre d\u00e9claration de revenus 2024.<\/p>\n<p class=\"font-weight-bold m-font-weight-bold\" data-lab-font_weight=\"font-weight-bold\">20 d\u00e9cembre \u2013 Date limite de paiement en ligne pour la <span data-lab-italic=\"italic\" class=\"italic m-italic\">taxe d\u2019habitation<\/span><\/p>\n<p>La date limite pour payer la <span data-lab-italic=\"italic\" class=\"italic m-italic\">taxe d\u2019habitation<\/span> en ligne.<\/p>\n<p class=\"font-weight-bold m-font-weight-bold\" data-lab-font_weight=\"font-weight-bold\">20 d\u00e9cembre \u2013 5 janvier \u2013 Vacances scolaires<\/p>\n<p>Vacances scolaires de No\u00ebl pour toutes les zones en France.<\/p>\n<p class=\"font-weight-bold m-font-weight-bold\" data-lab-font_weight=\"font-weight-bold\">29 d\u00e9cembre \u2013 Paiement par pr\u00e9l\u00e8vement automatique pour les imp\u00f4ts<\/p>\n<p>Pour ceux qui ont opt\u00e9 pour un pr\u00e9l\u00e8vement automatique ponctuel (<span data-lab-italic=\"italic\" class=\"italic m-italic\">pr\u00e9l\u00e8vement \u00e0 l\u2019\u00e9ch\u00e9ance<\/span>) pour la <span data-lab-italic=\"italic\" class=\"italic m-italic\">taxe d\u2019habitation<\/span>, le paiement sera pr\u00e9lev\u00e9 aujourd\u2019hui.\u00a0<\/p>\n<p>Il s\u2019agit aussi de la date du dernier paiement de l\u2019imp\u00f4t sur le revenu 2025 sur les revenus de 2024, si le montant de la facture d\u00e9passait 300 \u20ac et a donc \u00e9t\u00e9 r\u00e9parti en quatre paiements \u00e9gaux.<\/p>\n<p class=\"font-weight-bold m-font-weight-bold\" data-lab-font_weight=\"font-weight-bold\">31 d\u00e9cembre \u2013 Date limite pour contester les erreurs de la <span data-lab-italic=\"italic\" class=\"italic m-italic\">taxe fonci\u00e8re<\/span><\/p>\n<p>Dernier jour pour contester toute erreur sur votre facture de taxe fonci\u00e8re relative \u00e0 l\u2019ann\u00e9e 2024.<\/p>\n<p><span data-lab-font_weight=\"font-weight-bold\" class=\"font-weight-bold m-font-weight-bold\">Rappel : conduite nocturne ou par mauvais temps<\/span>\n<\/p>\n<p>\u00c0 l\u2019approche de l\u2019hiver, les forces de l\u2019ordre rappellent aux conducteurs les r\u00e8gles d\u2019utilisation des phares selon les conditions m\u00e9t\u00e9orologiques ou de visibilit\u00e9.<\/p>\n<p>La Gendarmerie du Cher a r\u00e9cemment publi\u00e9 des conseils sur les diff\u00e9rents types de feux et leur utilisation correcte afin de vous permettre de voir \u2013 et d\u2019\u00eatre vu \u2013 sur la route.<\/p>\n<p>Ces r\u00e8gles sont pr\u00e9cis\u00e9es dans les Articles R313-1 \u00e0 R313-32-1 du Code de la route.<br \/>\nLes conducteurs encourent une amende de 68 \u20ac s\u2019ils n\u2019utilisent pas les feux appropri\u00e9s, et la police peut immobiliser un v\u00e9hicule \u00e0 tout moment s\u2019il est jug\u00e9 insuffisamment visible.<\/p>\n<h2>Dates culturelles<\/h2>\n<p class=\"font-weight-bold m-font-weight-bold\" data-lab-font_weight=\"font-weight-bold\">3\u20137 d\u00e9cembre \u2013 Les Trans Musicales, Rennes<\/p>\n<p>Le festival annuel de Rennes consacr\u00e9 \u00e0 une nouvelle musique de pointe revient au parc des expositions, mettant en lumi\u00e8re des artistes \u00e9mergents de France et d\u2019ailleurs.<\/p>\n<p class=\"font-weight-bold m-font-weight-bold\" data-lab-font_weight=\"font-weight-bold\">5\u20138 d\u00e9cembre \u2013 F\u00eate des Lumi\u00e8res, Lyon<\/p>\n<p>Le festival embl\u00e9matique de Lyon illumine la ville avec des projections, des installations artistiques et des spectacles en plein air dans ses quartiers centraux.<\/p>\n<p class=\"font-weight-bold m-font-weight-bold\" data-lab-font_weight=\"font-weight-bold\">6 d\u00e9cembre \u2013 Saint-Nicolas<\/p>\n<p>C\u00e9l\u00e9br\u00e9 particuli\u00e8rement dans le nord de la France et en Alsace, o\u00f9 Saint-Nicolas rend visite avec des bonbons pour les enfants. Dans le reste de la France, l\u2019attention se tourne vers le P\u00e8re No\u00ebl.<\/p>\n<p class=\"font-weight-bold m-font-weight-bold\" data-lab-font_weight=\"font-weight-bold\">25 d\u00e9cembre \u2013 No\u00ebl<\/p>\n<p>F\u00e9ri\u00e9 public \u00e0 l\u2019\u00e9chelle nationale, marqu\u00e9 par les r\u00e9unions familiales, les repas festifs et des traditions de longue date.<\/p>\n<p class=\"font-weight-bold m-font-weight-bold\" data-lab-font_weight=\"font-weight-bold\">31 d\u00e9cembre \u2013 R\u00e9veillon du Nouvel An (R\u00e9veillon de la Saint-Sylvestre)<\/p>\n<p>Les c\u00e9l\u00e9brations se tiennent partout en France avec des d\u00eeners, des feux d\u2019artifice dans les grandes villes et des compte \u00e0 rebours \u00e0 minuit.<\/p>\n<p class=\"font-weight-bold m-font-weight-bold\" data-lab-font_weight=\"font-weight-bold\">Tout le mois de d\u00e9cembre \u2013 March\u00e9s de No\u00ebl et illuminations<\/p>\n<p>Les march\u00e9s de No\u00ebl, les illuminations et les sc\u00e8nes de rue saisonni\u00e8res se retrouvent dans toute la France, notamment \u00e0 Strasbourg, Colmar, Reims et Paris.<\/p>\n","protected":false},"excerpt":{"rendered":"<p>Inclure le jour pour contester toute erreur sur votre facture de taxe fonci\u00e8re Dates pratiques 2 d\u00e9cembre \u2013 Gr\u00e8ve nationale Trois syndicats \u2013 FSU, CGT et Solidaires \u2013 ont appel\u00e9 \u00e0 une gr\u00e8ve nationale pour exiger la justice sociale, fiscale et environnementale en r\u00e9ponse au projet de budget 2026. Attendez-vous \u00e0 d&rsquo;\u00e9ventuelles perturbations dans les [&hellip;]<\/p>\n","protected":false},"author":1,"featured_media":572,"comment_status":"open","ping_status":"open","sticky":false,"template":"","format":"standard","meta":{"footnotes":""},"categories":[1],"tags":[305,787,61,789,37,499,788],"class_list":["post-571","post","type-post","status-publish","format-standard","has-post-thumbnail","hentry","category-non-classe","tag-cles","tag-dates","tag-decembre","tag-festivites","tag-france","tag-greves","tag-impots"],"_links":{"self":[{"href":"https:\/\/www.rachida-dati.eu\/actualites\/wp-json\/wp\/v2\/posts\/571","targetHints":{"allow":["GET"]}}],"collection":[{"href":"https:\/\/www.rachida-dati.eu\/actualites\/wp-json\/wp\/v2\/posts"}],"about":[{"href":"https:\/\/www.rachida-dati.eu\/actualites\/wp-json\/wp\/v2\/types\/post"}],"author":[{"embeddable":true,"href":"https:\/\/www.rachida-dati.eu\/actualites\/wp-json\/wp\/v2\/users\/1"}],"replies":[{"embeddable":true,"href":"https:\/\/www.rachida-dati.eu\/actualites\/wp-json\/wp\/v2\/comments?post=571"}],"version-history":[{"count":1,"href":"https:\/\/www.rachida-dati.eu\/actualites\/wp-json\/wp\/v2\/posts\/571\/revisions"}],"predecessor-version":[{"id":573,"href":"https:\/\/www.rachida-dati.eu\/actualites\/wp-json\/wp\/v2\/posts\/571\/revisions\/573"}],"wp:featuredmedia":[{"embeddable":true,"href":"https:\/\/www.rachida-dati.eu\/actualites\/wp-json\/wp\/v2\/media\/572"}],"wp:attachment":[{"href":"https:\/\/www.rachida-dati.eu\/actualites\/wp-json\/wp\/v2\/media?parent=571"}],"wp:term":[{"taxonomy":"category","embeddable":true,"href":"https:\/\/www.rachida-dati.eu\/actualites\/wp-json\/wp\/v2\/categories?post=571"},{"taxonomy":"post_tag","embeddable":true,"href":"https:\/\/www.rachida-dati.eu\/actualites\/wp-json\/wp\/v2\/tags?post=571"}],"curies":[{"name":"wp","href":"https:\/\/api.w.org\/{rel}","templated":true}]}}