{"id":580,"date":"2025-12-20T03:44:36","date_gmt":"2025-12-20T02:44:36","guid":{"rendered":"https:\/\/www.rachida-dati.eu\/actualites\/reprise-des-travaux-sur-lautoroute-a69-dans-le-sud-ouest-apres-avis-du-tribunal\/"},"modified":"2025-12-20T03:44:36","modified_gmt":"2025-12-20T02:44:36","slug":"reprise-des-travaux-sur-lautoroute-a69-dans-le-sud-ouest-apres-avis-du-tribunal","status":"publish","type":"post","link":"https:\/\/www.rachida-dati.eu\/actualites\/reprise-des-travaux-sur-lautoroute-a69-dans-le-sud-ouest-apres-avis-du-tribunal\/","title":{"rendered":"Reprise des travaux sur l&rsquo;autoroute A69 dans le Sud-Ouest apr\u00e8s avis du tribunal"},"content":{"rendered":"<div data-element-guid=\"2fab827b-c2af-457a-8ca0-fc1ea1a3b815\">\n<h2 class=\"subtitle \" style=\"\">La cour d&rsquo;appel statuera sur l&rsquo;affaire en janvier et suit g\u00e9n\u00e9ralement l&rsquo;avis du rapporteur<\/h2>\n<\/p>\n<\/div>\n<div data-element-guid=\"ba8025ce-ec6d-42db-9307-37b48402918b\">\n<p><!-- placeholder(#1) --><\/p>\n<p>Un conseiller du tribunal a recommand\u00e9 aux juges que la d\u00e9cision d\u2019un tribunal inf\u00e9rieur de suspendre les travaux sur l\u2019autoroute A69, dans le sud-ouest de la France, soit enti\u00e8rement annul\u00e9e.<\/p>\n<p>Les tribunaux administratifs suivent g\u00e9n\u00e9ralement l\u2019avis du <span data-lab-italic=\"italic\" class=\"italic m-italic\">rapporteur public<\/span>, ce qui indique que l\u2019autoroute pourrait \u00eatre sur le point de terminer les travaux l\u2019ann\u00e9e prochaine.\u00a0<\/p>\n<p>L\u2019autoroute est en grande partie termin\u00e9e car les travaux se poursuivent, malgr\u00e9 une interdiction ant\u00e9rieure prononc\u00e9e par le tribunal administratif de Toulouse, en raison d\u2019un sursis \u00e0 ex\u00e9cution et d\u2019un processus d\u2019appel, et le ministre fran\u00e7ais des Transports estime que la route pourrait \u00eatre ouverte aux v\u00e9hicules d\u00e8s octobre ou novembre 2026.<\/p>\n<p>Environ 82 % des terrassements et 95 % des ing\u00e9nieries pour l\u2019itin\u00e9raire sont achev\u00e9s selon le concessionnaire Atosca, la pose d\u2019asphalte le long de la route constituant la derni\u00e8re grande \u00e9tape du projet.\u00a0<\/p>\n<h2>Histoire compliqu\u00e9e de la nouvelle autoroute<\/h2>\n<p>L\u2019A69 doit relier Castres et Toulouse mais a \u00e9t\u00e9 confront\u00e9e \u00e0 des d\u00e9fis environnementaux et juridiques pendant plusieurs ann\u00e9es.\u00a0<\/p>\n<p>Une carte de l\u2019itin\u00e9raire est montr\u00e9e ci-dessous.<\/p>\n<figure data-element-guid=\"6d366583-3605-4794-9fa5-3add37d28f20\" class=\"column desktop-floatLeft mobile-floatLeft small-12 large-8 small-abs-12 large-abs-8\">\n<div class=\"content \" style=\"\">\n<div class=\"img fullwidthTarget\">\n            <picture><source  width=\"706\" height=\"502\" media=\"(min-width: 768px)\" type=\"image\/webp\"><source  width=\"706\" height=\"502\" media=\"(min-width: 768px)\" type=\"image\/jpeg\"><source  width=\"480\" height=\"341\" media=\"(max-width: 767px)\" type=\"image\/webp\"><source  width=\"480\" height=\"341\" media=\"(max-width: 767px)\" type=\"image\/jpeg\"><\/source><\/source><\/source><\/source><\/picture>\n                    <\/div>\n<\/p><\/div>\n<\/figure>\n<p>Des militants \u00e9cologistes ont organis\u00e9 plusieurs manifestations le long de l\u2019itin\u00e9raire au fil des ann\u00e9es, affirmant que la construction de la route d\u00e9truit des habitats rares dans la r\u00e9gion et entra\u00eene une augmentation \u00e9vitable de la pollution.<\/p>\n<p>Les manifestants ont \u00e9galement engag\u00e9 une bataille juridique qui a abouti, devant le tribunal administratif de Toulouse, \u00e0 une d\u00e9cision <span data-lab-font_weight=\"font-weight-bold\" class=\"font-weight-bold m-font-weight-bold\">d\u2019arr\u00eater la construction de l\u2019autoroute en f\u00e9vrier 2025<\/span> pour des raisons environnementales.\u00a0<\/p>\n<p>Cela, alors m\u00eame que l\u2019autoroute \u00e9tait d\u00e9j\u00e0 plus de la moiti\u00e9 construite \u00e0 l\u2019\u00e9poque.\u00a0<\/p>\n<p>L\u2019\u00c9tat fran\u00e7ais a fait appel de la d\u00e9cision du tribunal de Toulouse, et en mai 2025 une nouvelle d\u00e9cision a permis la poursuite des travaux pendant que l\u2019appel \u00e9tait examin\u00e9 par les tribunaux.\u00a0<\/p>\n<p><span data-lab-font_weight=\"font-weight-bold\" class=\"font-weight-bold m-font-weight-bold\">Les travaux sur l\u2019autoroute ont donc repris en juin 2025<\/span> malgr\u00e9 le retrait pr\u00e9vu des permis.<\/p>\n<p>Lors de l\u2019audience de mai 2025, le rapporteur public s\u2019est prononc\u00e9 en faveur de la poursuite des travaux \u2013 contrairement \u00e0 la d\u00e9cision initiale \u2013 et l\u2019a fait \u00e0 nouveau.<\/p>\n<p>Il souligne l\u2019importance \u00e9conomique de la route pour la r\u00e9gion comme primordiale.<\/p>\n<h2>Et apr\u00e8s ?<\/h2>\n<p>La cour d\u2019appel fran\u00e7aise devrait rendre une d\u00e9cision sur l\u2019affaire en janvier 2026. Si elle suit comme pr\u00e9vu l\u2019avis du rapporteur, elle annulera la d\u00e9cision initiale de suspendre les travaux et r\u00e9tablira officiellement les permis de construire, permettant la poursuite des travaux.\u00a0<\/p>\n<p>Les opposants men\u00e9s par le groupe La voie est libre devraient d\u00e9poser un recours contre cela, qui sera transmis au Conseil d\u2019\u00c9tat, bien que pendant ce temps les travaux sur l\u2019autoroute devraient probablement se poursuivre.<\/p>\n<p>Au moment o\u00f9 cette d\u00e9cision d\u00e9finitive sera rendue \u2014 quelque part dans la seconde moiti\u00e9 de 2026 \u2014, l\u2019autoroute devrait \u00eatre presque achev\u00e9e.\u00a0<\/p>\n<p>La voie est libre d\u00e9pose une autre affaire distincte concernant des empi\u00e8tements ill\u00e9gaux dans les zones environnementales par des travailleurs de la construction, appelant \u00e0 nouveau \u00e0 une injonction et \u00e0 une pause des travaux sur la route.\u00a0<\/p>\n<p>L\u2019autoroute est destin\u00e9e \u00e0 devenir une route \u00e0 flux libre, sans barri\u00e8res, mais les conducteurs devront payer des p\u00e9ages soit en ligne, soit via des badges de t\u00e9l\u00e9p\u00e9age \u00e9lectroniques.<\/p>\n","protected":false},"excerpt":{"rendered":"<p>La cour d&rsquo;appel statuera sur l&rsquo;affaire en janvier et suit g\u00e9n\u00e9ralement l&rsquo;avis du rapporteur Un conseiller du tribunal a recommand\u00e9 aux juges que la d\u00e9cision d\u2019un tribunal inf\u00e9rieur de suspendre les travaux sur l\u2019autoroute A69, dans le sud-ouest de la France, soit enti\u00e8rement annul\u00e9e. Les tribunaux administratifs suivent g\u00e9n\u00e9ralement l\u2019avis du rapporteur public, ce qui [&hellip;]<\/p>\n","protected":false},"author":1,"featured_media":581,"comment_status":"open","ping_status":"open","sticky":false,"template":"","format":"standard","meta":{"footnotes":""},"categories":[1],"tags":[798,28,799,50,42,797,795,237,30,796,800],"class_list":["post-580","post","type-post","status-publish","format-standard","has-post-thumbnail","hentry","category-non-classe","tag-a69","tag-apres","tag-avis","tag-dans","tag-des","tag-lautoroute","tag-reprise","tag-sudouest","tag-sur","tag-travaux","tag-tribunal"],"_links":{"self":[{"href":"https:\/\/www.rachida-dati.eu\/actualites\/wp-json\/wp\/v2\/posts\/580","targetHints":{"allow":["GET"]}}],"collection":[{"href":"https:\/\/www.rachida-dati.eu\/actualites\/wp-json\/wp\/v2\/posts"}],"about":[{"href":"https:\/\/www.rachida-dati.eu\/actualites\/wp-json\/wp\/v2\/types\/post"}],"author":[{"embeddable":true,"href":"https:\/\/www.rachida-dati.eu\/actualites\/wp-json\/wp\/v2\/users\/1"}],"replies":[{"embeddable":true,"href":"https:\/\/www.rachida-dati.eu\/actualites\/wp-json\/wp\/v2\/comments?post=580"}],"version-history":[{"count":1,"href":"https:\/\/www.rachida-dati.eu\/actualites\/wp-json\/wp\/v2\/posts\/580\/revisions"}],"predecessor-version":[{"id":582,"href":"https:\/\/www.rachida-dati.eu\/actualites\/wp-json\/wp\/v2\/posts\/580\/revisions\/582"}],"wp:featuredmedia":[{"embeddable":true,"href":"https:\/\/www.rachida-dati.eu\/actualites\/wp-json\/wp\/v2\/media\/581"}],"wp:attachment":[{"href":"https:\/\/www.rachida-dati.eu\/actualites\/wp-json\/wp\/v2\/media?parent=580"}],"wp:term":[{"taxonomy":"category","embeddable":true,"href":"https:\/\/www.rachida-dati.eu\/actualites\/wp-json\/wp\/v2\/categories?post=580"},{"taxonomy":"post_tag","embeddable":true,"href":"https:\/\/www.rachida-dati.eu\/actualites\/wp-json\/wp\/v2\/tags?post=580"}],"curies":[{"name":"wp","href":"https:\/\/api.w.org\/{rel}","templated":true}]}}