{"id":589,"date":"2025-12-20T20:53:26","date_gmt":"2025-12-20T19:53:26","guid":{"rendered":"https:\/\/www.rachida-dati.eu\/actualites\/decouvrez-les-celebrations-de-la-saint-nicolas-dans-lest-de-la-france\/"},"modified":"2025-12-20T20:53:26","modified_gmt":"2025-12-20T19:53:26","slug":"decouvrez-les-celebrations-de-la-saint-nicolas-dans-lest-de-la-france","status":"publish","type":"post","link":"https:\/\/www.rachida-dati.eu\/actualites\/decouvrez-les-celebrations-de-la-saint-nicolas-dans-lest-de-la-france\/","title":{"rendered":"D\u00e9couvrez les c\u00e9l\u00e9brations de la Saint-Nicolas dans l\u2019est de la France"},"content":{"rendered":"<div data-element-guid=\"7f7332a5-aca0-4fee-9990-ec700b171346\">\n<h2 class=\"subtitle \" style=\"\">Le P\u00e8re No\u00ebl est connu pour la distribution de cadeaux le 24 d\u00e9cembre, mais dans l&rsquo;est de la France, une autre figure barbu porteuse de cadeaux est c\u00e9l\u00e9br\u00e9e bien plus t\u00f4t dans le mois<\/h2>\n<\/p>\n<\/div>\n<div data-element-guid=\"fc25efa3-1ad0-4f1d-a88b-e3e3eaf27492\">\n<p><!-- placeholder(#1) --><\/p>\n<p>Les zones historiques de Flandre, Alsace, Lorraine, Champagne et Franche-Comt\u00e9 constituent les principales r\u00e9gions de France \u00e0 c\u00e9l\u00e9brer Saint-Nicolas.<\/p>\n<p>Il est g\u00e9n\u00e9ralement repr\u00e9sent\u00e9 comme un \u00e9v\u00eaque \u00e0 la barbe blanche accompagn\u00e9 d&rsquo;\u00e2nes, et qui apporte des cadeaux pour les enfants.<\/p>\n<p>La tradition remonte dit-on \u00e0 la bataille de Nancy en 1477.<\/p>\n<p>Le duc de Lorraine, Ren\u00e9 II, mena son arm\u00e9e \u00e0 la bataille contre le duc de Bourgogne (Charles le T\u00e9m\u00e9raire, ou Charles le Hardi), apr\u00e8s avoir demand\u00e9 la protection de Saint-Nicolas.\u00a0<\/p>\n<p>Ren\u00e9 II remporta la bataille et Saint-Nicolas est depuis c\u00e9l\u00e9br\u00e9 dans les r\u00e9gions voisines &#8211; y compris dans la ville de Nancy (Meurthe-et-Moselle) elle-m\u00eame.\u00a0<\/p>\n<h2>C\u00e9l\u00e9brer les <span data-lab-italic=\"italic\" class=\"italic m-italic\">f\u00eates de Saint-Nicolas<\/span> \u00e0 Nancy<\/h2>\n<p>La ville a lanc\u00e9 ses festivit\u00e9s le 24 novembre, avec une s\u00e9rie de stands de march\u00e9, une patinoire et des installations lumineuses qui seront en place jusqu&rsquo;au 4 janvier.<\/p>\n<p>Cependant, ce samedi et dimanche (les 6 et 7 d\u00e9cembre) marquent le <span data-lab-italic=\"italic\" class=\"italic m-italic\">grand week-end de Saint-Nicolas<\/span>.<\/p>\n<p>Cette ann\u00e9e, la c\u00e9l\u00e9bration s&rsquo;inspire des Ann\u00e9es folles, avec des fanfares, des prestations de po\u00e9sie, des projections de films, des performances th\u00e9\u00e2trales, des sets DJ et bien plus encore.\u00a0<\/p>\n<p>Le Grand D\u00e9fil\u00e9 aura lieu le 6 d\u00e9cembre \u00e0 17 h 30, suivi d&rsquo;une \u00ab c\u00e9r\u00e9monie des cl\u00e9s \u00bb (au cours de laquelle les cl\u00e9s de la ville sont remises du maire de Nancy \u00e0 Saint-Nicolas) et d&rsquo;un feu d&rsquo;artifice. Vous pouvez trouver plus d&rsquo;informations ici.<\/p>\n<h2>Qui \u00e9tait Saint-Nicolas\u00a0?<\/h2>\n<p>Le saint lui-m\u00eame serait bas\u00e9 sur une personne r\u00e9elle, Nicolas de Myre &#8211; \u00e9galement connu sous le nom de Nicolas de Bari &#8211; un \u00e9v\u00eaque n\u00e9 au IIIe si\u00e8cle, dans l&rsquo;actuelle Turquie.<\/p>\n<p>L&rsquo;\u00e9v\u00eaque \u00e9tait connu pour prot\u00e9ger les enfants, les veuves et les personnes vuln\u00e9rables, et \u00e9tait c\u00e9l\u00e9br\u00e9 comme un homme bon et g\u00e9n\u00e9reux.<\/p>\n<p>Pendant sa vie, il fut pers\u00e9cut\u00e9 par l&#8217;empereur romain Diocl\u00e9tien, emprisonn\u00e9 et contraint \u00e0 l&rsquo;exil.<\/p>\n<p>Peu apr\u00e8s sa mort le 6 d\u00e9cembre de l&rsquo;an 343, des miracles furent attribu\u00e9s \u00e0 l&rsquo;esprit de l&rsquo;\u00e9v\u00eaque, et il devint connu sous le nom de Saint-Nicolas, patron des enfants, des marins, des c\u00e9libataires et des prisonniers.<\/p>\n<p>Sa f\u00eate, <span data-lab-italic=\"italic\" class=\"italic m-italic\">la f\u00eate de la Saint-Nicolas<\/span>, est c\u00e9l\u00e9br\u00e9e par de nombreux chr\u00e9tiens \u00e0 travers le monde le 6 d\u00e9cembre \u2014 notamment dans de nombreux pays d&rsquo;Europe centrale et orientale, y compris l&rsquo;Allemagne, l&rsquo;Autriche, le Luxembourg, les Pays-Bas, la Roumanie, la Suisse, la Belgique et certaines parties de la France.<\/p>\n<figure data-element-guid=\"c42f2ddd-a30e-4830-a646-51a417c86552\" class=\"column desktop-floatLeft mobile-floatLeft small-12 large-12 small-abs-12 large-abs-12\">\n<div class=\"content \" style=\"\">\n<div class=\"img fullwidthTarget\">\n            <picture><source  width=\"1058\" height=\"709\" media=\"(min-width: 768px)\" type=\"image\/webp\"><source  width=\"1058\" height=\"709\" media=\"(min-width: 768px)\" type=\"image\/jpeg\"><source  width=\"480\" height=\"322\" media=\"(max-width: 767px)\" type=\"image\/webp\"><source  width=\"480\" height=\"322\" media=\"(max-width: 767px)\" type=\"image\/jpeg\"><\/picture>\n                    <\/div>\n<\/p><\/div>\n<\/figure>\n<p>Selon la l\u00e9gende, dans la nuit du 5 d\u00e9cembre, il descend par la chemin\u00e9e des maisons et offre des cadeaux aux enfants sages.<\/p>\n<p>Les cadeaux typiques comprennent des pommes, des fruits secs, des chocolats et un pain d&rsquo;\u00e9pices traditionnel cuit en forme de l&rsquo;\u00e9v\u00eaque lui-m\u00eame.<\/p>\n<p>Dans certaines r\u00e9gions, comme l&rsquo;Alsace et la Moselle, les boulangeries locales pr\u00e9parent des gourmandises en brioche appel\u00e9es Le Mannele, qui prennent la forme d&rsquo;un \u00e9v\u00eaque et sont parfois aromatis\u00e9es avec des raisins secs ou des p\u00e9pites de chocolat.<\/p>\n<p>Un personnage plus sombre, le P\u00e8re Fouettard, est parfois vu voyager avec Saint-Nicolas. Il distribue des cadeaux tels que du charbon, des pommes de terre, des betteraves et des oignons aux enfants qui se sont mal conduits.<\/p>\n<\/div>\n","protected":false},"excerpt":{"rendered":"<p>Le P\u00e8re No\u00ebl est connu pour la distribution de cadeaux le 24 d\u00e9cembre, mais dans l&rsquo;est de la France, une autre figure barbu porteuse de cadeaux est c\u00e9l\u00e9br\u00e9e bien plus t\u00f4t dans le mois Les zones historiques de Flandre, Alsace, Lorraine, Champagne et Franche-Comt\u00e9 constituent les principales r\u00e9gions de France \u00e0 c\u00e9l\u00e9brer Saint-Nicolas. Il est [&hellip;]<\/p>\n","protected":false},"author":1,"featured_media":590,"comment_status":"open","ping_status":"open","sticky":false,"template":"","format":"standard","meta":{"footnotes":""},"categories":[1],"tags":[814,50,529,37,35,815],"class_list":["post-589","post","type-post","status-publish","format-standard","has-post-thumbnail","hentry","category-non-classe","tag-celebrations","tag-dans","tag-decouvrez","tag-france","tag-les","tag-saintnicolas"],"_links":{"self":[{"href":"https:\/\/www.rachida-dati.eu\/actualites\/wp-json\/wp\/v2\/posts\/589","targetHints":{"allow":["GET"]}}],"collection":[{"href":"https:\/\/www.rachida-dati.eu\/actualites\/wp-json\/wp\/v2\/posts"}],"about":[{"href":"https:\/\/www.rachida-dati.eu\/actualites\/wp-json\/wp\/v2\/types\/post"}],"author":[{"embeddable":true,"href":"https:\/\/www.rachida-dati.eu\/actualites\/wp-json\/wp\/v2\/users\/1"}],"replies":[{"embeddable":true,"href":"https:\/\/www.rachida-dati.eu\/actualites\/wp-json\/wp\/v2\/comments?post=589"}],"version-history":[{"count":1,"href":"https:\/\/www.rachida-dati.eu\/actualites\/wp-json\/wp\/v2\/posts\/589\/revisions"}],"predecessor-version":[{"id":591,"href":"https:\/\/www.rachida-dati.eu\/actualites\/wp-json\/wp\/v2\/posts\/589\/revisions\/591"}],"wp:featuredmedia":[{"embeddable":true,"href":"https:\/\/www.rachida-dati.eu\/actualites\/wp-json\/wp\/v2\/media\/590"}],"wp:attachment":[{"href":"https:\/\/www.rachida-dati.eu\/actualites\/wp-json\/wp\/v2\/media?parent=589"}],"wp:term":[{"taxonomy":"category","embeddable":true,"href":"https:\/\/www.rachida-dati.eu\/actualites\/wp-json\/wp\/v2\/categories?post=589"},{"taxonomy":"post_tag","embeddable":true,"href":"https:\/\/www.rachida-dati.eu\/actualites\/wp-json\/wp\/v2\/tags?post=589"}],"curies":[{"name":"wp","href":"https:\/\/api.w.org\/{rel}","templated":true}]}}