{"id":592,"date":"2025-12-21T03:31:52","date_gmt":"2025-12-21T02:31:52","guid":{"rendered":"https:\/\/www.rachida-dati.eu\/actualites\/preparez-vous-a-des-factures-denergie-plus-elevees-en-france-en-raison-des-changements-du-cee\/"},"modified":"2025-12-21T03:31:52","modified_gmt":"2025-12-21T02:31:52","slug":"preparez-vous-a-des-factures-denergie-plus-elevees-en-france-en-raison-des-changements-du-cee","status":"publish","type":"post","link":"https:\/\/www.rachida-dati.eu\/actualites\/preparez-vous-a-des-factures-denergie-plus-elevees-en-france-en-raison-des-changements-du-cee\/","title":{"rendered":"Pr\u00e9parez-vous \u00e0 des factures d&rsquo;\u00e9nergie plus \u00e9lev\u00e9es en France en raison des changements du CEE"},"content":{"rendered":"<div data-element-guid=\"7f7332a5-aca0-4fee-9990-ec700b171346\">\n<h2 class=\"subtitle \" style=\"\">Les factures d&rsquo;\u00e9lectricit\u00e9 et de gaz des m\u00e9nages augmenteront<\/h2>\n<\/p>\n<\/div>\n<div data-element-guid=\"4f22dfb8-380e-4cfc-f3eb-8359251c0970\">\n<p><!-- placeholder(#1) --><\/p>\n<p>Les habitants de la France devraient pr\u00e9voir de payer en moyenne environ 50 \u20ac de plus sur leurs factures d&rsquo;\u00e9nergie domestique l&rsquo;ann\u00e9e prochaine.<\/p>\n<p>Cette hausse des prix est due \u00e0 des changements dans le dispositif des certificats d\u2019\u00e9conomies d\u2019\u00e9nergie (CEE), qui entrera en vigueur le 1er janvier 2026, selon <span data-lab-italic=\"italic\" class=\"italic m-italic\">France Inter<\/span>.<\/p>\n<p>Ces changements n\u2019affecteront pas les <span data-lab-font_weight=\"font-weight-bold\" class=\"font-weight-bold m-font-weight-bold\">contrats \u00e0 prix fixe<\/span> et ne s\u2019appliqueront qu\u2019aux m\u00e9nages priv\u00e9s.<\/p>\n<p>Les fournisseurs d\u2019\u00e9nergie tels qu\u2019EDF pourraient choisir de faire peser la hausse sur les clients, en fonction de leurs strat\u00e9gies commerciales. Engie a d\u00e9j\u00e0 laiss\u00e9 entendre que les factures de gaz et d\u2019\u00e9lectricit\u00e9 de leurs clients augmenteront l\u2019ann\u00e9e prochaine.<\/p>\n<h2>Qu\u2019impliquent les changements du CEE ?<\/h2>\n<p>Le dispositif CEE a \u00e9t\u00e9 mis en place en 2005 et est entr\u00e9 en vigueur en 2006, obligeant les fournisseurs d\u2019\u00e9nergie et les soci\u00e9t\u00e9s p\u00e9troli\u00e8res \u00e0 <span data-lab-font_weight=\"font-weight-bold\" class=\"font-weight-bold m-font-weight-bold\">financer des mesures visant \u00e0 r\u00e9duire la consommation d\u2019\u00e9nergie et \u00e0 am\u00e9liorer l\u2019efficacit\u00e9 \u00e9nerg\u00e9tique<\/span>, telles que des aides \u00e0 l\u2019isolation pour les m\u00e9nages \u00e0 faibles revenus.<\/p>\n<p>Le gouvernement a annonc\u00e9 que le volume des obligations d\u2019\u00e9conomies d\u2019\u00e9nergie que les fournisseurs doivent financer augmentera en janvier \u2013 cr\u00e9ant une opportunit\u00e9 de financement suppl\u00e9mentaire par le CEE mais susceptible de provoquer une hausse des prix des factures de gaz et d\u2019\u00e9lectricit\u00e9.<\/p>\n<p>Le ministre des Finances, Roland Lescure, a d\u00e9clar\u00e9 que le dispositif CEE n\u2019\u00e9tait \u00ab pas une forme de taxe \u00bb, mais a soulign\u00e9 que les compagnies p\u00e9troli\u00e8res l\u2019utilisent parfois comme une \u00ab excuse \u00bb pour augmenter les prix des carburants.<\/p>\n<p>L\u2019Union fran\u00e7aise des industries p\u00e9troli\u00e8res (Ufip) a d\u00e9clar\u00e9 que ces changements entra\u00eeneraient une hausse des prix comprise entre quatre et six centimes par litre de carburant \u00e0 la pompe.<\/p>\n<h2>R\u00e9actions des associations de consommateurs<\/h2>\n<p>L\u2019organisation de consommateurs UFC-Que Choisir r\u00e9clame un plafonnement des prix \u00e0 la hausse et une meilleure transparence sur la fa\u00e7on dont les CEE affectent les factures d\u2019\u00e9nergie des m\u00e9nages.<\/p>\n<p>\u00ab Il n\u2019existe aucune ligne CEE sur les factures, il est donc difficile de voir cet impact sur une p\u00e9riode donn\u00e9e \u00bb, a d\u00e9clar\u00e9 Clarisse Berger, sp\u00e9cialiste CEE chez UFC-Que Choisir, \u00e0 <span data-lab-italic=\"italic\" class=\"italic m-italic\">France Inter<\/span>.<\/p>\n<p>L\u2019institution fran\u00e7aise d\u2019audit, la <span data-lab-italic=\"italic\" class=\"italic m-italic\">Cour des comptes<\/span> <span data-lab-font_weight=\"font-weight-bold\" class=\"font-weight-bold m-font-weight-bold\">a publi\u00e9 un rapport sur les CEE<\/span> en septembre 2024, estimant que \u00ab en 2023, chaque m\u00e9nage a contribu\u00e9 en moyenne jusqu\u2019\u00e0 164 \u20ac au dispositif par le biais des factures d\u2019\u00e9nergie et des co\u00fbts li\u00e9s au carburant. \u00bb<\/p>\n<\/div>\n","protected":false},"excerpt":{"rendered":"<p>Les factures d&rsquo;\u00e9lectricit\u00e9 et de gaz des m\u00e9nages augmenteront Les habitants de la France devraient pr\u00e9voir de payer en moyenne environ 50 \u20ac de plus sur leurs factures d&rsquo;\u00e9nergie domestique l&rsquo;ann\u00e9e prochaine. Cette hausse des prix est due \u00e0 des changements dans le dispositif des certificats d\u2019\u00e9conomies d\u2019\u00e9nergie (CEE), qui entrera en vigueur le 1er [&hellip;]<\/p>\n","protected":false},"author":1,"featured_media":593,"comment_status":"open","ping_status":"open","sticky":false,"template":"","format":"standard","meta":{"footnotes":""},"categories":[1],"tags":[820,535,818,42,819,817,37,816,676],"class_list":["post-592","post","type-post","status-publish","format-standard","has-post-thumbnail","hentry","category-non-classe","tag-cee","tag-changements","tag-denergie","tag-des","tag-elevees","tag-factures","tag-france","tag-preparezvous","tag-raison"],"_links":{"self":[{"href":"https:\/\/www.rachida-dati.eu\/actualites\/wp-json\/wp\/v2\/posts\/592","targetHints":{"allow":["GET"]}}],"collection":[{"href":"https:\/\/www.rachida-dati.eu\/actualites\/wp-json\/wp\/v2\/posts"}],"about":[{"href":"https:\/\/www.rachida-dati.eu\/actualites\/wp-json\/wp\/v2\/types\/post"}],"author":[{"embeddable":true,"href":"https:\/\/www.rachida-dati.eu\/actualites\/wp-json\/wp\/v2\/users\/1"}],"replies":[{"embeddable":true,"href":"https:\/\/www.rachida-dati.eu\/actualites\/wp-json\/wp\/v2\/comments?post=592"}],"version-history":[{"count":1,"href":"https:\/\/www.rachida-dati.eu\/actualites\/wp-json\/wp\/v2\/posts\/592\/revisions"}],"predecessor-version":[{"id":594,"href":"https:\/\/www.rachida-dati.eu\/actualites\/wp-json\/wp\/v2\/posts\/592\/revisions\/594"}],"wp:featuredmedia":[{"embeddable":true,"href":"https:\/\/www.rachida-dati.eu\/actualites\/wp-json\/wp\/v2\/media\/593"}],"wp:attachment":[{"href":"https:\/\/www.rachida-dati.eu\/actualites\/wp-json\/wp\/v2\/media?parent=592"}],"wp:term":[{"taxonomy":"category","embeddable":true,"href":"https:\/\/www.rachida-dati.eu\/actualites\/wp-json\/wp\/v2\/categories?post=592"},{"taxonomy":"post_tag","embeddable":true,"href":"https:\/\/www.rachida-dati.eu\/actualites\/wp-json\/wp\/v2\/tags?post=592"}],"curies":[{"name":"wp","href":"https:\/\/api.w.org\/{rel}","templated":true}]}}