{"id":598,"date":"2025-12-21T13:50:59","date_gmt":"2025-12-21T12:50:59","guid":{"rendered":"https:\/\/www.rachida-dati.eu\/actualites\/senat-francais-rejette-la-reduction-du-seuil-de-tva-pour-les-petites-entreprises\/"},"modified":"2025-12-21T13:50:59","modified_gmt":"2025-12-21T12:50:59","slug":"senat-francais-rejette-la-reduction-du-seuil-de-tva-pour-les-petites-entreprises","status":"publish","type":"post","link":"https:\/\/www.rachida-dati.eu\/actualites\/senat-francais-rejette-la-reduction-du-seuil-de-tva-pour-les-petites-entreprises\/","title":{"rendered":"S\u00e9nat fran\u00e7ais rejette la r\u00e9duction du seuil de TVA pour les petites entreprises"},"content":{"rendered":"<div data-element-guid=\"7f7332a5-aca0-4fee-9990-ec700b171346\">\n<h2 class=\"subtitle \" style=\"\">Le vote fait reculer la proposition visant \u00e0 r\u00e9duire les seuils d&rsquo;exon\u00e9ration de TVA pour les travailleurs ind\u00e9pendants<\/h2>\n<\/p>\n<\/div>\n<div data-element-guid=\"ecca00e2-366c-4703-fb50-8006810fee98\">\n<p><!-- placeholder(#1) --><\/p>\n<p>Le S\u00e9nat fran\u00e7ais a rejet\u00e9 des projets visant \u00e0 abaisser les seuils de TVA pour les petites entreprises et les travailleurs ind\u00e9pendants.\u00a0<\/p>\n<p>Le 2 d\u00e9cembre, les s\u00e9nateurs ont vot\u00e9 en faveur d&rsquo;amendements visant \u00e0 retirer la proposition du <span data-lab-font_weight=\"font-weight-bold\" class=\"font-weight-bold m-font-weight-bold\">projet de loi de finances pour 2026<\/span>, qui constitue le budget annuel avec la <span data-lab-italic=\"italic\" class=\"italic m-italic\">la loi de financement de la s\u00e9curit\u00e9 sociale<\/span>.<\/p>\n<p>Ceci refl\u00e9tait les positions des d\u00e9put\u00e9s \u00e0 l&rsquo;<span data-lab-italic=\"italic\" class=\"italic m-italic\">Assembl\u00e9e nationale<\/span> le 20 novembre, o\u00f9 des amendements avaient \u00e9t\u00e9 adopt\u00e9s \u00e0 une quasi-unanimit\u00e9: 239 voix pour et quatre abstentions.<\/p>\n<p>Cela signifie que la r\u00e9forme, qui aurait introduit un seul seuil d&rsquo;exon\u00e9ration de TVA de 37 500 \u20ac pour les micro-entrepreneurs (25 000 \u20ac pour le secteur de la construction) \u00e0 partir du 1er janvier 2026, sera d\u00e9finitivement annul\u00e9e.\u00a0<\/p>\n<p>Les seuils d&rsquo;exon\u00e9ration de TVA sont actuellement fix\u00e9s \u00e0 85 000 \u20ac pour l&rsquo;exploitation d&rsquo;entreprises commerciales et la location de logements meubl\u00e9s, et 37 500 \u20ac pour les services et m\u00e9tiers. Les avocats ind\u00e9pendants, auteurs et interpr\u00e8tes disposent d&rsquo;un seuil de 50 000 \u20ac pour leurs \u00ab activit\u00e9s principales \u00bb et de 35 000 \u20ac pour les \u00ab activit\u00e9s li\u00e9es \u00bb.\u00a0<\/p>\n<h2>Des r\u00e9formes futures restent possibles<\/h2>\n<p class=\"font-weight-bold m-font-weight-bold\" data-lab-font_weight=\"font-weight-bold\"><span data-lab-font_weight=\"font-weight-normal\" class=\"font-weight-normal m-font-weight-normal\">La ministre des Comptes publics, Am\u00e9lie de Montchalin, a soulign\u00e9 que le gouvernement a trait\u00e9 le <span data-lab-font_weight=\"font-weight-bold\" class=\"font-weight-bold m-font-weight-bold\">travail ind\u00e9pendant<\/span> sur une \u00ab base g\u00e9n\u00e9rale \u00bb couvrant des aspects tels que les imp\u00f4ts, la protection sociale et la s\u00e9curit\u00e9 sociale.<\/span><\/p>\n<p>\u00ab Clairement, nous devons adopter une approche plus globale \u00bb, a-t-elle d\u00e9clar\u00e9 devant le S\u00e9nat. <\/p>\n<p>Le <span data-lab-font_weight=\"font-weight-bold\" class=\"font-weight-bold m-font-weight-bold\">budget 2025 visait d\u00e9j\u00e0 \u00e0 cr\u00e9er un seul seuil d&rsquo;exon\u00e9ration de TVA<\/span> de 25 000 \u20ac pour les micro-entrepreneurs.\u00a0<\/p>\n<p>Beaucoup de petits entrepreneurs s&rsquo;opposaient aux plans expos\u00e9s dans le budget, car ils impliqueraient plus de paperasserie, des co\u00fbts comptables suppl\u00e9mentaires, et les obligeraient \u00e0 augmenter leurs charges li\u00e9es \u00e0 l&rsquo;activit\u00e9.\u00a0<\/p>\n<p>Cette mesure avait \u00e9t\u00e9 retard\u00e9e puis d\u00e9finitivement <span data-lab-font_weight=\"font-weight-bold\" class=\"font-weight-bold m-font-weight-bold\">rejet\u00e9e par les d\u00e9put\u00e9s en octobre<\/span>.\u00a0<\/p>\n<\/div>\n","protected":false},"excerpt":{"rendered":"<p>Le vote fait reculer la proposition visant \u00e0 r\u00e9duire les seuils d&rsquo;exon\u00e9ration de TVA pour les travailleurs ind\u00e9pendants Le S\u00e9nat fran\u00e7ais a rejet\u00e9 des projets visant \u00e0 abaisser les seuils de TVA pour les petites entreprises et les travailleurs ind\u00e9pendants.\u00a0 Le 2 d\u00e9cembre, les s\u00e9nateurs ont vot\u00e9 en faveur d&rsquo;amendements visant \u00e0 retirer la proposition [&hellip;]<\/p>\n","protected":false},"author":1,"featured_media":599,"comment_status":"open","ping_status":"open","sticky":false,"template":"","format":"standard","meta":{"footnotes":""},"categories":[1],"tags":[298,23,35,297,39,827,826,300,828,296],"class_list":["post-598","post","type-post","status-publish","format-standard","has-post-thumbnail","hentry","category-non-classe","tag-entreprises","tag-francais","tag-les","tag-petites","tag-pour","tag-reduction","tag-rejette","tag-senat","tag-seuil","tag-tva"],"_links":{"self":[{"href":"https:\/\/www.rachida-dati.eu\/actualites\/wp-json\/wp\/v2\/posts\/598","targetHints":{"allow":["GET"]}}],"collection":[{"href":"https:\/\/www.rachida-dati.eu\/actualites\/wp-json\/wp\/v2\/posts"}],"about":[{"href":"https:\/\/www.rachida-dati.eu\/actualites\/wp-json\/wp\/v2\/types\/post"}],"author":[{"embeddable":true,"href":"https:\/\/www.rachida-dati.eu\/actualites\/wp-json\/wp\/v2\/users\/1"}],"replies":[{"embeddable":true,"href":"https:\/\/www.rachida-dati.eu\/actualites\/wp-json\/wp\/v2\/comments?post=598"}],"version-history":[{"count":1,"href":"https:\/\/www.rachida-dati.eu\/actualites\/wp-json\/wp\/v2\/posts\/598\/revisions"}],"predecessor-version":[{"id":600,"href":"https:\/\/www.rachida-dati.eu\/actualites\/wp-json\/wp\/v2\/posts\/598\/revisions\/600"}],"wp:featuredmedia":[{"embeddable":true,"href":"https:\/\/www.rachida-dati.eu\/actualites\/wp-json\/wp\/v2\/media\/599"}],"wp:attachment":[{"href":"https:\/\/www.rachida-dati.eu\/actualites\/wp-json\/wp\/v2\/media?parent=598"}],"wp:term":[{"taxonomy":"category","embeddable":true,"href":"https:\/\/www.rachida-dati.eu\/actualites\/wp-json\/wp\/v2\/categories?post=598"},{"taxonomy":"post_tag","embeddable":true,"href":"https:\/\/www.rachida-dati.eu\/actualites\/wp-json\/wp\/v2\/tags?post=598"}],"curies":[{"name":"wp","href":"https:\/\/api.w.org\/{rel}","templated":true}]}}