{"id":601,"date":"2025-12-21T19:43:49","date_gmt":"2025-12-21T18:43:49","guid":{"rendered":"https:\/\/www.rachida-dati.eu\/actualites\/easyjet-augmente-ses-vols-vers-bordeaux-pour-lete-2026-apres-la-fermeture-du-hub-de-toulouse\/"},"modified":"2025-12-21T19:43:50","modified_gmt":"2025-12-21T18:43:50","slug":"easyjet-augmente-ses-vols-vers-bordeaux-pour-lete-2026-apres-la-fermeture-du-hub-de-toulouse","status":"publish","type":"post","link":"https:\/\/www.rachida-dati.eu\/actualites\/easyjet-augmente-ses-vols-vers-bordeaux-pour-lete-2026-apres-la-fermeture-du-hub-de-toulouse\/","title":{"rendered":"EasyJet augmente ses vols vers Bordeaux pour l&rsquo;\u00e9t\u00e9 2026 apr\u00e8s la fermeture du hub de Toulouse"},"content":{"rendered":"<div data-element-guid=\"7f7332a5-aca0-4fee-9990-ec700b171346\">\n<h2 class=\"subtitle \" style=\"\">Des avions ont \u00e9t\u00e9 redistribu\u00e9s suite \u00e0 la fermeture du hub de Toulouse<\/h2>\n<\/p>\n<\/div>\n<div data-element-guid=\"6ca4e59f-f9b5-43ee-f9f9-bce8ae1dc8e2\">\n<p><!-- placeholder(#1) --><\/p>\n<p>La compagnie a\u00e9rienne \u00e0 bas co\u00fbt easyJet devrait \u00ab consolider \u00bb sa pr\u00e9sence \u00e0 Bordeaux l&rsquo;\u00e9t\u00e9 prochain, \u00e0 la suite de la fermeture du hub de Toulouse en 2024.<\/p>\n<p>Le directeur g\u00e9n\u00e9ral adjoint d&rsquo;easyJet en France, Reginald Otten, a d\u00e9clar\u00e9 au <span data-lab-italic=\"italic\" class=\"italic m-italic\">Sud Ouest<\/span> que, malgr\u00e9 la fermeture, easyJet avait conserv\u00e9 tous ses salari\u00e9s en plus de ses 36 avions r\u00e9partis sur six bases fran\u00e7aises principales : Paris Orly, Paris Charles de Gaulle, Lyon, Nice, Bordeaux et Nantes.\u00a0<\/p>\n<p>\u00ab Nous restons tr\u00e8s pr\u00e9sents dans le sud-ouest \u00bb, a d\u00e9clar\u00e9 M. Otten. \u00ab Nous avons redistribu\u00e9 les avions bas\u00e9s \u00e0 Toulouse vers d&rsquo;autres bases r\u00e9gionales comme Nantes et Lyon, et nous consolidons Bordeaux, o\u00f9 nous sommes num\u00e9ro un, une position qui a \u00e9t\u00e9 renforc\u00e9e par le <span data-lab-font_weight=\"font-weight-bold\" class=\"font-weight-bold m-font-weight-bold\">d\u00e9part de Ryanair<\/span> l&rsquo;ann\u00e9e derni\u00e8re. \u00bb<\/p>\n<p>Les d\u00e9tails concernant l&rsquo;\u00e9ventuelle expansion des liaisons a\u00e9riennes ou d&rsquo;autres m\u00e9thodes de consolidation n&rsquo;ont pas encore \u00e9t\u00e9 annonc\u00e9s.\u00a0<\/p>\n<p>La base bordelaise d&rsquo;easyJet dessert actuellement cinq destinations au Royaume-Uni : Belfast, Bristol, \u00c9dimbourg, Londres et Manchester. <\/p>\n<h2>Croissance minimale du march\u00e9 en France<\/h2>\n<p>Le trafic d&rsquo;easyJet en France est revenu progressivement \u00e0 peu pr\u00e8s au m\u00eame niveau que les p\u00e9riodes pr\u00e9-Covid \u2013 toutefois, la croissance a \u00e9t\u00e9 faible en raison du \u00ab contexte fiscal \u00bb du pays.<\/p>\n<p>L&rsquo;augmentation des taxes a\u00e9riennes au d\u00e9but de l&rsquo;ann\u00e9e a rendu plusieurs transporteurs prudents dans leur approche des nouvelles liaisons.<\/p>\n<p>L&rsquo;impact de ces co\u00fbts croissants pourrait particuli\u00e8rement <span data-lab-font_weight=\"font-weight-bold\" class=\"font-weight-bold m-font-weight-bold\">affecter les petits a\u00e9roports r\u00e9gionaux<\/span> qui d\u00e9pendent des vols des transporteurs \u00e0 bas co\u00fbt.<\/p>\n<p>\u00ab Nous r\u00e9examinons actuellement le r\u00e9seau de mani\u00e8re l\u00e9g\u00e8re afin de l&rsquo;adapter et de refl\u00e9ter la r\u00e9alit\u00e9 actuelle en France, qui est un environnement co\u00fbteux \u00bb, a d\u00e9clar\u00e9 M. Otten.\u00a0<\/p>\n<p>EasyJet a jusqu&rsquo;\u00e0 pr\u00e9sent annonc\u00e9 le lancement de <span data-lab-font_weight=\"font-weight-bold\" class=\"font-weight-bold m-font-weight-bold\">trois nouvelles liaisons France-Royaume-Uni pour la saison printemps\/\u00e9t\u00e9 2026<\/span> (\u00e0 partir de Paris-CDG, Montpellier et Nice), portant le nombre total de liaisons qu&rsquo;elle assure entre les deux pays \u00e0 50.<\/p>\n<\/div>\n","protected":false},"excerpt":{"rendered":"<p>Des avions ont \u00e9t\u00e9 redistribu\u00e9s suite \u00e0 la fermeture du hub de Toulouse La compagnie a\u00e9rienne \u00e0 bas co\u00fbt easyJet devrait \u00ab consolider \u00bb sa pr\u00e9sence \u00e0 Bordeaux l&rsquo;\u00e9t\u00e9 prochain, \u00e0 la suite de la fermeture du hub de Toulouse en 2024. Le directeur g\u00e9n\u00e9ral adjoint d&rsquo;easyJet en France, Reginald Otten, a d\u00e9clar\u00e9 au Sud [&hellip;]<\/p>\n","protected":false},"author":1,"featured_media":602,"comment_status":"open","ping_status":"open","sticky":false,"template":"","format":"standard","meta":{"footnotes":""},"categories":[1],"tags":[28,829,830,98,831,832,311,39,26,465,105,288],"class_list":["post-601","post","type-post","status-publish","format-standard","has-post-thumbnail","hentry","category-non-classe","tag-apres","tag-augmente","tag-bordeaux","tag-easyjet","tag-fermeture","tag-hub","tag-lete","tag-pour","tag-ses","tag-toulouse","tag-vers","tag-vols"],"_links":{"self":[{"href":"https:\/\/www.rachida-dati.eu\/actualites\/wp-json\/wp\/v2\/posts\/601","targetHints":{"allow":["GET"]}}],"collection":[{"href":"https:\/\/www.rachida-dati.eu\/actualites\/wp-json\/wp\/v2\/posts"}],"about":[{"href":"https:\/\/www.rachida-dati.eu\/actualites\/wp-json\/wp\/v2\/types\/post"}],"author":[{"embeddable":true,"href":"https:\/\/www.rachida-dati.eu\/actualites\/wp-json\/wp\/v2\/users\/1"}],"replies":[{"embeddable":true,"href":"https:\/\/www.rachida-dati.eu\/actualites\/wp-json\/wp\/v2\/comments?post=601"}],"version-history":[{"count":1,"href":"https:\/\/www.rachida-dati.eu\/actualites\/wp-json\/wp\/v2\/posts\/601\/revisions"}],"predecessor-version":[{"id":603,"href":"https:\/\/www.rachida-dati.eu\/actualites\/wp-json\/wp\/v2\/posts\/601\/revisions\/603"}],"wp:featuredmedia":[{"embeddable":true,"href":"https:\/\/www.rachida-dati.eu\/actualites\/wp-json\/wp\/v2\/media\/602"}],"wp:attachment":[{"href":"https:\/\/www.rachida-dati.eu\/actualites\/wp-json\/wp\/v2\/media?parent=601"}],"wp:term":[{"taxonomy":"category","embeddable":true,"href":"https:\/\/www.rachida-dati.eu\/actualites\/wp-json\/wp\/v2\/categories?post=601"},{"taxonomy":"post_tag","embeddable":true,"href":"https:\/\/www.rachida-dati.eu\/actualites\/wp-json\/wp\/v2\/tags?post=601"}],"curies":[{"name":"wp","href":"https:\/\/api.w.org\/{rel}","templated":true}]}}