{"id":604,"date":"2025-12-22T00:49:07","date_gmt":"2025-12-21T23:49:07","guid":{"rendered":"https:\/\/www.rachida-dati.eu\/actualites\/des-britanniques-luttent-pour-regagner-leurs-droits-de-vote-europeens-en-france\/"},"modified":"2025-12-22T00:49:08","modified_gmt":"2025-12-21T23:49:08","slug":"des-britanniques-luttent-pour-regagner-leurs-droits-de-vote-europeens-en-france","status":"publish","type":"post","link":"https:\/\/www.rachida-dati.eu\/actualites\/des-britanniques-luttent-pour-regagner-leurs-droits-de-vote-europeens-en-france\/","title":{"rendered":"Des Britanniques luttent pour regagner leurs droits de vote europ\u00e9ens en France"},"content":{"rendered":"<div data-element-guid=\"7f7332a5-aca0-4fee-9990-ec700b171346\">\n<h2 class=\"subtitle \" style=\"\">La fonctionnaire civile britannique Alice Bouilliez avait d\u00e9j\u00e0 \u00e9t\u00e9 r\u00e9int\u00e9gr\u00e9e<\/h2>\n<\/p>\n<\/div>\n<div data-element-guid=\"0c0a09b1-b0df-423a-dbfa-7d19b2a05b51\">\n<p><!-- placeholder(#1) --><\/p>\n<p>Des avocats fran\u00e7ais cherchant \u00e0 r\u00e9cup\u00e9rer les droits de vote perdus par les Britanniques vivant en France en raison du Brexit se sont exprim\u00e9s sur la mani\u00e8re sommaire dont, selon eux, la <span data-lab-italic=\"italic\" class=\"italic m-italic\">Cour de cassation<\/span> aurait annul\u00e9 les droits de vote europ\u00e9en d\u2019un Britannique.<\/p>\n<p>Ils comptent contester cela sur le fondement proc\u00e9dural.<\/p>\n<p>Plus t\u00f4t cette ann\u00e9e, l\u2019ancienne fonctionnaire civile britannique Alice Bouilliez a \u00e9t\u00e9 r\u00e9int\u00e9gr\u00e9e sur les listes \u00e9lectorales europ\u00e9ennes en tant que citoyenne d\u2019un \u00ab pays de l\u2019UE inconnu \u00bb apr\u00e8s que la juridiction d\u2019Auch, dans le sud-ouest de la France, a jug\u00e9 que son retrait \u00e9tait une \u00ab atteinte disproportionn\u00e9e \u00e0 ses droits et libert\u00e9s \u00bb. <\/p>\n<p>La d\u00e9cision est venue suite \u00e0 des combats juridiques men\u00e9s par Mme Bouilliez, qui est \u00e2g\u00e9e d\u2019une soixantaine d\u2019ann\u00e9es, soutenue par ses avocats Julien Fouchet et Jean-No\u00ebl Caubet-Hilloutou, qui l\u2019ont salu\u00e9e comme une d\u00e9cision courageuse.<\/p>\n<p class=\"font-weight-bold m-font-weight-bold\" data-lab-font_weight=\"font-weight-bold\">Les Britanniques en France qui pouvaient autrefois voter lors des \u00e9lections europ\u00e9ennes et locales ne peuvent plus le faire depuis le Brexit, \u00e0 moins de d\u00e9tenir une nationalit\u00e9 fran\u00e7aise ou une nationalit\u00e9 de l\u2019UE. Mme Bouilliez esp\u00e9rait que cette d\u00e9cision m\u00e8nerait \u00e0 un r\u00e9examen plus large.<\/p>\n<p>Cependant, elle indique que la <span data-lab-italic=\"italic\" class=\"italic m-italic\">Cour de cassation<\/span> a annul\u00e9 la d\u00e9cision apr\u00e8s un recours de derni\u00e8re minute pr\u00e9sent\u00e9 par la pr\u00e9fecture du Gers.<\/p>\n<p>\u00ab J\u2019ai \u00e9crit au pr\u00e9sident Macron car je pense qu\u2019il est le seul \u00e0 pouvoir agir maintenant. \u00c0 d\u00e9faut, la Cour europ\u00e9enne des droits de l\u2019homme est une piste possible. \u00catre in\u00e9ligible au vote est habituellement per\u00e7u comme une punition \u00bb, a-t-elle d\u00e9clar\u00e9.<\/p>\n<p>Elle a dit que les juges d\u2019Auch avaient outrepass\u00e9 leurs pouvoirs. Elle est d\u00e9sormais \u00ab suspendue \u00bb sur les listes.<\/p>\n<p>M. Fouchet a d\u00e9clar\u00e9 : \u00ab La <span data-lab-italic=\"italic\" class=\"italic m-italic\">Cour de cassation<\/span> a agi de mani\u00e8re tr\u00e8s d\u00e9plorable, n\u2019ayant averti personne qu\u2019une audience aurait lieu en septembre, n\u2019ayant pas respect\u00e9 les d\u00e9lais qui me permettent de r\u00e9pondre et se contentant d\u2019annoncer une d\u00e9cision d\u2019annuler celle prise \u00e0 Auch, sans renvoyer l\u2019affaire au juge d\u2019Auch. \u00bb<\/p>\n<p>En r\u00e9sum\u00e9, la motivation de la <span data-lab-italic=\"italic\" class=\"italic m-italic\">Cour<\/span> pour agir ainsi \u00e9tait \u00ab Brexit signifie Brexit \u00bb, a-t-il d\u00e9clar\u00e9, bien qu\u2019elle ait omis de prendre en compte ses arguments juridiques.<\/p>\n<p>Il a d\u00e9clar\u00e9 qu\u2019il d\u00e9pose une demande aupr\u00e8s de la cour pour r\u00e9tracter sa d\u00e9cision sur la base des irr\u00e9gularit\u00e9s qu\u2019il a identifi\u00e9es.<\/p>\n<\/div>\n","protected":false},"excerpt":{"rendered":"<p>La fonctionnaire civile britannique Alice Bouilliez avait d\u00e9j\u00e0 \u00e9t\u00e9 r\u00e9int\u00e9gr\u00e9e Des avocats fran\u00e7ais cherchant \u00e0 r\u00e9cup\u00e9rer les droits de vote perdus par les Britanniques vivant en France en raison du Brexit se sont exprim\u00e9s sur la mani\u00e8re sommaire dont, selon eux, la Cour de cassation aurait annul\u00e9 les droits de vote europ\u00e9en d\u2019un Britannique. Ils [&hellip;]<\/p>\n","protected":false},"author":1,"featured_media":605,"comment_status":"open","ping_status":"open","sticky":false,"template":"","format":"standard","meta":{"footnotes":""},"categories":[1],"tags":[664,42,346,731,37,377,833,39,834,162],"class_list":["post-604","post","type-post","status-publish","format-standard","has-post-thumbnail","hentry","category-non-classe","tag-britanniques","tag-des","tag-droits","tag-europeens","tag-france","tag-leurs","tag-luttent","tag-pour","tag-regagner","tag-vote"],"_links":{"self":[{"href":"https:\/\/www.rachida-dati.eu\/actualites\/wp-json\/wp\/v2\/posts\/604","targetHints":{"allow":["GET"]}}],"collection":[{"href":"https:\/\/www.rachida-dati.eu\/actualites\/wp-json\/wp\/v2\/posts"}],"about":[{"href":"https:\/\/www.rachida-dati.eu\/actualites\/wp-json\/wp\/v2\/types\/post"}],"author":[{"embeddable":true,"href":"https:\/\/www.rachida-dati.eu\/actualites\/wp-json\/wp\/v2\/users\/1"}],"replies":[{"embeddable":true,"href":"https:\/\/www.rachida-dati.eu\/actualites\/wp-json\/wp\/v2\/comments?post=604"}],"version-history":[{"count":1,"href":"https:\/\/www.rachida-dati.eu\/actualites\/wp-json\/wp\/v2\/posts\/604\/revisions"}],"predecessor-version":[{"id":606,"href":"https:\/\/www.rachida-dati.eu\/actualites\/wp-json\/wp\/v2\/posts\/604\/revisions\/606"}],"wp:featuredmedia":[{"embeddable":true,"href":"https:\/\/www.rachida-dati.eu\/actualites\/wp-json\/wp\/v2\/media\/605"}],"wp:attachment":[{"href":"https:\/\/www.rachida-dati.eu\/actualites\/wp-json\/wp\/v2\/media?parent=604"}],"wp:term":[{"taxonomy":"category","embeddable":true,"href":"https:\/\/www.rachida-dati.eu\/actualites\/wp-json\/wp\/v2\/categories?post=604"},{"taxonomy":"post_tag","embeddable":true,"href":"https:\/\/www.rachida-dati.eu\/actualites\/wp-json\/wp\/v2\/tags?post=604"}],"curies":[{"name":"wp","href":"https:\/\/api.w.org\/{rel}","templated":true}]}}