{"id":622,"date":"2025-12-23T10:42:47","date_gmt":"2025-12-23T09:42:47","guid":{"rendered":"https:\/\/www.rachida-dati.eu\/actualites\/la-france-va-reintroduire-les-flashs-des-radars-dans-le-cadre-dune-expansion-majeure-du-parc-de-radars\/"},"modified":"2025-12-23T10:42:48","modified_gmt":"2025-12-23T09:42:48","slug":"la-france-va-reintroduire-les-flashs-des-radars-dans-le-cadre-dune-expansion-majeure-du-parc-de-radars","status":"publish","type":"post","link":"https:\/\/www.rachida-dati.eu\/actualites\/la-france-va-reintroduire-les-flashs-des-radars-dans-le-cadre-dune-expansion-majeure-du-parc-de-radars\/","title":{"rendered":"La France va r\u00e9introduire les flashs des radars dans le cadre d&rsquo;une expansion majeure du parc de radars"},"content":{"rendered":"<div data-element-guid=\"8bd3d069-0627-4583-cc36-ac31ee7d3867\">\n<p><!-- placeholder(#1) --><\/p>\n<p>Le gouvernement fran\u00e7ais pr\u00e9voit apparemment de revenir \u00e0 des flashs visibles des cam\u00e9ras, jug\u00e9s plus \u00ab \u00e9ducatifs \u00bb. <\/p>\n<p>Cela survient dans un contexte de plans visant \u00e0 augmenter fortement le nombre de radars de vitesse en France, notamment dans les zones urbaines, o\u00f9 environ 5 000 nouveaux radars \u00ab des autorit\u00e9s locales \u00bb devraient \u00eatre install\u00e9s entre 2026 et 2035.<\/p>\n<h2>Flashs \u00e9ducatifs<\/h2>\n<p>Les flashs visibles refont leur apparition, rapportent les m\u00e9dias automobiles fran\u00e7ais <span data-lab-italic=\"italic\" class=\"italic m-italic\">L&rsquo;Argus<\/span> et <span data-lab-italic=\"italic\" class=\"italic m-italic\">Auto Plus<\/span>, \u00e0 la suite de deux salons professionnels r\u00e9cents \u00e0 Paris: le Salon des maires (pour les collectivit\u00e9s locales) et Milipol (pour l\u2019industrie de la s\u00e9curit\u00e9).<\/p>\n<p>Les premiers mod\u00e8les de radars avaient un flash bien visible, mais ceux d\u00e9ploy\u00e9s au cours des dix derni\u00e8res ann\u00e9es utilisent un flash infrarouge ind\u00e9tectable permettant de photographier discr\u00e8tement le conducteur en exc\u00e8s de vitesse. Cela signifie que de nombreux conducteurs ne r\u00e9alisent pas qu\u2019ils ont \u00e9t\u00e9 contr\u00f4l\u00e9s jusqu\u2019\u00e0 ce qu\u2019ils re\u00e7oivent l\u2019amende par courrier.<\/p>\n<p>On dit que cela avait en partie pour objectif de susciter une impression d\u2019incertitude chez les conducteurs, qui pourraient penser qu\u2019\u00e0 tout moment ils pourraient \u00eatre pris en photo par une cam\u00e9ra sans m\u00eame s\u2019en rendre compte et qu\u2019ils adoptent donc une conduite plus prudente.<\/p>\n<p>Cependant, <span data-lab-italic=\"italic\" class=\"italic m-italic\">Auto Plus<\/span> rapporte que le D\u00e9partement du contr\u00f4le automatis\u00e9 (DCA), une section du Minist\u00e8re de l\u2019Int\u00e9rieur charg\u00e9e du d\u00e9ploiement des cam\u00e9ras, revoit sa position sur ce sujet.<\/p>\n<p>Il est pr\u00e9vu que les nouvelles cam\u00e9ras destin\u00e9es \u00e0 \u00eatre d\u00e9ploy\u00e9es dans les zones urbaines \u00e0 partir de l\u2019ann\u00e9e prochaine \u2014 jusqu\u2019\u00e0 5 000 sur dix ans selon un appel d\u2019offres adress\u00e9 aux fournisseurs de cam\u00e9ras \u2014 int\u00e8grent un m\u00e9canisme de flash \u00ab suffisamment visible et significatif pour informer [le conducteur] qu\u2019une infraction a \u00e9t\u00e9 relev\u00e9e \u00bb. <\/p>\n<p class=\"no_italic m-no_italic\" data-lab-italic=\"\">De plus, le DCA s\u2019\u00e9loigne des cam\u00e9ras de type furtif en g\u00e9n\u00e9ral, afin de \u00ab r\u00e9introduire davantage d\u2019\u00e9ducation et de pr\u00e9vention \u00bb, rapporte Auto Plus.<\/p>\n<p>\u00ab\u00a0Selon nos sources, cela se fait en demandant aux fabricants de radars de d\u00e9velopper un syst\u00e8me de \u00ab notification d\u2019infraction \u00bb qui pourra \u00eatre ajout\u00e9 \u00e0 leurs bo\u00eetes de cam\u00e9ras \u2014 y compris celles d\u00e9j\u00e0 en service,\u00a0\u00bb a-t-il indiqu\u00e9.<\/p>\n<p>\u00ab\u00a0L\u2019ajout concernera, \u00e0 partir de 2026, les 1 552 radars tourelles [\u00ab turret \u00bb-cam\u00e9ras, d\u00e9ploy\u00e9es depuis 2019, capables de relever des infractions dans les deux sens], tous les radars discriminants de derni\u00e8re g\u00e9n\u00e9ration [destin\u00e9s \u00e0 identifier diff\u00e9rents types de v\u00e9hicules et les voies qu\u2019ils empruntent], environ 350 radars urbains install\u00e9s par l\u2019\u00c9tat central, et \u00e0 l\u2019avenir les milliers de radars &lsquo;des autorit\u00e9s locales&rsquo; \u00e0 mettre en place par les maires.\u00a0\u00bb<\/p>\n<p>Jean-Christian Meslet, directeur de l\u2019Automobile Club du Midi, a d\u00e9clar\u00e9 \u00e0 TF1: \u00ab Cela permettra aux gens de r\u00e9aliser imm\u00e9diatement qu\u2019ils ont commis une infraction, et cela aura effectivement une valeur \u00e9ducative, car pour que la sanction li\u00e9e \u00e0 une violation des r\u00e8gles soit accept\u00e9e, il doit aussi y avoir une information pr\u00e9alable et une acceptation sociale. \u00bb<\/p>\n<p>On s\u2019attend \u00e0 ce que les flashs \u00ab \u00e9ducatifs \u00bb se d\u00e9clenchent avec un l\u00e9ger d\u00e9calage par rapport au flash infrarouge qui enregistrera r\u00e9ellement la vitesse du conducteur, afin de ne pas perturber ce dernier.<\/p>\n<p>On ignore si, \u00e0 terme, cette politique pourrait aussi s\u2019appliquer aux voitures-radars. Ces v\u00e9hicules, non marqu\u00e9s et circulant sur un itin\u00e9raire pr\u00e9d\u00e9fini, sont d\u00e9sormais utilis\u00e9s dans toutes les r\u00e9gions sauf l\u2019\u00cele-de-France et la Corse.<\/p>\n<h2>Cam\u00e9ras urbaines<\/h2>\n<p>De nouveaux mod\u00e8les de cam\u00e9ras ont \u00e9t\u00e9 pr\u00e9sent\u00e9s lors des salons, toutefois, le fournisseur exact et le mod\u00e8le des nouvelles cam\u00e9ras urbaines reste flou, car une proc\u00e9dure d\u2019appel d\u2019offres est toujours en cours, et le choix devrait \u00eatre fait en janvier.<\/p>\n<p>Cela concerne les \u00ab cam\u00e9ras des autorit\u00e9s locales \u00bb que les mairies pourront faire installer dans leurs communes, dans le cadre d\u2019une mesure issue de la loi 3DS sur la d\u00e9centralisation de 2022.<\/p>\n<p>Dans ce cadre, elles ach\u00e8teront un forfait aupr\u00e8s du fournisseur retenu, comprenant l\u2019installation et l\u2019entretien des cam\u00e9ras.<\/p>\n<p>Les cam\u00e9ras serviront \u00e0 v\u00e9rifier les exc\u00e8s de vitesse et\/ou le passage au feu rouge, et certains mod\u00e8les pr\u00e9sent\u00e9s lors des salons permettent d\u2019effectuer les deux v\u00e9rifications en m\u00eame temps.<\/p>\n<p>Plusieurs mod\u00e8les sont \u00e9galement con\u00e7us pour pouvoir \u00eatre utilis\u00e9s afin de d\u00e9tecter d\u2019autres infractions \u00e0 l\u2019avenir, \u00e0 condition d\u2019obtenir l\u2019accr\u00e9ditation officielle pour leur utilisation dans ces domaines.<\/p>\n<h3>Plans de remplacement des anciennes cam\u00e9ras<\/h3>\n<p>Les derni\u00e8res donn\u00e9es sur le d\u00e9ploiement des cam\u00e9ras, jointes en annexe au budget 2026, indiquent qu\u2019il y aura environ 4 200 radars automatiques \u00ab op\u00e9rationnels et visibles \u00bb en France d\u2019ici la fin de 2026.<\/p>\n<p>Elles indiquent \u00e9galement que la plupart des cam\u00e9ras plus anciennes, \u00e2g\u00e9es de 10 \u00e0 15 ans, seront remplac\u00e9es par de nouveaux mod\u00e8les cette ann\u00e9e.<\/p>\n<p>14,2 millions d\u2019amendes ont \u00e9t\u00e9 inflig\u00e9es par les radars fixes en 2024, en baisse par rapport \u00e0 16,8 millions en 2023. La grande majorit\u00e9 de ces amendes l\u2019ann\u00e9e derni\u00e8re (13,9 millions) concernait l\u2019exc\u00e8s de vitesse, bien que plus de 270 000 aient \u00e9t\u00e9 dues \u00e0 des conducteurs franchissant des feux rouges.<\/p>\n<p>Quatre cinqui\u00e8mes des cam\u00e9ras se trouvaient sur des routes nationales ou d\u00e9partementales, le reste sur des autoroutes (14 %) ou des routes municipales (6%).<\/p>\n<p>La m\u00eame ann\u00e9e, les radars fixes ont g\u00e9n\u00e9r\u00e9 889 millions d\u2019euros de revenus, en baisse par rapport \u00e0 965 millions en 2023 (hors amendes per\u00e7ues par les radars mobiles). La chute a \u00e9t\u00e9 jug\u00e9e en grande partie due \u00e0 une diminution de 7 % de la disponibilit\u00e9 des radars, principalement en raison de vandalisme et de dommages.<\/p>\n<p>Endommager un radar risque des amendes allant jusqu\u2019\u00e0 75 000 euros et jusqu\u2019\u00e0 cinq ans de prison, passant \u00e0 100 000 euros et sept ans si la personne prise porte un masque ou fait partie d\u2019un groupe organis\u00e9 plus large.<\/p>\n<p>Si vous pensez qu\u2019un radar ne fonctionne pas correctement et vous a pris \u00e0 tort, vous pouvez contester l\u2019amende via une proc\u00e9dure sp\u00e9cifique, sans la payer d\u2019abord.<\/p>\n<\/div>\n","protected":false},"excerpt":{"rendered":"<p>Le gouvernement fran\u00e7ais pr\u00e9voit apparemment de revenir \u00e0 des flashs visibles des cam\u00e9ras, jug\u00e9s plus \u00ab \u00e9ducatifs \u00bb. Cela survient dans un contexte de plans visant \u00e0 augmenter fortement le nombre de radars de vitesse en France, notamment dans les zones urbaines, o\u00f9 environ 5 000 nouveaux radars \u00ab des autorit\u00e9s locales \u00bb devraient \u00eatre [&hellip;]<\/p>\n","protected":false},"author":1,"featured_media":623,"comment_status":"open","ping_status":"open","sticky":false,"template":"","format":"standard","meta":{"footnotes":""},"categories":[1],"tags":[859,50,42,168,860,857,37,35,861,862,858,856],"class_list":["post-622","post","type-post","status-publish","format-standard","has-post-thumbnail","hentry","category-non-classe","tag-cadre","tag-dans","tag-des","tag-dune","tag-expansion","tag-flashs","tag-france","tag-les","tag-majeure","tag-parc","tag-radars","tag-reintroduire"],"_links":{"self":[{"href":"https:\/\/www.rachida-dati.eu\/actualites\/wp-json\/wp\/v2\/posts\/622","targetHints":{"allow":["GET"]}}],"collection":[{"href":"https:\/\/www.rachida-dati.eu\/actualites\/wp-json\/wp\/v2\/posts"}],"about":[{"href":"https:\/\/www.rachida-dati.eu\/actualites\/wp-json\/wp\/v2\/types\/post"}],"author":[{"embeddable":true,"href":"https:\/\/www.rachida-dati.eu\/actualites\/wp-json\/wp\/v2\/users\/1"}],"replies":[{"embeddable":true,"href":"https:\/\/www.rachida-dati.eu\/actualites\/wp-json\/wp\/v2\/comments?post=622"}],"version-history":[{"count":1,"href":"https:\/\/www.rachida-dati.eu\/actualites\/wp-json\/wp\/v2\/posts\/622\/revisions"}],"predecessor-version":[{"id":624,"href":"https:\/\/www.rachida-dati.eu\/actualites\/wp-json\/wp\/v2\/posts\/622\/revisions\/624"}],"wp:featuredmedia":[{"embeddable":true,"href":"https:\/\/www.rachida-dati.eu\/actualites\/wp-json\/wp\/v2\/media\/623"}],"wp:attachment":[{"href":"https:\/\/www.rachida-dati.eu\/actualites\/wp-json\/wp\/v2\/media?parent=622"}],"wp:term":[{"taxonomy":"category","embeddable":true,"href":"https:\/\/www.rachida-dati.eu\/actualites\/wp-json\/wp\/v2\/categories?post=622"},{"taxonomy":"post_tag","embeddable":true,"href":"https:\/\/www.rachida-dati.eu\/actualites\/wp-json\/wp\/v2\/tags?post=622"}],"curies":[{"name":"wp","href":"https:\/\/api.w.org\/{rel}","templated":true}]}}