{"id":625,"date":"2025-12-23T15:46:28","date_gmt":"2025-12-23T14:46:28","guid":{"rendered":"https:\/\/www.rachida-dati.eu\/actualites\/france-augmente-la-taxe-sur-les-petits-colis-en-provenance-de-pays-hors-ue-a-5-e\/"},"modified":"2025-12-23T15:46:28","modified_gmt":"2025-12-23T14:46:28","slug":"france-augmente-la-taxe-sur-les-petits-colis-en-provenance-de-pays-hors-ue-a-5-e","status":"publish","type":"post","link":"https:\/\/www.rachida-dati.eu\/actualites\/france-augmente-la-taxe-sur-les-petits-colis-en-provenance-de-pays-hors-ue-a-5-e\/","title":{"rendered":"France augmente la taxe sur les petits colis en provenance de pays hors UE \u00e0 5 \u20ac"},"content":{"rendered":"<div data-element-guid=\"7f7332a5-aca0-4fee-9990-ec700b171346\">\n<h2 class=\"subtitle \" style=\"\">Le gouvernement veut que la taxe soit fix\u00e9e \u00e0 2 \u20ac car un montant plus \u00e9lev\u00e9 risque d&rsquo;\u00eatre annul\u00e9<\/h2>\n<\/p>\n<\/div>\n<div data-element-guid=\"bad790be-be7b-43f8-e4f0-9b7c1a37c4ef\">\n<p><!-- placeholder(#1) --><\/p>\n<p>Les s\u00e9nateurs fran\u00e7ais ont vot\u00e9 pour augmenter une taxe propos\u00e9e sur les petits colis envoy\u00e9s en France depuis l&rsquo;ext\u00e9rieur de l&rsquo;UE, passant de 2 \u20ac \u00e0 5 \u20ac, en d\u00e9rogation aux souhaits du gouvernement.<\/p>\n<p>La taxe est consid\u00e9r\u00e9e comme visant principalement les sites de commerce \u00e9lectronique asiatiques tels que Shein, mais finirait par affecter tous les colis dont le contenu est valoris\u00e9 \u00e0 moins de 150 \u20ac re\u00e7us de l&rsquo;ext\u00e9rieur de l&rsquo;UE.<\/p>\n<p>Des d\u00e9put\u00e9s de l&rsquo;<span data-lab-italic=\"italic\" class=\"italic m-italic\">Assembl\u00e9e nationale<\/span> <span data-lab-font_weight=\"font-weight-bold\" class=\"font-weight-bold m-font-weight-bold\">ont vot\u00e9 pour inclure une taxe de 2 \u20ac sur les petits colis entrants<\/span> dans le cadre du budget pr\u00e9visionnel 2026.<\/p>\n<p>Les membres de la chambre haute fran\u00e7aise ont vot\u00e9 pour porter ce montant \u00e0 5 \u20ac, \u00ab un signal politique clair et un avertissement \u00bb, a d\u00e9clar\u00e9 la s\u00e9natrice \u00c9velyne Renaud-Garabedian.<\/p>\n<p>\u00ab Cette taxe\u2026 vise \u00e0 freiner l&rsquo;afflux de petits colis en provenance de plateformes \u00e9trang\u00e8res, souvent non conformes \u00e0 la r\u00e9glementation europ\u00e9enne, qui \u00e9chappent aux contr\u00f4les douaniers et \u00e0 la TVA \u00bb, a-t-elle ajout\u00e9.<\/p>\n<p>L&rsquo;approbation de la mesure n&rsquo;est toutefois pas assur\u00e9e, le projet de budget devant revenir aux d\u00e9put\u00e9s pour un vote final, avec le risque que ces derniers rejettent sa mise en \u0153uvre.<\/p>\n<h2>Des frais plus \u00e9lev\u00e9s risquent d&rsquo;\u00eatre rejet\u00e9s<\/h2>\n<p>Le gouvernement a r\u00e9agi n\u00e9gativement au vote du S\u00e9nat, soutenant qu&rsquo;un niveau plus \u00e9lev\u00e9 pourrait compliquer les choses.<\/p>\n<p>La ministre des Comptes publics, Am\u00e9lie de Montchalin, a d\u00e9clar\u00e9 que la taxe de 2 \u20ac a \u00e9t\u00e9 propos\u00e9e car elle s&rsquo;accorde avec les r\u00e8gles europ\u00e9ennes entrantes concernant les petits colis.<\/p>\n<p>L&rsquo;UE souhaite que tous les pays appliquent une somme forfaitaire similaire d&rsquo;ici novembre 2026, bien que certains pays tels que la Belgique (et potentiellement la France) pourraient la mettre en \u0153uvre d\u00e8s janvier.<\/p>\n<p>En l&rsquo;augmentant \u00e0 5 \u20ac par colis, la taxe propos\u00e9e par la France pourrait \u00eatre consid\u00e9r\u00e9e l\u00e9galement comme un droit de douane. Cela serait en dehors des nouvelles r\u00e8gles de l&rsquo;UE, n\u00e9cessitant un examen juridique suppl\u00e9mentaire et risquant une annulation \u00e9ventuelle.<\/p>\n<p>Bruxelles chercherait \u00e0 maintenir l&rsquo;harmonisation des taxes au sein du bloc afin d&rsquo;\u00e9liminer toute friction commerciale interne ou manipulation consistant \u00e0 envoyer des biens vers des pays o\u00f9 les taxes sur les petits colis sont moins \u00e9lev\u00e9es pour ensuite les acheminer vers leur destination finale dans l&rsquo;UE.<\/p>\n<p>Une taxe de 2 \u20ac rapporterait environ 500 millions d&rsquo;euros de recettes d&rsquo;\u00c9tat; toutefois, on pense que l&rsquo;augmentation \u00e0 5 \u20ac ne g\u00e9n\u00e9rerait qu&rsquo;environ 700 \u00e0 800 millions d&rsquo;euros, car des prix plus \u00e9lev\u00e9s dissuaderaient les clients d&rsquo;acheter ou d&rsquo;exp\u00e9dier des articles.<\/p>\n<\/div>\n","protected":false},"excerpt":{"rendered":"<p>Le gouvernement veut que la taxe soit fix\u00e9e \u00e0 2 \u20ac car un montant plus \u00e9lev\u00e9 risque d&rsquo;\u00eatre annul\u00e9 Les s\u00e9nateurs fran\u00e7ais ont vot\u00e9 pour augmenter une taxe propos\u00e9e sur les petits colis envoy\u00e9s en France depuis l&rsquo;ext\u00e9rieur de l&rsquo;UE, passant de 2 \u20ac \u00e0 5 \u20ac, en d\u00e9rogation aux souhaits du gouvernement. La taxe [&hellip;]<\/p>\n","protected":false},"author":1,"featured_media":626,"comment_status":"open","ping_status":"open","sticky":false,"template":"","format":"standard","meta":{"footnotes":""},"categories":[1],"tags":[829,548,37,865,35,864,863,786,30,399],"class_list":["post-625","post","type-post","status-publish","format-standard","has-post-thumbnail","hentry","category-non-classe","tag-augmente","tag-colis","tag-france","tag-hors","tag-les","tag-pays","tag-petits","tag-provenance","tag-sur","tag-taxe"],"_links":{"self":[{"href":"https:\/\/www.rachida-dati.eu\/actualites\/wp-json\/wp\/v2\/posts\/625","targetHints":{"allow":["GET"]}}],"collection":[{"href":"https:\/\/www.rachida-dati.eu\/actualites\/wp-json\/wp\/v2\/posts"}],"about":[{"href":"https:\/\/www.rachida-dati.eu\/actualites\/wp-json\/wp\/v2\/types\/post"}],"author":[{"embeddable":true,"href":"https:\/\/www.rachida-dati.eu\/actualites\/wp-json\/wp\/v2\/users\/1"}],"replies":[{"embeddable":true,"href":"https:\/\/www.rachida-dati.eu\/actualites\/wp-json\/wp\/v2\/comments?post=625"}],"version-history":[{"count":1,"href":"https:\/\/www.rachida-dati.eu\/actualites\/wp-json\/wp\/v2\/posts\/625\/revisions"}],"predecessor-version":[{"id":627,"href":"https:\/\/www.rachida-dati.eu\/actualites\/wp-json\/wp\/v2\/posts\/625\/revisions\/627"}],"wp:featuredmedia":[{"embeddable":true,"href":"https:\/\/www.rachida-dati.eu\/actualites\/wp-json\/wp\/v2\/media\/626"}],"wp:attachment":[{"href":"https:\/\/www.rachida-dati.eu\/actualites\/wp-json\/wp\/v2\/media?parent=625"}],"wp:term":[{"taxonomy":"category","embeddable":true,"href":"https:\/\/www.rachida-dati.eu\/actualites\/wp-json\/wp\/v2\/categories?post=625"},{"taxonomy":"post_tag","embeddable":true,"href":"https:\/\/www.rachida-dati.eu\/actualites\/wp-json\/wp\/v2\/tags?post=625"}],"curies":[{"name":"wp","href":"https:\/\/api.w.org\/{rel}","templated":true}]}}