{"id":628,"date":"2025-12-24T01:51:12","date_gmt":"2025-12-24T00:51:12","guid":{"rendered":"https:\/\/www.rachida-dati.eu\/actualites\/comment-la-cyberattaque-contre-la-poste-affecte-les-livraisons-de-colis-de-noel-en-france\/"},"modified":"2025-12-24T01:51:12","modified_gmt":"2025-12-24T00:51:12","slug":"comment-la-cyberattaque-contre-la-poste-affecte-les-livraisons-de-colis-de-noel-en-france","status":"publish","type":"post","link":"https:\/\/www.rachida-dati.eu\/actualites\/comment-la-cyberattaque-contre-la-poste-affecte-les-livraisons-de-colis-de-noel-en-france\/","title":{"rendered":"Comment la cyberattaque contre La Poste affecte les livraisons de colis de No\u00ebl en France"},"content":{"rendered":"<div data-element-guid=\"7f7332a5-aca0-4fee-9990-ec700b171346\">\n<h2 class=\"subtitle \" style=\"\">Les services de suivi des colis restent indisponibles pour le deuxi\u00e8me jour<\/h2>\n<\/p>\n<\/div>\n<div data-element-guid=\"b9382a79-333e-48a6-d880-e34deb3032e1\">\n<p><!-- placeholder(#1) --><\/p>\n<p>Le service de La Poste en France continue de souffrir apr\u00e8s une importante cyberattaque qui a touch\u00e9 ses r\u00e9seaux hier, bien que les responsables affirment que l&rsquo;intensit\u00e9 de la situation a diminu\u00e9.<\/p>\n<p>Une <span data-lab-font_weight=\"font-weight-bold\" class=\"font-weight-bold m-font-weight-bold\">cyberattaque majeure a touch\u00e9 les services num\u00e9riques de La Poste<\/span> \u2013 y compris ceux du suivi des colis \u2013 hier.<\/p>\n<p>L&rsquo;attaque a \u00e9galement perturb\u00e9 les services bancaires de La Poste, et un certain nombre d&rsquo;autres banques nationales ont aussi \u00e9t\u00e9 touch\u00e9es.<\/p>\n<p>Les difficult\u00e9s prolong\u00e9es ont suscit\u00e9 la crainte que les colis de No\u00ebl qui n&rsquo;ont pas encore \u00e9t\u00e9 livr\u00e9s puissent ne pas arriver \u00e0 destination, d&rsquo;autant plus que les services de suivi ne sont pas disponibles, laissant les colis pratiquement introuvables.<\/p>\n<p>Cependant, le gouvernement a cherch\u00e9 \u00e0 apaiser ces craintes.<\/p>\n<p>\u00ab Si vous avez command\u00e9 un colis pour No\u00ebl, vous ne pourrez peut-\u00eatre pas v\u00e9rifier son statut sur le site pour le moment, mais le colis lui-m\u00eame est en chemin \u00bb, a d\u00e9clar\u00e9 le ministre des Finances Roland Lescure au m\u00e9dia BFMTV mardi 23 d\u00e9cembre.<\/p>\n<p>\u00ab La priorit\u00e9 absolue est de faire en sorte que les colis arrivent \u00e0 temps pour No\u00ebl \u00bb, a-t-il ajout\u00e9.<\/p>\n<p>Le personnel de La Poste \u00ab travaille sans rel\u00e2che pour y parvenir, et ils m&rsquo;ont dit que oui, ils livreront les colis \u00e0 temps \u00bb, a d\u00e9clar\u00e9 M. Lescure.<\/p>\n<p>Pour ceux qui attendent leurs livraisons avec anxi\u00e9t\u00e9, l\u2019impossibilit\u00e9 de savoir o\u00f9 se trouve le colis peut \u00eatre source de stress, et constitue un inconv\u00e9nient car ils ne savent pas \u00e0 quel moment ils doivent \u00eatre chez eux pour r\u00e9cup\u00e9rer les colis.<\/p>\n<p>Il convient de noter que cette perturbation ne s\u2019applique qu\u2019aux colis envoy\u00e9s par La Poste et ses filiales telles que Colissimo.<\/p>\n<p>Les exp\u00e9diteurs internationaux tels que Royal Mail et les coursiers priv\u00e9s, notamment FedEx et DHL, ne souffrent pas des probl\u00e8mes.<\/p>\n<h2>Aucune donn\u00e9e personnelle n\u2019a \u00e9t\u00e9 compromise<\/h2>\n<p>La cyberattaque \u00e0 grande \u00e9chelle qui a commenc\u00e9 lundi consistait en plusieurs attaques DDoS (d\u00e9ni de service distribu\u00e9), qui surchargeaient les syst\u00e8mes par un flux de requ\u00eates frauduleuses, les ralentissant puis provoquant leur mise hors service.<\/p>\n<p>Cela emp\u00eache les utilisateurs l\u00e9gitimes qui cherchent \u00e0 acc\u00e9der au syst\u00e8me \u2013 dans ce cas, les applications bancaires, le suivi des colis, etc \u2013 d&rsquo;ouvrir des comptes et d&rsquo;acc\u00e9der \u00e0 leurs espaces personnels.<\/p>\n<p>Ce type d\u2019attaque peut \u00eatre efficace, mais il ne d\u00e9robe pas les donn\u00e9es des utilisateurs \u00e0 moins que certaines zones ne soient compromises (parfois la force brute des attaques peut suffire \u00e0 saturer les verrous de mot de passe et les syst\u00e8mes de chiffrement).<\/p>\n<p>M. Lescure a toutefois assur\u00e9 aux utilisateurs que ce n&rsquo;\u00e9tait pas le cas, et que \u00ab aucune donn\u00e9e personnelle n&rsquo;avait \u00e9t\u00e9 prise \u00bb dans le cadre de la cyberattaque.<\/p>\n<p>Cette semaine est la plus charg\u00e9e pour La Poste, avec environ 180 millions de colis envoy\u00e9s en novembre et d\u00e9cembre.<\/p>\n<\/div>\n","protected":false},"excerpt":{"rendered":"<p>Les services de suivi des colis restent indisponibles pour le deuxi\u00e8me jour Le service de La Poste en France continue de souffrir apr\u00e8s une importante cyberattaque qui a touch\u00e9 ses r\u00e9seaux hier, bien que les responsables affirment que l&rsquo;intensit\u00e9 de la situation a diminu\u00e9. Une cyberattaque majeure a touch\u00e9 les services num\u00e9riques de La Poste [&hellip;]<\/p>\n","protected":false},"author":1,"featured_media":629,"comment_status":"open","ping_status":"open","sticky":false,"template":"","format":"standard","meta":{"footnotes":""},"categories":[1],"tags":[570,548,107,179,866,37,35,867,362,327],"class_list":["post-628","post","type-post","status-publish","format-standard","has-post-thumbnail","hentry","category-non-classe","tag-affecte","tag-colis","tag-comment","tag-contre","tag-cyberattaque","tag-france","tag-les","tag-livraisons","tag-noel","tag-poste"],"_links":{"self":[{"href":"https:\/\/www.rachida-dati.eu\/actualites\/wp-json\/wp\/v2\/posts\/628","targetHints":{"allow":["GET"]}}],"collection":[{"href":"https:\/\/www.rachida-dati.eu\/actualites\/wp-json\/wp\/v2\/posts"}],"about":[{"href":"https:\/\/www.rachida-dati.eu\/actualites\/wp-json\/wp\/v2\/types\/post"}],"author":[{"embeddable":true,"href":"https:\/\/www.rachida-dati.eu\/actualites\/wp-json\/wp\/v2\/users\/1"}],"replies":[{"embeddable":true,"href":"https:\/\/www.rachida-dati.eu\/actualites\/wp-json\/wp\/v2\/comments?post=628"}],"version-history":[{"count":1,"href":"https:\/\/www.rachida-dati.eu\/actualites\/wp-json\/wp\/v2\/posts\/628\/revisions"}],"predecessor-version":[{"id":630,"href":"https:\/\/www.rachida-dati.eu\/actualites\/wp-json\/wp\/v2\/posts\/628\/revisions\/630"}],"wp:featuredmedia":[{"embeddable":true,"href":"https:\/\/www.rachida-dati.eu\/actualites\/wp-json\/wp\/v2\/media\/629"}],"wp:attachment":[{"href":"https:\/\/www.rachida-dati.eu\/actualites\/wp-json\/wp\/v2\/media?parent=628"}],"wp:term":[{"taxonomy":"category","embeddable":true,"href":"https:\/\/www.rachida-dati.eu\/actualites\/wp-json\/wp\/v2\/categories?post=628"},{"taxonomy":"post_tag","embeddable":true,"href":"https:\/\/www.rachida-dati.eu\/actualites\/wp-json\/wp\/v2\/tags?post=628"}],"curies":[{"name":"wp","href":"https:\/\/api.w.org\/{rel}","templated":true}]}}