{"id":637,"date":"2025-12-24T18:51:50","date_gmt":"2025-12-24T17:51:50","guid":{"rendered":"https:\/\/www.rachida-dati.eu\/actualites\/les-aeroports-francais-veulent-resoudre-les-problemes-du-systeme-ees-a-la-frontiere-dici-debut-2026\/"},"modified":"2025-12-24T18:51:51","modified_gmt":"2025-12-24T17:51:51","slug":"les-aeroports-francais-veulent-resoudre-les-problemes-du-systeme-ees-a-la-frontiere-dici-debut-2026","status":"publish","type":"post","link":"https:\/\/www.rachida-dati.eu\/actualites\/les-aeroports-francais-veulent-resoudre-les-problemes-du-systeme-ees-a-la-frontiere-dici-debut-2026\/","title":{"rendered":"Les a\u00e9roports fran\u00e7ais veulent r\u00e9soudre les probl\u00e8mes du syst\u00e8me EES \u00e0 la fronti\u00e8re d&rsquo;ici d\u00e9but 2026"},"content":{"rendered":"<div data-element-guid=\"c01d4b50-115c-4227-909c-a5f6a83098aa\">\n<h2 class=\"subtitle \" style=\"\">La Commission europ\u00e9enne d\u00e9ment les all\u00e9gations de files d&rsquo;attente de trois heures pendant les heures de pointe<\/h2>\n<\/p>\n<\/div>\n<div data-element-guid=\"817472e3-6e5b-418a-cbc7-83ddadf14c54\">\n<p><!-- placeholder(#1) --><\/p>\n<div data-element-guid=\"6815a323-07af-436e-bed4-8dc7c497bcf5\" class=\"column text_multiline desktop-floatRight mobile-floatRight small-12 large-4 small-abs-12 large-abs-4\">\n<div class=\"content multiline bodytext bg-quaternary color_mobile_bg-quaternary hasContentPadding mobile-hasContentPadding\" style=\"\">\n<h2 class=\"tertiary color_mobile_tertiary font-weight-bold m-font-weight-bold\" data-lab-text_color=\"tertiary\" data-lab-font_weight=\"font-weight-bold\">Comment les nouveaux changements des fronti\u00e8res de l\u2019UE vous affectent-ils ?<\/h2>\n<p>Les abonn\u00e9s de Connexion peuvent lire gratuitement notre guide d\u2019aide sur l\u2019EES et l\u2019ETIAS sur la page Ressources pour les abonn\u00e9s ici.<\/p>\n<p>Si vous n\u2019\u00eates pas abonn\u00e9 \u00e0 Connexion, soit <span data-lab-font_weight=\"font-weight-bold\" class=\"font-weight-bold m-font-weight-bold\">cliquez ici pour vous abonner<\/span> soit <span data-lab-font_weight=\"font-weight-bold\" class=\"font-weight-bold m-font-weight-bold\">cliquez ici pour acheter le guide pour 9,50 \u20ac<\/span>.<\/p>\n<\/p><\/div>\n<\/div>\n<p>Des solutions aux probl\u00e8mes rencontr\u00e9s avec les nouvelles proc\u00e9dures num\u00e9riques des fronti\u00e8res EES dans certains a\u00e9roports fran\u00e7ais devraient \u00eatre en place \u00ab au d\u00e9but de 2026 \u00bb selon un organisme repr\u00e9sentant le secteur.<\/p>\n<p>Cette information survient alors que la Commission europ\u00e9enne a minimis\u00e9 les all\u00e9gations d&rsquo;une organisation europ\u00e9enne d&rsquo;a\u00e9roports qui avait averti que les temps de traitement des passagers aux fronti\u00e8res s\u2019\u00e9taient d\u00e9j\u00e0 aggrav\u00e9s \u00ab jusqu\u2019\u00e0 70 % \u00bb, et parfois jusqu\u2019\u00e0 trois heures d\u2019attente lors des p\u00e9riodes de pointe.<\/p>\n<p><span data-lab-font_weight=\"font-weight-bold\" class=\"font-weight-bold m-font-weight-bold\">ACI Europe avait d\u00e9clar\u00e9 la semaine derni\u00e8re<\/span> qu\u2019elle appelait la Commission ainsi que les \u00c9tats membres \u00e0 r\u00e9soudre les probl\u00e8mes op\u00e9rationnels avant l\u2019exigence en janvier d\u2019utiliser l\u2019EES afin d\u2019acc\u00e9l\u00e9rer le traitement d\u2019au moins 35 % des visiteurs pertinents (non-UE\/EEE\/Suisse) de l\u2019espace Schengen.<\/p>\n<p>Elle avait averti d\u2019un \u00ab chaos \u00bb aux fronti\u00e8res si cela n\u2019\u00e9tait pas fait.<\/p>\n<p>Elle a ajout\u00e9 : \u00ab Si l\u2019\u00c9tat parvient \u00e0 tenir ses promesses, les choses devraient bien se d\u00e9rouler pour le reste de la p\u00e9riode de mise en \u0153uvre progressive [qui se termine le 10 avril]. Sinon, avec tout fait manuellement aux guichets, les temps d\u2019attente vont in\u00e9vitablement augmenter de mani\u00e8re exponentielle. \u00bb<\/p>\n<h2>Les a\u00e9roports fran\u00e7ais annoncent des am\u00e9liorations en vue<\/h2>\n<p>Il a ajout\u00e9 que les portiques \u00e9lectroniques peuvent d\u00e9j\u00e0 \u00eatre utilis\u00e9s en compl\u00e9ment de l\u2019EES dans certains pays de l\u2019UE, mais pas encore en France.<\/p>\n<p>\u00ab Les d\u00e9veloppements informatiques sont encore en cours et se sont r\u00e9v\u00e9l\u00e9s plus compliqu\u00e9s que pr\u00e9vu, ce qui explique un certain retard dans le d\u00e9ploiement.<\/p>\n<p>\u00ab Les Parafe devraient, nous l\u2019esp\u00e9rons, \u00eatre enti\u00e8rement fonctionnels et compatibles avec l\u2019EES au d\u00e9but de l\u2019ann\u00e9e prochaine.<\/p>\n<p>\u00ab L\u2019objectif demeure que, le moment venu, tous les passagers \u00e9ligibles puissent utiliser les portiques \u00e9lectroniques, que ce soit lors de leur premi\u00e8re entr\u00e9e depuis le d\u00e9but de l\u2019EES ou lors d\u2019une entr\u00e9e ult\u00e9rieure [c\u2019est-\u00e0-dire lorsqu\u2019ils sont d\u00e9j\u00e0 enregistr\u00e9s dans les bases de donn\u00e9es de l\u2019EES].\u00a0<\/p>\n<p>\u00ab Il est possible qu\u2019il soit mis en \u0153uvre pour les voyageurs \u00ab ult\u00e9rieurs \u00bb avant les voyageurs en premi\u00e8re entr\u00e9e, en fonction des avanc\u00e9es techniques\/IT r\u00e9alis\u00e9es dans les prochaines semaines. \u00bb<\/p>\n<h2>La Commission dit \u00ab pas de files d\u2019attente significatives \u00bb li\u00e9es \u00e0 l\u2019EES<\/h2>\n<p>Une porte-parole de la Commission europ\u00e9enne a d\u00e9clar\u00e9 que l\u2019EES avait \u00e9t\u00e9 lanc\u00e9 \u00ab avec succ\u00e8s \u00bb selon une \u00ab approche progressive \u00bb le 12 octobre 2025 et \u00ab a fonctionn\u00e9 globalement sans probl\u00e8mes \u00bb, les \u00ab d\u00e9fis initiaux typiques des nouveaux syst\u00e8mes \u00bb ayant \u00e9t\u00e9 \u00ab efficacement r\u00e9solus \u00bb. <\/p>\n<p>Elle a dit que les \u00c9tats membres ont d\u00e9j\u00e0 d\u00e9pass\u00e9 les exigences initiales d\u2019au moins 10 % des voyageurs \u00e9ligibles enregistr\u00e9s, et dans de nombreux cas ont d\u00e9pass\u00e9 le seuil de janvier avec la moiti\u00e9 des voyageurs d\u00e9j\u00e0 enregistr\u00e9s. Ainsi, les pr\u00e9occupations quant \u00e0 ce qui pourrait se passer lorsque le seuil des 35 % sera atteint ont \u00e9t\u00e9 \u00ab d\u00e9montr\u00e9es infond\u00e9es \u00bb, a-t-elle d\u00e9clar\u00e9.<\/p>\n<p>\u00ab Les temps de traitement se sont en outre am\u00e9lior\u00e9s \u00e0 mesure que les agents des fronti\u00e8res acqui\u00e8rent de l\u2019exp\u00e9rience et que les proc\u00e9dures sont affin\u00e9es \u00bb, a ajout\u00e9 la porte-parole, notant qu\u2019il n\u2019existe pas de preuve de \u00ab files d\u2019attente significatives \u00bb li\u00e9es \u00e0 l\u2019EES, hormis dans des cas sp\u00e9cifiques limit\u00e9s o\u00f9 les temps de traitement ont l\u00e9g\u00e8rement augment\u00e9 \u00e0 certains a\u00e9roports.<\/p>\n<p>\u00ab Dans tous les autres cas o\u00f9 des files d\u2019attente se sont form\u00e9es, les \u00c9tats membres ont confirm\u00e9 que cela \u00e9tait d\u00fb \u00e0 d\u2019autres facteurs. \u00c0 ce jour, aucun \u00c9tat membre n\u2019a signal\u00e9 ou confirm\u00e9 l\u2019affirmation selon laquelle les temps de traitement au contr\u00f4le aux fronti\u00e8res dans les a\u00e9roports auraient augment\u00e9 de jusqu\u2019\u00e0 70 % avec des temps d\u2019attente pouvant atteindre trois heures pendant les p\u00e9riodes de pointe en raison de l\u2019introduction de l\u2019EES. \u00bb<\/p>\n<p>Elle a ajout\u00e9 que les \u00c9tats disposent d\u00e9j\u00e0 d\u2019outils pour suspendre partiellement ou totalement les op\u00e9rations de l\u2019EES en \u00ab circonstances exceptionnelles \u00bb. <\/p>\n<p>\u00ab Cela peut \u00eatre utilis\u00e9 pour faire face aux d\u00e9fis, particuli\u00e8rement pendant les p\u00e9riodes de vacances de pointe, jusqu\u2019\u00e0 ce que les processus soient enti\u00e8rement optimis\u00e9s, \u00bb a-t-elle d\u00e9clar\u00e9.\u00a0<\/p>\n<p>\u00ab La Commission suit de tr\u00e8s pr\u00e8s \u00e0 la fois la conformit\u00e9 avec les bases juridiques et le fonctionnement de l\u2019EES au niveau central et l\u2019impact aux fronti\u00e8res au niveau national. <\/p>\n<p>\u00ab Nous travaillons \u00e9galement activement avec les \u00c9tats membres pour faciliter le partage des meilleures pratiques. \u00bb<\/p>\n<p>\u00a0<\/p>\n<\/div>\n","protected":false},"excerpt":{"rendered":"<p>La Commission europ\u00e9enne d\u00e9ment les all\u00e9gations de files d&rsquo;attente de trois heures pendant les heures de pointe Comment les nouveaux changements des fronti\u00e8res de l\u2019UE vous affectent-ils ? Les abonn\u00e9s de Connexion peuvent lire gratuitement notre guide d\u2019aide sur l\u2019EES et l\u2019ETIAS sur la page Ressources pour les abonn\u00e9s ici. Si vous n\u2019\u00eates pas abonn\u00e9 [&hellip;]<\/p>\n","protected":false},"author":1,"featured_media":638,"comment_status":"open","ping_status":"open","sticky":false,"template":"","format":"standard","meta":{"footnotes":""},"categories":[1],"tags":[385,877,704,119,23,876,35,875,874,115,873],"class_list":["post-637","post","type-post","status-publish","format-standard","has-post-thumbnail","hentry","category-non-classe","tag-aeroports","tag-debut","tag-dici","tag-ees","tag-francais","tag-frontiere","tag-les","tag-problemes","tag-resoudre","tag-systeme","tag-veulent"],"_links":{"self":[{"href":"https:\/\/www.rachida-dati.eu\/actualites\/wp-json\/wp\/v2\/posts\/637","targetHints":{"allow":["GET"]}}],"collection":[{"href":"https:\/\/www.rachida-dati.eu\/actualites\/wp-json\/wp\/v2\/posts"}],"about":[{"href":"https:\/\/www.rachida-dati.eu\/actualites\/wp-json\/wp\/v2\/types\/post"}],"author":[{"embeddable":true,"href":"https:\/\/www.rachida-dati.eu\/actualites\/wp-json\/wp\/v2\/users\/1"}],"replies":[{"embeddable":true,"href":"https:\/\/www.rachida-dati.eu\/actualites\/wp-json\/wp\/v2\/comments?post=637"}],"version-history":[{"count":1,"href":"https:\/\/www.rachida-dati.eu\/actualites\/wp-json\/wp\/v2\/posts\/637\/revisions"}],"predecessor-version":[{"id":639,"href":"https:\/\/www.rachida-dati.eu\/actualites\/wp-json\/wp\/v2\/posts\/637\/revisions\/639"}],"wp:featuredmedia":[{"embeddable":true,"href":"https:\/\/www.rachida-dati.eu\/actualites\/wp-json\/wp\/v2\/media\/638"}],"wp:attachment":[{"href":"https:\/\/www.rachida-dati.eu\/actualites\/wp-json\/wp\/v2\/media?parent=637"}],"wp:term":[{"taxonomy":"category","embeddable":true,"href":"https:\/\/www.rachida-dati.eu\/actualites\/wp-json\/wp\/v2\/categories?post=637"},{"taxonomy":"post_tag","embeddable":true,"href":"https:\/\/www.rachida-dati.eu\/actualites\/wp-json\/wp\/v2\/tags?post=637"}],"curies":[{"name":"wp","href":"https:\/\/api.w.org\/{rel}","templated":true}]}}