{"id":643,"date":"2025-12-25T05:56:09","date_gmt":"2025-12-25T04:56:09","guid":{"rendered":"https:\/\/www.rachida-dati.eu\/actualites\/la-france-repond-aux-preoccupations-de-lue-concernant-les-reformes-du-droit-des-successions-de-2021\/"},"modified":"2025-12-25T05:56:10","modified_gmt":"2025-12-25T04:56:10","slug":"la-france-repond-aux-preoccupations-de-lue-concernant-les-reformes-du-droit-des-successions-de-2021","status":"publish","type":"post","link":"https:\/\/www.rachida-dati.eu\/actualites\/la-france-repond-aux-preoccupations-de-lue-concernant-les-reformes-du-droit-des-successions-de-2021\/","title":{"rendered":"La France r\u00e9pond aux pr\u00e9occupations de l\u2019UE concernant les r\u00e9formes du droit des successions de 2021"},"content":{"rendered":"<div id=\"main\">\n<div data-element-guid=\"7f7332a5-aca0-4fee-9990-ec700b171346\" class=\"articleHeader column hasCaption\">\n<h2 class=\"subtitle \" style=\"\">Cependant, l&rsquo;attente se poursuit pour les couples concern\u00e9s alors que les autorit\u00e9s envisagent un suivi suppl\u00e9mentaire<\/h2>\n<\/p>\n<\/div>\n<div data-element-guid=\"b60c7ba4-5d5a-4156-aede-fa42d931dbaa\" class=\"bodytext large-12 small-12 medium-12\">\n<p><!-- placeholder(#1) --><\/p>\n<p>Les autorit\u00e9s fran\u00e7aises ont d\u00e9sormais r\u00e9pondu \u00e0 la Commission europ\u00e9enne au sujet de ses propositions (non d\u00e9taill\u00e9es) de modifications visant \u00e0 rem\u00e9dier au \u00ab probl\u00e8me \u00bb caus\u00e9 par la loi fran\u00e7aise de 2021 relative \u00e0 l&rsquo;h\u00e9ritage forc\u00e9.<\/p>\n<p>Un porte-parole a d\u00e9clar\u00e9 : \u00ab Nous pouvons confirmer que nous avons re\u00e7u une r\u00e9ponse des autorit\u00e9s fran\u00e7aises. \u00bb<\/p>\n<p>\u00ab La Commission informera les plaignants de tout d\u00e9veloppement dans l&rsquo;affaire et de toute mesure qu&rsquo;elle a d\u00e9cid\u00e9 de prendre via la page d\u00e9di\u00e9e. \u00bb<\/p>\n<p>Ceci intervient apr\u00e8s que les militants en faveur d&rsquo;une r\u00e9forme du droit d&rsquo;h\u00e9ritage aient r\u00e9cemment re\u00e7u un courriel de la Commission les informant que \u00ab les autorit\u00e9s fran\u00e7aises et la Commission europ\u00e9enne poursuivent leur dialogue en vue d&rsquo;une r\u00e9solution positive de l&rsquo;affaire \u00bb.\u00a0<\/p>\n<p>Cela concerne les plaintes d\u00e9pos\u00e9es \u00e0 la Commission depuis fin 2022, concernant la loi fran\u00e7aise sur l&rsquo;h\u00e9ritage de 2021, qui vise \u00e0 appliquer les \u00ab parts d&rsquo;h\u00e9ritier \u00bb pr\u00e9vues par la loi fran\u00e7aise \u00e0 une succession, m\u00eame lorsque la loi successorale \u00e9trang\u00e8re, telle que celle de l&rsquo;Angleterre ou d&rsquo;un \u00c9tat am\u00e9ricain, est destin\u00e9e \u00e0 s&rsquo;appliquer \u00e0 la succession.<\/p>\n<p>Cela peut se produire, notamment lorsque le d\u00e9funt a tir\u00e9 parti des r\u00e8gles du droit de l&rsquo;UE pour d\u00e9signer la loi de sa nationalit\u00e9 afin de couvrir l&rsquo;ensemble de son patrimoine.<\/p>\n<p>Il peut \u00e9galement arriver dans certains cas en raison d&rsquo;une r\u00e8gle du droit de l&rsquo;UE qui, si aucun choix n&rsquo;est exprim\u00e9 dans un testament, applique la loi du dernier pays de r\u00e9sidence de la personne \u00e0 l&rsquo;ensemble de sa succession.\u00a0<\/p>\n<p>La loi fran\u00e7aise de 2021 a \u00e9t\u00e9 largement critiqu\u00e9e par les notaires et avocats fran\u00e7ais et de nombreuses personnes \u00e9trang\u00e8res r\u00e9sidant en France ont racont\u00e9 le stress que cela provoque apr\u00e8s avoir envisag\u00e9 d&rsquo;utiliser la loi de leur nationalit\u00e9 pour prot\u00e9ger le conjoint survivant.<\/p>\n<p>Un nombre important nous a confi\u00e9 qu&rsquo;il envisageait de vendre et de quitter la France en raison de la loi, ou l&rsquo;a d\u00e9j\u00e0 fait.<\/p>\n<p>Les autorit\u00e9s fran\u00e7aises ont manqu\u00e9 la date limite initiale du 1er octobre pour r\u00e9pondre \u00e0 la Commission, et auraient d\u00e9clar\u00e9, selon des sources, que la raison de ce retard \u00e9tait la situation politique complexe en France.<\/p>\n<\/div><\/div>\n","protected":false},"excerpt":{"rendered":"<p>Cependant, l&rsquo;attente se poursuit pour les couples concern\u00e9s alors que les autorit\u00e9s envisagent un suivi suppl\u00e9mentaire Les autorit\u00e9s fran\u00e7aises ont d\u00e9sormais r\u00e9pondu \u00e0 la Commission europ\u00e9enne au sujet de ses propositions (non d\u00e9taill\u00e9es) de modifications visant \u00e0 rem\u00e9dier au \u00ab probl\u00e8me \u00bb caus\u00e9 par la loi fran\u00e7aise de 2021 relative \u00e0 l&rsquo;h\u00e9ritage forc\u00e9. Un porte-parole [&hellip;]<\/p>\n","protected":false},"author":1,"featured_media":644,"comment_status":"open","ping_status":"open","sticky":false,"template":"","format":"standard","meta":{"footnotes":""},"categories":[1],"tags":[75,882,42,884,37,35,504,881,883,880,885],"class_list":["post-643","post","type-post","status-publish","format-standard","has-post-thumbnail","hentry","category-non-classe","tag-aux","tag-concernant","tag-des","tag-droit","tag-france","tag-les","tag-lue","tag-preoccupations","tag-reformes","tag-repond","tag-successions"],"_links":{"self":[{"href":"https:\/\/www.rachida-dati.eu\/actualites\/wp-json\/wp\/v2\/posts\/643","targetHints":{"allow":["GET"]}}],"collection":[{"href":"https:\/\/www.rachida-dati.eu\/actualites\/wp-json\/wp\/v2\/posts"}],"about":[{"href":"https:\/\/www.rachida-dati.eu\/actualites\/wp-json\/wp\/v2\/types\/post"}],"author":[{"embeddable":true,"href":"https:\/\/www.rachida-dati.eu\/actualites\/wp-json\/wp\/v2\/users\/1"}],"replies":[{"embeddable":true,"href":"https:\/\/www.rachida-dati.eu\/actualites\/wp-json\/wp\/v2\/comments?post=643"}],"version-history":[{"count":1,"href":"https:\/\/www.rachida-dati.eu\/actualites\/wp-json\/wp\/v2\/posts\/643\/revisions"}],"predecessor-version":[{"id":645,"href":"https:\/\/www.rachida-dati.eu\/actualites\/wp-json\/wp\/v2\/posts\/643\/revisions\/645"}],"wp:featuredmedia":[{"embeddable":true,"href":"https:\/\/www.rachida-dati.eu\/actualites\/wp-json\/wp\/v2\/media\/644"}],"wp:attachment":[{"href":"https:\/\/www.rachida-dati.eu\/actualites\/wp-json\/wp\/v2\/media?parent=643"}],"wp:term":[{"taxonomy":"category","embeddable":true,"href":"https:\/\/www.rachida-dati.eu\/actualites\/wp-json\/wp\/v2\/categories?post=643"},{"taxonomy":"post_tag","embeddable":true,"href":"https:\/\/www.rachida-dati.eu\/actualites\/wp-json\/wp\/v2\/tags?post=643"}],"curies":[{"name":"wp","href":"https:\/\/api.w.org\/{rel}","templated":true}]}}