{"id":667,"date":"2025-12-27T08:44:33","date_gmt":"2025-12-27T07:44:33","guid":{"rendered":"https:\/\/www.rachida-dati.eu\/actualites\/trafic-dense-en-france-les-familles-partent-vers-les-stations-de-ski-pour-noel\/"},"modified":"2025-12-27T08:44:34","modified_gmt":"2025-12-27T07:44:34","slug":"trafic-dense-en-france-les-familles-partent-vers-les-stations-de-ski-pour-noel","status":"publish","type":"post","link":"https:\/\/www.rachida-dati.eu\/actualites\/trafic-dense-en-france-les-familles-partent-vers-les-stations-de-ski-pour-noel\/","title":{"rendered":"Trafic dense en France : les familles partent vers les stations de ski pour No\u00ebl"},"content":{"rendered":"<div id=\"main\">\n<div data-element-guid=\"2fab827b-c2af-457a-8ca0-fc1ea1a3b815\" class=\"articleHeader column hasCaption\">\n<h2 class=\"subtitle \" style=\"\">Des avertissements de circulation rouges en vigueur pour le vendredi 19 d\u00e9cembre<\/h2>\n<\/p>\n<\/div>\n<div data-element-guid=\"c640979b-4b7d-44f4-fca9-38073ffca2a1\" class=\"bodytext large-12 small-12 medium-12\">\n<p><!-- placeholder(#1) --><\/p>\n<p>Un trafic important est attendu au d\u00e9but du week-end alors que les familles se dirigent vers les stations de ski pour c\u00e9l\u00e9brer No\u00ebl.<\/p>\n<p>Des embouteillages sont pr\u00e9vus dans toutes les r\u00e9gions de France au d\u00e9part de Paris et d&rsquo;autres grandes villes aujourd&rsquo;hui, vendredi 19 d\u00e9cembre, l&rsquo;Auvergne-Rh\u00f4ne-Alpes faisant face \u00e0 un trafic tr\u00e8s dense.<\/p>\n<p>Le service d&rsquo;alerte trafic <span data-lab-italic=\"italic\" class=\"italic m-italic\">Bison Fut\u00e9<\/span> a publi\u00e9 les conseils suivants pour les conducteurs\u00a0:<\/p>\n<ul>\n<li>\n<p>Quitter ou traverser la r\u00e9gion \u00cele-de-France avant 14:00 ou apr\u00e8s 21:00<\/p>\n<\/li>\n<li>\n<p>\u00c9viter l&rsquo;autoroute A36 entre Besan\u00e7on et l&rsquo;Allemagne de 13:00 \u00e0 21:00<\/p>\n<\/li>\n<li>\n<p>\u00c9viter l&rsquo;autoroute A7 entre Lyon et Orange de 15:00 \u00e0 19:00 et entre Orange et Lyon de 14:00 \u00e0 18:00<\/p>\n<\/li>\n<li>\n<p>\u00c9viter l&rsquo;autoroute A9 entre Orange et Narbonne de 14:00 \u00e0 18:00<\/p>\n<\/li>\n<li>\n<p>\u00c9viter l&rsquo;autoroute A8 entre Le Luc et l&rsquo;Italie de 12:00 \u00e0 19:00<\/p>\n<\/li>\n<li>\n<p>\u00c9viter l&rsquo;autoroute A42 entre Lyon et Pont d&rsquo;Ain de 18:00 \u00e0 20:00<\/p>\n<\/li>\n<li>\n<p>\u00c9viter l&rsquo;autoroute A43 entre Lyon et Chamb\u00e9ry de 17:00 \u00e0 20:00<\/p>\n<\/li>\n<li>\n<p>\u00c9viter l&rsquo;autoroute A46 et la N346 pour le contournement est de Lyon de 15:00 \u00e0 20:00<\/p>\n<\/li>\n<li>\n<p>\u00c9viter l&rsquo;autoroute A1 entre Lille et Paris de 15:00 \u00e0 18:00<\/p>\n<\/li>\n<li>\n<p>\u00c9viter l&rsquo;autoroute A11 entre Nantes et Angers de 14:00 \u00e0 20:00<\/p>\n<\/li>\n<li>\n<p>\u00c9viter l&rsquo;autoroute A10 entre Poitiers et Tours de 15:00 \u00e0 20:00<\/p>\n<\/li>\n<li>\n<p>\u00c9viter l&rsquo;autoroute A41 entre la Suisse et Grenoble de 16:00 \u00e0 20:00<\/p>\n<\/li>\n<li>\n<p>\u00c9viter l&rsquo;autoroute A48 entre Grenoble et Bourgoin-Jallieu de 15:00 \u00e0 20:00<\/p>\n<\/li>\n<\/ul>\n<p>Pour samedi, le service conseille aux conducteurs\u00a0:<\/p>\n<ul>\n<li>\n<p>Quitter ou traverser la r\u00e9gion \u00cele-de-France avant 06:00 ou apr\u00e8s 16:00.<\/p>\n<\/li>\n<li>\n<p>\u00c9viter l&rsquo;autoroute A40 entre M\u00e2con et Annemasse entre 11:00 et 16:00<\/p>\n<\/li>\n<li>\n<p>\u00c9viter l&rsquo;autoroute A43 entre Lyon et Chamb\u00e9ry entre 10:00 et 19:00<\/p>\n<\/li>\n<li>\n<p>\u00c9viter l&rsquo;A46 et la N346 pour le contournement est de Lyon de 10:00 \u00e0 16:00<\/p>\n<\/li>\n<li>\n<p>\u00c9viter le tunnel du Mont-Blanc (N205) entre la France et l&rsquo;Italie de 14:00 \u00e0 19:00<\/p>\n<\/li>\n<\/ul>\n<p>Les conditions devraient s&rsquo;am\u00e9liorer dimanche, la plupart des familles ayant atteint leurs destinations.<\/p>\n<p>Cependant, la circulation dans d&rsquo;autres zones, en particulier le sud-ouest pourrait \u00eatre affect\u00e9e par des protestations d&rsquo;agriculteurs selon l&rsquo;issue des n\u00e9gociations cruciales du trait\u00e9 de libre-\u00e9change UE-Mercosur d&rsquo;aujourd&rsquo;hui.<\/p>\n<p>Le graphique ci-dessous donne un aper\u00e7u r\u00e9gional du trafic pour ce week-end. <\/p>\n<figure data-element-guid=\"8986069b-be9d-43c8-8b43-7c5aa0302bb1\" class=\"column desktop-floatLeft mobile-floatLeft small-12 large-8 small-abs-12 large-abs-8\">\n<div class=\"content \" style=\"\">\n<div class=\"img fullwidthTarget\">\n            <picture><source  width=\"706\" height=\"939\" media=\"(min-width: 768px)\" type=\"image\/webp\"><source  width=\"706\" height=\"939\" media=\"(min-width: 768px)\" type=\"image\/jpeg\"><source  width=\"480\" height=\"639\" media=\"(max-width: 767px)\" type=\"image\/webp\"><source  width=\"480\" height=\"639\" media=\"(max-width: 767px)\" type=\"image\/jpeg\"><\/picture>\n                    <\/div>\n<\/p><\/div>\n<\/figure>\n<\/div>\n","protected":false},"excerpt":{"rendered":"<p>Des avertissements de circulation rouges en vigueur pour le vendredi 19 d\u00e9cembre Un trafic important est attendu au d\u00e9but du week-end alors que les familles se dirigent vers les stations de ski pour c\u00e9l\u00e9brer No\u00ebl. Des embouteillages sont pr\u00e9vus dans toutes les r\u00e9gions de France au d\u00e9part de Paris et d&rsquo;autres grandes villes aujourd&rsquo;hui, vendredi [&hellip;]<\/p>\n","protected":false},"author":1,"featured_media":668,"comment_status":"open","ping_status":"open","sticky":false,"template":"","format":"standard","meta":{"footnotes":""},"categories":[1],"tags":[907,908,37,35,362,909,39,18,36,906,105],"class_list":["post-667","post","type-post","status-publish","format-standard","has-post-thumbnail","hentry","category-non-classe","tag-dense","tag-familles","tag-france","tag-les","tag-noel","tag-partent","tag-pour","tag-ski","tag-stations","tag-trafic","tag-vers"],"_links":{"self":[{"href":"https:\/\/www.rachida-dati.eu\/actualites\/wp-json\/wp\/v2\/posts\/667","targetHints":{"allow":["GET"]}}],"collection":[{"href":"https:\/\/www.rachida-dati.eu\/actualites\/wp-json\/wp\/v2\/posts"}],"about":[{"href":"https:\/\/www.rachida-dati.eu\/actualites\/wp-json\/wp\/v2\/types\/post"}],"author":[{"embeddable":true,"href":"https:\/\/www.rachida-dati.eu\/actualites\/wp-json\/wp\/v2\/users\/1"}],"replies":[{"embeddable":true,"href":"https:\/\/www.rachida-dati.eu\/actualites\/wp-json\/wp\/v2\/comments?post=667"}],"version-history":[{"count":1,"href":"https:\/\/www.rachida-dati.eu\/actualites\/wp-json\/wp\/v2\/posts\/667\/revisions"}],"predecessor-version":[{"id":669,"href":"https:\/\/www.rachida-dati.eu\/actualites\/wp-json\/wp\/v2\/posts\/667\/revisions\/669"}],"wp:featuredmedia":[{"embeddable":true,"href":"https:\/\/www.rachida-dati.eu\/actualites\/wp-json\/wp\/v2\/media\/668"}],"wp:attachment":[{"href":"https:\/\/www.rachida-dati.eu\/actualites\/wp-json\/wp\/v2\/media?parent=667"}],"wp:term":[{"taxonomy":"category","embeddable":true,"href":"https:\/\/www.rachida-dati.eu\/actualites\/wp-json\/wp\/v2\/categories?post=667"},{"taxonomy":"post_tag","embeddable":true,"href":"https:\/\/www.rachida-dati.eu\/actualites\/wp-json\/wp\/v2\/tags?post=667"}],"curies":[{"name":"wp","href":"https:\/\/api.w.org\/{rel}","templated":true}]}}