{"id":673,"date":"2025-12-28T06:37:29","date_gmt":"2025-12-28T05:37:29","guid":{"rendered":"https:\/\/www.rachida-dati.eu\/actualites\/agriculteurs-protestent-contre-des-ordres-dabattage-de-vaches-en-occitanie-bloquant-les-routes\/"},"modified":"2025-12-28T06:37:29","modified_gmt":"2025-12-28T05:37:29","slug":"agriculteurs-protestent-contre-des-ordres-dabattage-de-vaches-en-occitanie-bloquant-les-routes","status":"publish","type":"post","link":"https:\/\/www.rachida-dati.eu\/actualites\/agriculteurs-protestent-contre-des-ordres-dabattage-de-vaches-en-occitanie-bloquant-les-routes\/","title":{"rendered":"Agriculteurs protestent contre des ordres d&rsquo;abattage de vaches en Occitanie, bloquant les routes"},"content":{"rendered":"<div data-element-guid=\"7f7332a5-aca0-4fee-9990-ec700b171346\">\n<h2 class=\"subtitle \" style=\"\">L&rsquo;A75 bloqu\u00e9e par environ 100 tracteurs, les protestations pr\u00e9vues pour se poursuivre tout le week-end<\/h2>\n<\/p>\n<\/div>\n<div data-element-guid=\"2c17c6ca-a231-4a8a-87a2-dd6ecc9ba8af\">\n<p><!-- placeholder(#1) --><\/p>\n<p>Au moins cent tracteurs ont bloqu\u00e9 une autoroute dans le sud-ouest de la France hier soir, alors que les syndicats agricoles apportaient leur soutien aux agriculteurs tenus de proc\u00e9der \u00e0 l&rsquo;abattage de leur b\u00e9tail, avec des perturbations encore en cours ce matin.<\/p>\n<p>Des agriculteurs soutenus par la Coordination rurale et les Jeunes Agriculteurs ont bloqu\u00e9 l&rsquo;autoroute A75 dans le d\u00e9partement de la Loz\u00e8re, pr\u00e8s de Buisson, lors d&rsquo;une manifestation organis\u00e9e hier soir. Ils ont utilis\u00e9 des tracteurs pour bloquer la route et des arbres \u00e0 proximit\u00e9 ont \u00e9t\u00e9 abattus pour alimenter un grand feu.<\/p>\n<p>La circulation dans la zone demeure dense ce matin.<\/p>\n<p>Aux c\u00f4t\u00e9s de ce blocage majeur, des perturbations sur l&rsquo;A9 et plusieurs routes autour de Toulouse ont \u00e9galement \u00e9t\u00e9 enregistr\u00e9es jeudi soir et vendredi matin (12 d\u00e9cembre) alors que d&rsquo;autres agriculteurs ont commenc\u00e9 leurs protestations.<\/p>\n<p>Ailleurs, des affrontements entre agriculteurs et police se sont intensifi\u00e9s dans toute l&rsquo;Occitanie, la police ayant \u00e9t\u00e9 enregistr\u00e9e en train d&rsquo;utiliser du gaz lacrymog\u00e8ne.<\/p>\n<p>Les syndicats affirment qu&rsquo;ils poursuivront les blocages pendant plusieurs jours. <\/p>\n<h2>Ordre d&rsquo;abattre des centaines de vaches<\/h2>\n<p>Les protestations ont \u00e9t\u00e9 d\u00e9clench\u00e9es apr\u00e8s qu&rsquo;un agriculteur d&rsquo;Ari\u00e8ge a re\u00e7u l&rsquo;ordre d&rsquo;abattre 200 vaches \u00e0 la suite d&rsquo;une \u00e9pid\u00e9mie de maladie nodulaire contagieuse de la peau (dermatose nodulaire contagieuse).<\/p>\n<p>D&rsquo;autres cas ont \u00e9t\u00e9 signal\u00e9s dans les Hautes-Pyr\u00e9n\u00e9es, entra\u00eenant de nouvelles demandes d&rsquo;abattage.<\/p>\n<p>La maladie ne peut pas \u00eatre transmise aux humains par la consommation de produits provenant d&rsquo;animaux infect\u00e9s, mais elle peut gravement affecter la sant\u00e9 des troupeaux et entra\u00eener des d\u00e9formations, une baisse de la production de lait et des probl\u00e8mes de reproduction.<\/p>\n<p>La maladie est arriv\u00e9e r\u00e9cemment en France, les premiers cas ayant \u00e9t\u00e9 enregistr\u00e9s en juin 2025. L&rsquo;agence sanitaire Anses a publi\u00e9 un <span data-lab-font_weight=\"font-weight-bold\" class=\"font-weight-bold m-font-weight-bold\">rapport sur la maladie<\/span> \u00e0 la suite de l&rsquo;\u00e9closion.<\/p>\n<p>Autrefois limit\u00e9e \u00e0 l&rsquo;Afrique subsaharienne, elle a \u00e9t\u00e9 d\u00e9tect\u00e9e pour la premi\u00e8re fois en Europe dans les Balkans en 2015.<\/p>\n<p>Les ordres d&rsquo;abattage des troupeaux en cas d&rsquo;\u00e9pid\u00e9mie sont l\u00e9gaux, bien que l&rsquo;Europe tente de vacciner les troupeaux contre la maladie.<\/p>\n<p>Cependant, les agriculteurs estiment que l&rsquo;abattage n&rsquo;est pas \u00e9conomiquement viable sans soutien \u2013 tout autant qu&rsquo;il est \u00e9motionnellement \u00e9prouvant \u2013 et les syndicats agricoles dans l&rsquo;Occitanie ont organis\u00e9 une action rapide pour soutenir les agriculteurs touch\u00e9s.<\/p>\n<p>Cela comprenait des manifestations \u00e0 Rodez (Aveyron), et jeudi (11 d\u00e9cembre), des agriculteurs se sont rendus \u00e0 Bordes-sur-Arize, la commune o\u00f9 la premi\u00e8re \u00e9pid\u00e9mie a \u00e9t\u00e9 enregistr\u00e9e, pour t\u00e9moigner leur soutien aux agriculteurs touch\u00e9s.<\/p>\n<p>Des affrontements violents ont \u00e9clat\u00e9, des agriculteurs \u00e9rigant des barricades et la police utilisant du gaz lacrymog\u00e8ne.<\/p>\n<p>Dans la soir\u00e9e, la police avait d\u00e9mantel\u00e9 les barricades, qui avaient \u00e9t\u00e9 dress\u00e9es pour emp\u00eacher les services v\u00e9t\u00e9rinaires d&rsquo;entrer sur l&rsquo;exploitation afin de commencer l&rsquo;euthanasie des animaux, qui a d\u00e9but\u00e9 vendredi matin.<\/p>\n<p>Beaucoup des agriculteurs pr\u00e9sents lors de ces protestations initiales se sont dirig\u00e9s vers le blocage de l&rsquo;A75 et y restent. Ils ne viennent pas seulement d&rsquo;Ari\u00e8ge ou de Loz\u00e8re, mais de tout le sud-ouest.<\/p>\n<p>D&rsquo;autres protestations sont pr\u00e9vues dans les prochains jours en Ari\u00e8ge, dans l&rsquo;Aveyron et dans la Loz\u00e8re, selon les unions agricoles locales.<\/p>\n<p>Des inqui\u00e9tudes subsistent quant \u00e0 une propagation des protestations, les ordres d&rsquo;abattage \u00e9tant un catalyseur d&rsquo;un m\u00e9contentement plus large qui bouillonne dans le secteur.<\/p>\n<p>Un agriculteur protestant lors du blocage de l&rsquo;A75 a d\u00e9clar\u00e9 au m\u00e9dia Midi Libre que \u00ab l&rsquo;\u00e9tincelle est allum\u00e9e \u00bb, et que les protestataires se dirigeraient bient\u00f4t vers Paris.<\/p>\n<p>Cela reste toutefois \u00e0 \u00eatre officiellement confirm\u00e9 par les syndicats agricoles.<\/p>\n<\/div>\n","protected":false},"excerpt":{"rendered":"<p>L&rsquo;A75 bloqu\u00e9e par environ 100 tracteurs, les protestations pr\u00e9vues pour se poursuivre tout le week-end Au moins cent tracteurs ont bloqu\u00e9 une autoroute dans le sud-ouest de la France hier soir, alors que les syndicats agricoles apportaient leur soutien aux agriculteurs tenus de proc\u00e9der \u00e0 l&rsquo;abattage de leur b\u00e9tail, avec des perturbations encore en cours [&hellip;]<\/p>\n","protected":false},"author":1,"featured_media":347,"comment_status":"open","ping_status":"open","sticky":false,"template":"","format":"standard","meta":{"footnotes":""},"categories":[1],"tags":[171,916,179,775,42,35,915,913,912,138,914],"class_list":["post-673","post","type-post","status-publish","format-standard","has-post-thumbnail","hentry","category-non-classe","tag-agriculteurs","tag-bloquant","tag-contre","tag-dabattage","tag-des","tag-les","tag-occitanie","tag-ordres","tag-protestent","tag-routes","tag-vaches"],"_links":{"self":[{"href":"https:\/\/www.rachida-dati.eu\/actualites\/wp-json\/wp\/v2\/posts\/673","targetHints":{"allow":["GET"]}}],"collection":[{"href":"https:\/\/www.rachida-dati.eu\/actualites\/wp-json\/wp\/v2\/posts"}],"about":[{"href":"https:\/\/www.rachida-dati.eu\/actualites\/wp-json\/wp\/v2\/types\/post"}],"author":[{"embeddable":true,"href":"https:\/\/www.rachida-dati.eu\/actualites\/wp-json\/wp\/v2\/users\/1"}],"replies":[{"embeddable":true,"href":"https:\/\/www.rachida-dati.eu\/actualites\/wp-json\/wp\/v2\/comments?post=673"}],"version-history":[{"count":1,"href":"https:\/\/www.rachida-dati.eu\/actualites\/wp-json\/wp\/v2\/posts\/673\/revisions"}],"predecessor-version":[{"id":674,"href":"https:\/\/www.rachida-dati.eu\/actualites\/wp-json\/wp\/v2\/posts\/673\/revisions\/674"}],"wp:featuredmedia":[{"embeddable":true,"href":"https:\/\/www.rachida-dati.eu\/actualites\/wp-json\/wp\/v2\/media\/347"}],"wp:attachment":[{"href":"https:\/\/www.rachida-dati.eu\/actualites\/wp-json\/wp\/v2\/media?parent=673"}],"wp:term":[{"taxonomy":"category","embeddable":true,"href":"https:\/\/www.rachida-dati.eu\/actualites\/wp-json\/wp\/v2\/categories?post=673"},{"taxonomy":"post_tag","embeddable":true,"href":"https:\/\/www.rachida-dati.eu\/actualites\/wp-json\/wp\/v2\/tags?post=673"}],"curies":[{"name":"wp","href":"https:\/\/api.w.org\/{rel}","templated":true}]}}