{"id":675,"date":"2025-12-28T11:43:38","date_gmt":"2025-12-28T10:43:38","guid":{"rendered":"https:\/\/www.rachida-dati.eu\/actualites\/seisme-de-magnitude-39-secoue-nimes-les-habitants-sous-le-choc\/"},"modified":"2025-12-28T11:43:38","modified_gmt":"2025-12-28T10:43:38","slug":"seisme-de-magnitude-39-secoue-nimes-les-habitants-sous-le-choc","status":"publish","type":"post","link":"https:\/\/www.rachida-dati.eu\/actualites\/seisme-de-magnitude-39-secoue-nimes-les-habitants-sous-le-choc\/","title":{"rendered":"S\u00e9isme de magnitude 3,9 secoue N\u00eemes : les habitants sous le choc"},"content":{"rendered":"<div data-element-guid=\"7f7332a5-aca0-4fee-9990-ec700b171346\">\n<h2 class=\"subtitle \" style=\"\">Secousses ressenties dans les banlieues alors que l\u2019\u00e9picentre se situe \u00e0 seulement 8 km de la ville<\/h2>\n<\/p>\n<\/div>\n<div data-element-guid=\"2118fa1b-72e5-441d-9add-ae397b2fc24f\">\n<p><!-- placeholder(#1) --><\/p>\n<p>Les habitants de N\u00eemes d\u00e9clarent avoir \u00e9t\u00e9 effray\u00e9s et d\u00e9rout\u00e9s apr\u00e8s avoir ressenti les secousses dues \u00e0 un tremblement de terre d&rsquo;une magnitude 3,9 samedi matin (13 d\u00e9cembre).<\/p>\n<p>Le tremblement a touch\u00e9 la ville et les zones environnantes du d\u00e9partement du Gard vers 10 h 40. L\u2019\u00e9picentre \u00e9tait \u00e0 seulement 8 km \u00e0 l\u2019est du centre-ville de N\u00eemes.<\/p>\n<p>Personne n\u2019a \u00e9t\u00e9 bless\u00e9 mais le tremblement a provoqu\u00e9 des vibrations et des secousses dans les b\u00e2timents.<\/p>\n<p>\u201cNous avons cru \u00e0 un crash d\u2019avion. Les murs des vestiaires et le kiosque se sont mis \u00e0 trembler. Nous \u00e9tions tous stup\u00e9faits,\u201d a d\u00e9clar\u00e9 un spectateur d\u2019un match de football local \u00e0 l\u2019issue de Midi Libre.<\/p>\n<p>\u201cJ\u2019\u00e9tais sur le canap\u00e9 et j\u2019ai eu l\u2019impression que quelqu\u2019un le secouait pendant 2 ou 3 secondes,\u201d a ajout\u00e9 un autre.<\/p>\n<p>Les secousses ont \u00e9t\u00e9 ressenties plus fortement dans la banlieue de Marguerittes, \u00e0 environ 1 km de l\u2019\u00e9picentre.<\/p>\n<p>\u201cOn aurait dit que quelque chose avait explos\u00e9,\u201d a d\u00e9clar\u00e9 un habitant de la banlieue.<\/p>\n<p>\u201cC\u2019\u00e9tait franchement impressionnant\u2026 j\u2019avais peur,\u201d a d\u00e9clar\u00e9 un autre, tandis qu\u2019un troisi\u00e8me habitant disait \u00e0 France 3 que dans la boulangerie en face de sa maison \u201ctout est tomb\u00e9 au sol.\u201d<\/p>\n<p>D\u2019autres ont mentionn\u00e9 que leurs maisons tremblaient lors du tremblement initial.<\/p>\n<h2>Les tremblements de terre ne sont pas rares dans la r\u00e9gion<\/h2>\n<p>La France conna\u00eet des milliers de tremblements de terre chaque ann\u00e9e, bien que la plupart soient si faibles qu\u2019ils passent inaper\u00e7us.<\/p>\n<p>Des secousses plus fortes sont <span data-lab-font_weight=\"font-weight-bold\" class=\"font-weight-bold m-font-weight-bold\">ressenties quelques fois par an<\/span>, mais elles causent rarement des dommages ou des blessures. Elles sont plus visibles lorsque les \u00e9picentres se trouvent pr\u00e8s d\u2019une grande zone urbaine.<\/p>\n<p>En effet, les autorit\u00e9s faisant \u00e9tat du tremblement de terre de samedi ont indiqu\u00e9 que N\u00eemes se situe \u00e0 la fronti\u00e8re de deux zones sismiques.<\/p>\n<p>\u201cLa zone touch\u00e9e est class\u00e9e comme pr\u00e9sentant un risque sismique faible \u00e0 mod\u00e9r\u00e9\u2026 donc ce ph\u00e9nom\u00e8ne est typique, m\u00eame s\u2019il est rare,\u201d a d\u00e9clar\u00e9 la pr\u00e9fecture du Gard.<\/p>\n<div data-element-guid=\"0edc0dc0-d68d-41c4-9f69-f351c74eda3d\" id=\"markup_758694\" class=\"markupbox column desktop-floatLeft mobile-floatLeft small-12 large-8 small-abs-12 large-abs-8\">\n<div class=\"content fullwidthTarget\" style=\"\">\n<blockquote class=\"twitter-tweet\">\n<p lang=\"fr\" dir=\"ltr\"><a rel=\"nofollow\" href=\"https:\/\/twitter.com\/hashtag\/Seisme?src=hash&amp;ref_src=twsrc%5Etfw\">#Seisme<\/a> \ud83d\udd35Le centre op\u00e9rationnel zonal Sud nous a inform\u00e9 de la survenue d\u2019un s\u00e9isme \u00e0 10h38, dont l\u2019\u00e9picentre est situ\u00e9 8 km \u00e0 l\u2019est de N\u00eemes. La magnitude enregistr\u00e9e est de 3,9 sur l\u2019\u00e9chelle de Richter.<\/p>\n<p>\ud83d\udccc La zone impact\u00e9e est class\u00e9e en al\u00e9a sismique faible \u00e0 mod\u00e9r\u00e9 (sur la\u2026 <a rel=\"nofollow\" href=\"https:\/\/t.co\/gJIsdZkdS4\">pic.twitter.com\/gJIsdZkdS4<\/a><\/p>\n<p>\u2014 Pr\u00e9fet du Gard (@Prefet30) <a rel=\"nofollow\" href=\"https:\/\/twitter.com\/Prefet30\/status\/1999803938082611246?ref_src=twsrc%5Etfw\">December 13, 2025<\/a><\/p><\/blockquote><\/div>\n<\/div>\n<p> Une carte des zones les plus expos\u00e9es au risque sismique, et une explication de la fa\u00e7on dont la g\u00e9ographie influence ce risque, peut \u00eatre consult\u00e9e dans notre article ici. <\/p>\n<\/div>\n<p><script async src=\"https:\/\/platform.twitter.com\/widgets.js\" charset=\"utf-8\"><\/script><\/p>\n","protected":false},"excerpt":{"rendered":"<p>Secousses ressenties dans les banlieues alors que l\u2019\u00e9picentre se situe \u00e0 seulement 8 km de la ville Les habitants de N\u00eemes d\u00e9clarent avoir \u00e9t\u00e9 effray\u00e9s et d\u00e9rout\u00e9s apr\u00e8s avoir ressenti les secousses dues \u00e0 un tremblement de terre d&rsquo;une magnitude 3,9 samedi matin (13 d\u00e9cembre). Le tremblement a touch\u00e9 la ville et les zones environnantes [&hellip;]<\/p>\n","protected":false},"author":1,"featured_media":676,"comment_status":"open","ping_status":"open","sticky":false,"template":"","format":"standard","meta":{"footnotes":""},"categories":[1],"tags":[922,921,35,918,920,919,917,269],"class_list":["post-675","post","type-post","status-publish","format-standard","has-post-thumbnail","hentry","category-non-classe","tag-choc","tag-habitants","tag-les","tag-magnitude","tag-nimes","tag-secoue","tag-seisme","tag-sous"],"_links":{"self":[{"href":"https:\/\/www.rachida-dati.eu\/actualites\/wp-json\/wp\/v2\/posts\/675","targetHints":{"allow":["GET"]}}],"collection":[{"href":"https:\/\/www.rachida-dati.eu\/actualites\/wp-json\/wp\/v2\/posts"}],"about":[{"href":"https:\/\/www.rachida-dati.eu\/actualites\/wp-json\/wp\/v2\/types\/post"}],"author":[{"embeddable":true,"href":"https:\/\/www.rachida-dati.eu\/actualites\/wp-json\/wp\/v2\/users\/1"}],"replies":[{"embeddable":true,"href":"https:\/\/www.rachida-dati.eu\/actualites\/wp-json\/wp\/v2\/comments?post=675"}],"version-history":[{"count":1,"href":"https:\/\/www.rachida-dati.eu\/actualites\/wp-json\/wp\/v2\/posts\/675\/revisions"}],"predecessor-version":[{"id":677,"href":"https:\/\/www.rachida-dati.eu\/actualites\/wp-json\/wp\/v2\/posts\/675\/revisions\/677"}],"wp:featuredmedia":[{"embeddable":true,"href":"https:\/\/www.rachida-dati.eu\/actualites\/wp-json\/wp\/v2\/media\/676"}],"wp:attachment":[{"href":"https:\/\/www.rachida-dati.eu\/actualites\/wp-json\/wp\/v2\/media?parent=675"}],"wp:term":[{"taxonomy":"category","embeddable":true,"href":"https:\/\/www.rachida-dati.eu\/actualites\/wp-json\/wp\/v2\/categories?post=675"},{"taxonomy":"post_tag","embeddable":true,"href":"https:\/\/www.rachida-dati.eu\/actualites\/wp-json\/wp\/v2\/tags?post=675"}],"curies":[{"name":"wp","href":"https:\/\/api.w.org\/{rel}","templated":true}]}}