{"id":678,"date":"2025-12-28T16:52:21","date_gmt":"2025-12-28T15:52:21","guid":{"rendered":"https:\/\/www.rachida-dati.eu\/actualites\/points-de-collecte-de-colis-en-france-debordes-par-lafflux-de-noel\/"},"modified":"2025-12-28T16:52:22","modified_gmt":"2025-12-28T15:52:22","slug":"points-de-collecte-de-colis-en-france-debordes-par-lafflux-de-noel","status":"publish","type":"post","link":"https:\/\/www.rachida-dati.eu\/actualites\/points-de-collecte-de-colis-en-france-debordes-par-lafflux-de-noel\/","title":{"rendered":"Points de collecte de colis en France d\u00e9bord\u00e9s par l&rsquo;afflux de No\u00ebl"},"content":{"rendered":"<div data-element-guid=\"7f7332a5-aca0-4fee-9990-ec700b171346\">\n<h2 class=\"subtitle \" style=\"\">Forte affluence de clients et blocages routiers agricoles aggravent les probl\u00e8mes rencontr\u00e9s par les r\u00e9seaux de livraison<\/h2>\n<\/p>\n<\/div>\n<div data-element-guid=\"7ffd7274-5063-4d49-d92e-28f0b8879f08\">\n<p><!-- placeholder(#1) --><\/p>\n<p>De nombreux points de collecte de colis \u00e0 travers la France font face \u00e0 une forte affluence de clients \u00e0 l&rsquo;approche de No\u00ebl \u2014 et les blocages routiers agricoles en cours font que certains r\u00e9seaux de livraison peinent \u00e0 suivre.<\/p>\n<p>La Poste pr\u00e9voit de livrer plus de <span data-lab-font_weight=\"font-weight-bold\" class=\"font-weight-bold m-font-weight-bold\">180 millions de colis sur les mois de novembre et d\u00e9cembre 2025<\/span>, soit une hausse de six pour cent par rapport \u00e0 l&rsquo;ann\u00e9e derni\u00e8re.\u00a0<\/p>\n<p>Cela comprend <span data-lab-font_weight=\"font-weight-bold\" class=\"font-weight-bold m-font-weight-bold\">100 millions de colis Colissimo<\/span>, <span data-lab-font_weight=\"font-weight-bold\" class=\"font-weight-bold m-font-weight-bold\">60 millions via Chronopost<\/span> et <span data-lab-font_weight=\"font-weight-bold\" class=\"font-weight-bold m-font-weight-bold\">20 millions via DPD France<\/span>.<\/p>\n<h2>Les blocages agricoles provoquent des retards<\/h2>\n<p>Des blocages routiers r\u00e9cents des agriculteurs sur l&rsquo;A63 \u00e0 la fronti\u00e8re franco-spagnole ont entra\u00een\u00e9 des retards pour les camions transportant des biens tels que des colis de No\u00ebl.<\/p>\n<p>Certains entrep\u00f4ts de livraison et zones industrielles dans le sud-ouest du pays sont inaccessibles en raison des blocages, provoquant \u00ab beaucoup de retards \u00bb et \u00ab plusieurs annulations de livraisons \u00bb, ont d\u00e9clar\u00e9 des travailleurs de Translire Transport Express \u00e0 <span data-lab-italic=\"italic\" class=\"italic m-italic\">France 3<\/span>.<\/p>\n<p>\u00ab Aujourd&rsquo;hui, nous ne sommes pas paralys\u00e9s, mais nous ne sommes pas aussi efficaces que nous le devrions \u00eatre \u00bb, a d\u00e9clar\u00e9 Alexandre Blaevoet, directeur commercial des Transports Lataste.<\/p>\n<p>Les d\u00e9lais de livraison ont augment\u00e9 en moyenne de 20 % \u00e0 30 % en raison des d\u00e9tours et des embouteillages.<\/p>\n<p>Les agriculteurs sont en col\u00e8re face \u00e0 la r\u00e9ponse du gouvernement aux \u00e9closions de <span data-lab-font_weight=\"font-weight-bold\" class=\"font-weight-bold m-font-weight-bold\">maladie de la peau bossel\u00e9e<\/span> chez le b\u00e9tail, ainsi qu&rsquo;\u00e0 l&rsquo;<span data-lab-font_weight=\"font-weight-bold\" class=\"font-weight-bold m-font-weight-bold\">accord de libre-\u00e9change Mercosur<\/span> entre l&rsquo;UE et l&rsquo;Am\u00e9rique du Sud.<\/p>\n<p>Une \u00ab tr\u00eave de No\u00ebl \u00bb est demand\u00e9e par les syndicats, bien que la col\u00e8re autour de ces questions fasse pr\u00e9voir que les protestations pourraient se poursuivre apr\u00e8s No\u00ebl.<\/p>\n<h2>Points de collecte d\u00e9bord\u00e9s<\/h2>\n<p>Les points de collecte commerciaux sont \u00e9galement sous pression, en particulier ceux situ\u00e9s dans les zones urbaines.<\/p>\n<p>\u00c0 La D\u00e9fense dans les Hauts-de-Seine, les files d&rsquo;attente au point Pick &amp; Smile peuvent s&rsquo;\u00e9tendre sur plusieurs heures, rapporte <span data-lab-italic=\"italic\" class=\"italic m-italic\">Le Parisien<\/span>.<\/p>\n<p>\u00ab Nous avons plus de 5 000 colis \u00bb, a d\u00e9clar\u00e9 le responsable St\u00e9phane Dehais.<\/p>\n<p>Par ailleurs, le quotidien <span data-lab-italic=\"italic\" class=\"italic m-italic\">Le Figaro<\/span> indique que des points de collecte \u00e9mettent des avertissements similaires \u00e0 travers le pays :<\/p>\n<p>Un magasin de sport et de v\u00eatements de travail \u00e0 Sathonay-Camp, dans le Rh\u00f4ne, a averti les clients sur les r\u00e9seaux sociaux de r\u00e9cup\u00e9rer rapidement leurs colis puisque son volume quotidien d\u00e9passe les 500.<\/p>\n<p>\u00c0 Bressuire, dans les Deux-S\u00e8vres, une petite boutique d&rsquo;e-cigarettes affichant un panneau \u00ab <span data-lab-italic=\"italic\" class=\"italic m-italic\">Point relais satur\u00e9<\/span> \u00bb g\u00e8re environ 1 500 colis par mois dans un espace de 20 m\u00e8tres carr\u00e9s.<\/p>\n<p>Des \u00e9volutions sectorielles aggravent le probl\u00e8me.<\/p>\n<p>Mondial Relay, r\u00e9seau leader de livraison hors domicile en France, a ferm\u00e9 environ 3 500 points cette ann\u00e9e, r\u00e9duisant le nombre total d&#8217;emplacements de 2 500.<\/p>\n<p>L&rsquo;entreprise a d\u00e9velopp\u00e9 son r\u00e9seau de casiers, qui compte d\u00e9sormais 9 000, afin de r\u00e9pondre \u00e0 la demande des clients : des enqu\u00eates montrent que 93 pour cent de ceux qui ont utilis\u00e9 un casier souhaitent r\u00e9it\u00e9rer l&rsquo;exp\u00e9rience.<\/p>\n<p>Cependant, la capacit\u00e9 des casiers est limit\u00e9e et tous les colis ne peuvent pas \u00eatre livr\u00e9s de cette fa\u00e7on.<\/p>\n<p>Certaines entreprises tirent des b\u00e9n\u00e9fices financiers du boom des colis. Un petit bar-tabac dans le Maine-et-Loire a not\u00e9 que la gestion des colis de No\u00ebl pourrait g\u00e9n\u00e9rer environ 1 500 \u20ac, contre 500 \u20ac \u00e0 d&rsquo;autres moments de l&rsquo;ann\u00e9e.<\/p>\n<p>Malgr\u00e9 la congestion, des entreprises de livraison telles qu&rsquo;Amazon et DHL sont confiantes que tous les colis parviendront \u00e0 leurs destinataires avant No\u00ebl.<\/p>\n<p>La Poste a confi\u00e9 au <span data-lab-italic=\"italic\" class=\"italic m-italic\">Parisien<\/span> qu&rsquo;il n&rsquo;y a pas lieu de s&rsquo;inqui\u00e9ter pour le moment. Les clients devraient faire preuve de patience et s&rsquo;attendre \u00e0 des d\u00e9lais plus longs dans les points de collecte, mais l&rsquo;afflux saisonnier ne devrait pas emp\u00eacher les cadeaux d&rsquo;arriver \u00e0 temps.<\/p>\n<p>Cependant, il est conseill\u00e9 aux clients de r\u00e9cup\u00e9rer leurs colis d\u00e8s leur arriv\u00e9e dans les points de collecte, afin de minimiser les retards potentiels. <\/p>\n<\/div>\n","protected":false},"excerpt":{"rendered":"<p>Forte affluence de clients et blocages routiers agricoles aggravent les probl\u00e8mes rencontr\u00e9s par les r\u00e9seaux de livraison De nombreux points de collecte de colis \u00e0 travers la France font face \u00e0 une forte affluence de clients \u00e0 l&rsquo;approche de No\u00ebl \u2014 et les blocages routiers agricoles en cours font que certains r\u00e9seaux de livraison peinent [&hellip;]<\/p>\n","protected":false},"author":1,"featured_media":679,"comment_status":"open","ping_status":"open","sticky":false,"template":"","format":"standard","meta":{"footnotes":""},"categories":[1],"tags":[548,924,925,37,926,362,170,923],"class_list":["post-678","post","type-post","status-publish","format-standard","has-post-thumbnail","hentry","category-non-classe","tag-colis","tag-collecte","tag-debordes","tag-france","tag-lafflux","tag-noel","tag-par","tag-points"],"_links":{"self":[{"href":"https:\/\/www.rachida-dati.eu\/actualites\/wp-json\/wp\/v2\/posts\/678","targetHints":{"allow":["GET"]}}],"collection":[{"href":"https:\/\/www.rachida-dati.eu\/actualites\/wp-json\/wp\/v2\/posts"}],"about":[{"href":"https:\/\/www.rachida-dati.eu\/actualites\/wp-json\/wp\/v2\/types\/post"}],"author":[{"embeddable":true,"href":"https:\/\/www.rachida-dati.eu\/actualites\/wp-json\/wp\/v2\/users\/1"}],"replies":[{"embeddable":true,"href":"https:\/\/www.rachida-dati.eu\/actualites\/wp-json\/wp\/v2\/comments?post=678"}],"version-history":[{"count":1,"href":"https:\/\/www.rachida-dati.eu\/actualites\/wp-json\/wp\/v2\/posts\/678\/revisions"}],"predecessor-version":[{"id":680,"href":"https:\/\/www.rachida-dati.eu\/actualites\/wp-json\/wp\/v2\/posts\/678\/revisions\/680"}],"wp:featuredmedia":[{"embeddable":true,"href":"https:\/\/www.rachida-dati.eu\/actualites\/wp-json\/wp\/v2\/media\/679"}],"wp:attachment":[{"href":"https:\/\/www.rachida-dati.eu\/actualites\/wp-json\/wp\/v2\/media?parent=678"}],"wp:term":[{"taxonomy":"category","embeddable":true,"href":"https:\/\/www.rachida-dati.eu\/actualites\/wp-json\/wp\/v2\/categories?post=678"},{"taxonomy":"post_tag","embeddable":true,"href":"https:\/\/www.rachida-dati.eu\/actualites\/wp-json\/wp\/v2\/tags?post=678"}],"curies":[{"name":"wp","href":"https:\/\/api.w.org\/{rel}","templated":true}]}}