{"id":684,"date":"2025-12-29T04:51:55","date_gmt":"2025-12-29T03:51:55","guid":{"rendered":"https:\/\/www.rachida-dati.eu\/actualites\/santonniers-provencaux-une-indication-geographique-pour-proteger-la-tradition\/"},"modified":"2025-12-29T04:51:56","modified_gmt":"2025-12-29T03:51:56","slug":"santonniers-provencaux-une-indication-geographique-pour-proteger-la-tradition","status":"publish","type":"post","link":"https:\/\/www.rachida-dati.eu\/actualites\/santonniers-provencaux-une-indication-geographique-pour-proteger-la-tradition\/","title":{"rendered":"Santonniers proven\u00e7aux : une indication g\u00e9ographique pour prot\u00e9ger la tradition"},"content":{"rendered":"<div data-element-guid=\"7f7332a5-aca0-4fee-9990-ec700b171346\">\n<h2 class=\"subtitle \" style=\"\">Les petites figurines en argile peintes \u00e0 la main sont au c\u0153ur des cr\u00e8ches de No\u00ebl traditionnelles fran\u00e7aises<\/h2>\n<\/div>\n<div data-element-guid=\"181ba47b-5ea7-4e31-8597-ff4ba8581efe\">\n<p><!-- placeholder(#1) --><\/p>\n<p>Les artisans derri\u00e8re les santons embl\u00e9matiques de Provence &#8211; les petites figurines en argile peintes \u00e0 la main utilis\u00e9es dans les cr\u00e8ches de No\u00ebl traditionnelles &#8211; demandent l&rsquo;octroi du statut officiel d&rsquo;Indication G\u00e9ographique (IG) pour prot\u00e9ger l&rsquo;authenticit\u00e9 de leur m\u00e9tier.<\/p>\n<p>Cette initiative fait suite \u00e0 l&rsquo;aveu d&rsquo;un santonnier local selon lequel une partie de sa production \u00e9tait sous-trait\u00e9e en Tunisie, suscitant des craintes que des figurines bon march\u00e9, fabriqu\u00e9es \u00e0 l&rsquo;\u00e9tranger, puissent menacer la r\u00e9putation et l&rsquo;avenir de la tradition proven\u00e7ale.<\/p>\n<p>Plus d&rsquo;un million de santons sont vendus chaque ann\u00e9e, g\u00e9n\u00e9rant plus de 10 millions d&rsquo;euros de chiffre d&rsquo;affaires, selon l&rsquo;Union des Santonniers de Provence. Une figurine typique de 12 cm se vend g\u00e9n\u00e9ralement autour de 20 \u20ac.<\/p>\n<p>Si elle est approuv\u00e9e, le label IG garantirait que seuls les santons fabriqu\u00e9s en Provence puissent \u00eatre commercialis\u00e9s sous ce nom, offrant aux consommateurs une garantie d&rsquo;origine similaire \u00e0 celle des protections pour des articles tels que la dentelle de Calais et la porcelaine de Limoges.<\/p>\n<p>Les artisans pr\u00e9voient \u00e9galement de d\u00e9poser une demande de reconnaissance aupr\u00e8s de l&rsquo;UNESCO pour inscrire la fabrication de santons au patrimoine culturel immat\u00e9riel.<\/p>\n<h3>Prot\u00e9ger le m\u00e9tier<\/h3>\n<p>Pour Daniel Coulomb, santonnier \u00e0 Aubagne depuis 1986 et pr\u00e9sident de l&rsquo;Association IGSP, la n\u00e9cessit\u00e9 de protection est urgente.<\/p>\n<p>\u00ab La production \u00e9trang\u00e8re est r\u00e9elle \u00bb, a-t-il d\u00e9clar\u00e9. \u00ab Le danger pour nous est de voir de grandes entreprises dans notre secteur se diriger dans cette direction, dans une sorte de course vers le sommet, ce qui finirait par d\u00e9truire notre m\u00e9tier artisanal et fragile. \u00bb<\/p>\n<p>Les santons restent \u00ab profond\u00e9ment ancr\u00e9s dans le c\u0153ur des Fran\u00e7ais \u00bb, d\u00e9clare M. Coulomb, avec la plupart des ventes concentr\u00e9es dans le sud de la France. Depuis le Covid, la demande s&rsquo;est \u00e9tendue \u00e0 Paris et en Bretagne, bien que les touristes ne repr\u00e9sentent qu&rsquo;une petite part de ses ventes.<\/p>\n<p>Chaque ann\u00e9e, de nouveaux personnages sont ajout\u00e9s, refl\u00e9tant souvent des m\u00e9tiers traditionnels, tandis que les tentatives de cr\u00e9ation de figures de c\u00e9l\u00e9brit\u00e9s modernes restent marginales et sont g\u00e9n\u00e9ralement mal vues tant par les artisans que par les clients.<\/p>\n<h3>Reconnaissance juridique et culturelle<\/h3>\n<p>Un nouvel r\u00e8glement de l&rsquo;UE, en vigueur depuis d\u00e9cembre 2023, permet aux artisans d&rsquo;enregistrer des produits non alimentaires pour une protection g\u00e9ographique.<\/p>\n<p>Michel Bouvier, pr\u00e9sident de l&rsquo;Union des Santonniers de Provence, a d\u00e9clar\u00e9 que la concurrence \u00e9trang\u00e8re est devenue impossible \u00e0 ignorer.<\/p>\n<p>\u00ab Les figurines en r\u00e9sine chinoise posent peu de danger, mais l&rsquo;admission r\u00e9cente par un artisan local qui a sous-trait\u00e9 une partie de sa production en Tunisie tout en utilisant des techniques identiques a constitu\u00e9 un tournant \u00bb, a-t-il d\u00e9clar\u00e9.<\/p>\n<p>\u00ab Cette menace r\u00e9elle pour la profession nous a conduits \u00e0 pr\u00e9parer une indication g\u00e9ographique pour le Santon de Provence, qui entrera en vigueur en 2026. \u00bb<\/p>\n<h3>Demande domestique et internationale forte<\/h3>\n<p>Malgr\u00e9 ces pr\u00e9occupations, la demande reste forte sur le march\u00e9 int\u00e9rieur. \u00ab Le march\u00e9 local est tr\u00e8s important \u00bb, a expliqu\u00e9 M. Bouvier.<\/p>\n<p>\u00ab Le santon fait partie des traditions proven\u00e7ales, et l&rsquo;installation de la cr\u00e8che est essentielle pour les Proven\u00e7aux, en particulier pour les habitants de Marseille. \u00bb Les touristes repr\u00e9sentent environ 30 % des achats.<\/p>\n<p>L&rsquo;int\u00e9r\u00eat international cro\u00eet \u00e9galement, des collectionneurs au Japon, aux \u00c9tats-Unis et en Europe du Nord \u00e9tant attir\u00e9s par les d\u00e9tails peints \u00e0 la main et les histoires derri\u00e8re chaque figurine. Des fabricants proven\u00e7aux tels qu&rsquo;Escoffier, Atterra et Carbonel exportent d\u00e9j\u00e0 largement.<\/p>\n<p>Pour les artisans, le statut IG n&rsquo;est pas une simple mesure commerciale. C&rsquo;est un moyen de prot\u00e9ger un symbole culturel. Comme l&rsquo;a d\u00e9clar\u00e9 M. Coulomb :<\/p>\n<p>\u00ab L&rsquo;objectif est de prot\u00e9ger les artisans locaux et de permettre d&rsquo;indiquer la v\u00e9ritable origine d&rsquo;un santon lors de sa vente sur un march\u00e9 de No\u00ebl ou ailleurs, ce qui n&rsquo;est pas le cas aujourd&rsquo;hui. \u00bb Coulomb <\/p>\n<\/div>\n","protected":false},"excerpt":{"rendered":"<p>Les petites figurines en argile peintes \u00e0 la main sont au c\u0153ur des cr\u00e8ches de No\u00ebl traditionnelles fran\u00e7aises Les artisans derri\u00e8re les santons embl\u00e9matiques de Provence &#8211; les petites figurines en argile peintes \u00e0 la main utilis\u00e9es dans les cr\u00e8ches de No\u00ebl traditionnelles &#8211; demandent l&rsquo;octroi du statut officiel d&rsquo;Indication G\u00e9ographique (IG) pour prot\u00e9ger l&rsquo;authenticit\u00e9 [&hellip;]<\/p>\n","protected":false},"author":1,"featured_media":685,"comment_status":"open","ping_status":"open","sticky":false,"template":"","format":"standard","meta":{"footnotes":""},"categories":[1],"tags":[932,931,39,181,930,929,429,29],"class_list":["post-684","post","type-post","status-publish","format-standard","has-post-thumbnail","hentry","category-non-classe","tag-geographique","tag-indication","tag-pour","tag-proteger","tag-provencaux","tag-santonniers","tag-tradition","tag-une"],"_links":{"self":[{"href":"https:\/\/www.rachida-dati.eu\/actualites\/wp-json\/wp\/v2\/posts\/684","targetHints":{"allow":["GET"]}}],"collection":[{"href":"https:\/\/www.rachida-dati.eu\/actualites\/wp-json\/wp\/v2\/posts"}],"about":[{"href":"https:\/\/www.rachida-dati.eu\/actualites\/wp-json\/wp\/v2\/types\/post"}],"author":[{"embeddable":true,"href":"https:\/\/www.rachida-dati.eu\/actualites\/wp-json\/wp\/v2\/users\/1"}],"replies":[{"embeddable":true,"href":"https:\/\/www.rachida-dati.eu\/actualites\/wp-json\/wp\/v2\/comments?post=684"}],"version-history":[{"count":1,"href":"https:\/\/www.rachida-dati.eu\/actualites\/wp-json\/wp\/v2\/posts\/684\/revisions"}],"predecessor-version":[{"id":686,"href":"https:\/\/www.rachida-dati.eu\/actualites\/wp-json\/wp\/v2\/posts\/684\/revisions\/686"}],"wp:featuredmedia":[{"embeddable":true,"href":"https:\/\/www.rachida-dati.eu\/actualites\/wp-json\/wp\/v2\/media\/685"}],"wp:attachment":[{"href":"https:\/\/www.rachida-dati.eu\/actualites\/wp-json\/wp\/v2\/media?parent=684"}],"wp:term":[{"taxonomy":"category","embeddable":true,"href":"https:\/\/www.rachida-dati.eu\/actualites\/wp-json\/wp\/v2\/categories?post=684"},{"taxonomy":"post_tag","embeddable":true,"href":"https:\/\/www.rachida-dati.eu\/actualites\/wp-json\/wp\/v2\/tags?post=684"}],"curies":[{"name":"wp","href":"https:\/\/api.w.org\/{rel}","templated":true}]}}