{"id":687,"date":"2025-12-29T10:43:34","date_gmt":"2025-12-29T09:43:34","guid":{"rendered":"https:\/\/www.rachida-dati.eu\/actualites\/ue-approuve-une-taxe-de-3-e-sur-les-petits-colis-affectant-le-royaume-uni-et-les-envois-mondiaux\/"},"modified":"2025-12-29T10:43:35","modified_gmt":"2025-12-29T09:43:35","slug":"ue-approuve-une-taxe-de-3-e-sur-les-petits-colis-affectant-le-royaume-uni-et-les-envois-mondiaux","status":"publish","type":"post","link":"https:\/\/www.rachida-dati.eu\/actualites\/ue-approuve-une-taxe-de-3-e-sur-les-petits-colis-affectant-le-royaume-uni-et-les-envois-mondiaux\/","title":{"rendered":"UE approuve une taxe de 3 \u20ac sur les petits colis affectant le Royaume-Uni et les envois mondiaux"},"content":{"rendered":"<div data-element-guid=\"7f7332a5-aca0-4fee-9990-ec700b171346\">\n<h2 class=\"subtitle \" style=\"\">La taxe pourrait co\u00efncider avec des frais fran\u00e7ais distincts pour les colis, selon le minist\u00e8re des Finances<\/h2>\n<\/p>\n<\/div>\n<div data-element-guid=\"6086d44d-68b7-4cb0-9152-1247e9533f44\">\n<p><!-- placeholder(#1) --><\/p>\n<p>Des plans visant \u00e0 acc\u00e9l\u00e9rer l&rsquo;introduction d&rsquo;une taxe sur les petits colis exp\u00e9di\u00e9s depuis l&rsquo;ext\u00e9rieur de l&rsquo;UE \u2013 et \u00e0 l&rsquo;augmenter \u00e0 3 \u20ac par colis \u2013 ont \u00e9t\u00e9 approuv\u00e9s par les ministres des Finances europ\u00e9ens.<\/p>\n<p>Des ministres des \u00c9tats membres ont approuv\u00e9 l&rsquo;introduction d&rsquo;une taxe \u00e0 l&rsquo;\u00e9chelle de l&rsquo;UE sur les petits colis d&rsquo;une valeur inf\u00e9rieure \u00e0 150 \u20ac \u00e0 partir du 1er juillet 2026.<\/p>\n<p>Ceci est bien plus t\u00f4t que la date d&rsquo;introduction pr\u00e9c\u00e9demment propos\u00e9e de novembre 2026, elle-m\u00eame une avanc\u00e9e par rapport aux plans initiaux visant \u00e0 introduire la taxe en 2028. Ceux-ci ont \u00e9t\u00e9 ren\u00e9goci\u00e9s plus t\u00f4t cet automne \u00e0 la suite de pressions de plusieurs pays de l&rsquo;UE, dont la France.<\/p>\n<p>Les nouveaux plans approuv\u00e9s au niveau de l&rsquo;UE pr\u00e9voient d&rsquo;augmenter la taxe par colis de 2 \u20ac \u00e0 3 \u20ac.<\/p>\n<p>Tandis que la taxe vise \u00e0 r\u00e9pondre \u00e0 l&rsquo;afflux de colis en provenance d&rsquo;Asie, en particulier des sites de commerce \u00e9lectronique chinois, les colis en provenance de tous les pays non membres de l&rsquo;UE, y compris le Royaume-Uni, les \u00c9tats-Unis et l&rsquo;Australie parmi d&rsquo;autres, seraient concern\u00e9s par cette redevance \u00e0 moins que des exemptions sp\u00e9cifiques ne soient pr\u00e9vues.<\/p>\n<p>Par ailleurs, en dehors des plans de l&rsquo;UE, les s\u00e9nateurs fran\u00e7ais ont r\u00e9cemment vot\u00e9 pour inclure une taxe de 5 \u20ac sur les petits colis dans le projet de budget 2026.<\/p>\n<p>La version initiale du budget pr\u00e9voyait une redevance forfaitaire de 2 \u20ac sur les petits colis, <span data-lab-font_weight=\"font-weight-bold\" class=\"font-weight-bold m-font-weight-bold\">qui a \u00e9t\u00e9 port\u00e9e \u00e0 5 \u20ac par les s\u00e9nateurs<\/span> lors d&rsquo;un amendement au cours des d\u00e9bats budg\u00e9taires.<\/p>\n<p>Le gouvernement a soutenu que des frais de 5 \u20ac risqueraient d&rsquo;\u00eatre per\u00e7us comme un droit de douane plut\u00f4t que comme une taxe, ce qui pourrait entra\u00eener des contestations juridiques. Cependant, il soutient les nouveaux plans de l&rsquo;UE et affirme que les deux mesures pourraient \u00eatre combin\u00e9es.<\/p>\n<p>\u00ab Cette redevance forfaitaire [approuv\u00e9e par l&rsquo;UE] pourrait \u00eatre ajout\u00e9e \u00e0 celle de 2 \u20ac d\u00e9j\u00e0 pr\u00e9vue dans le projet de budget 2026, si cette mesure est adopt\u00e9e \u00bb, a d\u00e9clar\u00e9 le minist\u00e8re fran\u00e7ais des Finances \u00e0 la suite de l&rsquo;annonce de l&rsquo;UE.<\/p>\n<h2>Une redevance \u00e0 l&rsquo;\u00e9chelle de l&rsquo;UE mise en \u0153uvre pour \u00e9viter les frictions du march\u00e9 unique<\/h2>\n<p>La France a men\u00e9 les appels en faveur d&rsquo;une acc\u00e9l\u00e9ration de l&rsquo;introduction des taxes au sein de l&rsquo;UE \u00e0 la suite de plusieurs d\u00e9saccords avec des entreprises de commerce \u00e9lectronique chinoises.<\/p>\n<p>Ceci incluait celles avec le site Shein, qui a \u00e9t\u00e9 m\u00eal\u00e9 \u00e0 des scandales et a fait face \u00e0 des protestations lors de l&rsquo;ouverture <span data-lab-font_weight=\"font-weight-bold\" class=\"font-weight-bold m-font-weight-bold\">de son premier magasin physique permanent \u00e0 Paris<\/span>, principalement en raison d&rsquo;all\u00e9gations d&rsquo;abus des droits humains et de la vente sur son site de \u00ab poup\u00e9es sexuelles ressemblant \u00e0 des enfants \u00bb.<\/p>\n<p>Plusieurs ministres europ\u00e9ens ont soutenu que la taxe est une \u00e9tape n\u00e9cessaire pour emp\u00eacher que l&rsquo;UE ne soit submerg\u00e9e par ces colis du commerce \u00e9lectronique, dont beaucoup, selon eux, ne respectent pas les r\u00e8glements de s\u00e9curit\u00e9 et ne sont pas correctement tarifi\u00e9s.<\/p>\n<p>Bruxelles tenait \u00e0 ce que les mesures soient mises en \u0153uvre de mani\u00e8re homog\u00e8ne dans tous les \u00c9tats membres afin d&rsquo;\u00e9viter les probl\u00e8mes li\u00e9s au d\u00e9placement des colis entre les \u00c9tats membres.<\/p>\n<p>Actuellement, la Belgique pr\u00e9voit d&rsquo;introduire sa propre redevance forfaitaire de 2 \u20ac sur les petits colis \u00e0 partir de janvier 2026, la France pouvant en faire autant sur la base du budget final s&rsquo;il est adopt\u00e9 par les d\u00e9put\u00e9s.<\/p>\n","protected":false},"excerpt":{"rendered":"<p>La taxe pourrait co\u00efncider avec des frais fran\u00e7ais distincts pour les colis, selon le minist\u00e8re des Finances Des plans visant \u00e0 acc\u00e9l\u00e9rer l&rsquo;introduction d&rsquo;une taxe sur les petits colis exp\u00e9di\u00e9s depuis l&rsquo;ext\u00e9rieur de l&rsquo;UE \u2013 et \u00e0 l&rsquo;augmenter \u00e0 3 \u20ac par colis \u2013 ont \u00e9t\u00e9 approuv\u00e9s par les ministres des Finances europ\u00e9ens. Des ministres [&hellip;]<\/p>\n","protected":false},"author":1,"featured_media":688,"comment_status":"open","ping_status":"open","sticky":false,"template":"","format":"standard","meta":{"footnotes":""},"categories":[1],"tags":[934,933,548,935,35,936,863,106,30,399,29],"class_list":["post-687","post","type-post","status-publish","format-standard","has-post-thumbnail","hentry","category-non-classe","tag-affectant","tag-approuve","tag-colis","tag-envois","tag-les","tag-mondiaux","tag-petits","tag-royaumeuni","tag-sur","tag-taxe","tag-une"],"_links":{"self":[{"href":"https:\/\/www.rachida-dati.eu\/actualites\/wp-json\/wp\/v2\/posts\/687","targetHints":{"allow":["GET"]}}],"collection":[{"href":"https:\/\/www.rachida-dati.eu\/actualites\/wp-json\/wp\/v2\/posts"}],"about":[{"href":"https:\/\/www.rachida-dati.eu\/actualites\/wp-json\/wp\/v2\/types\/post"}],"author":[{"embeddable":true,"href":"https:\/\/www.rachida-dati.eu\/actualites\/wp-json\/wp\/v2\/users\/1"}],"replies":[{"embeddable":true,"href":"https:\/\/www.rachida-dati.eu\/actualites\/wp-json\/wp\/v2\/comments?post=687"}],"version-history":[{"count":1,"href":"https:\/\/www.rachida-dati.eu\/actualites\/wp-json\/wp\/v2\/posts\/687\/revisions"}],"predecessor-version":[{"id":689,"href":"https:\/\/www.rachida-dati.eu\/actualites\/wp-json\/wp\/v2\/posts\/687\/revisions\/689"}],"wp:featuredmedia":[{"embeddable":true,"href":"https:\/\/www.rachida-dati.eu\/actualites\/wp-json\/wp\/v2\/media\/688"}],"wp:attachment":[{"href":"https:\/\/www.rachida-dati.eu\/actualites\/wp-json\/wp\/v2\/media?parent=687"}],"wp:term":[{"taxonomy":"category","embeddable":true,"href":"https:\/\/www.rachida-dati.eu\/actualites\/wp-json\/wp\/v2\/categories?post=687"},{"taxonomy":"post_tag","embeddable":true,"href":"https:\/\/www.rachida-dati.eu\/actualites\/wp-json\/wp\/v2\/tags?post=687"}],"curies":[{"name":"wp","href":"https:\/\/api.w.org\/{rel}","templated":true}]}}