{"id":690,"date":"2025-12-29T15:56:30","date_gmt":"2025-12-29T14:56:30","guid":{"rendered":"https:\/\/www.rachida-dati.eu\/actualites\/le-rose-lidl-a-001-e-suscite-lindignation-des-vignerons-francais\/"},"modified":"2025-12-29T15:56:31","modified_gmt":"2025-12-29T14:56:31","slug":"le-rose-lidl-a-001-e-suscite-lindignation-des-vignerons-francais","status":"publish","type":"post","link":"https:\/\/www.rachida-dati.eu\/actualites\/le-rose-lidl-a-001-e-suscite-lindignation-des-vignerons-francais\/","title":{"rendered":"Le ros\u00e9 Lidl \u00e0 0,01 \u20ac suscite l\u2019indignation des vignerons fran\u00e7ais"},"content":{"rendered":"<div data-element-guid=\"7f7332a5-aca0-4fee-9990-ec700b171346\">\n<h2 class=\"subtitle \" style=\"\">Lidl affirme qu&rsquo;il s&rsquo;agit d&rsquo;une erreur d&rsquo;\u00e9tiquetage, mais l&rsquo;union locale des agriculteurs affirme que cela menace la production locale<\/h2>\n<\/p>\n<\/div>\n<div data-element-guid=\"ca8d0531-5b35-49c9-cb72-c543ad019bed\">\n<p><!-- placeholder(#1) --><\/p>\n<p>La cha\u00eene de supermarch\u00e9s Lidl a suscit\u00e9 l\u2019indignation des viticulteurs en proposant \u00e0 la vente une bouteille de ros\u00e9 \u00e0 0,01 \u20ac.<\/p>\n<p>Le tarif extr\u00eamement bas, pour une bouteille de 75 cl de ros\u00e9 des C\u00f4tes-de-Gascogne, n\u2019\u00e9tait disponible qu\u2019au magasin Lidl de S\u00e9rignan (H\u00e9rault).<\/p>\n<p>Le prix habituel de cette bouteille est de 2,99 \u20ac.<\/p>\n<p>Le supermarch\u00e9 a d\u00e9clar\u00e9 que le prix de 0,01 \u20ac provenait d&rsquo;une erreur d&rsquo;\u00e9tiquetage interne, et lorsqu&rsquo;il a \u00e9t\u00e9 signal\u00e9, il a \u00e9t\u00e9 retir\u00e9 des rayons.<\/p>\n<p>Cependant, l&rsquo;\u00e9tiquetage du vin pr\u00e9sentait ce prix comme faisant partie d\u2019une \u00ab vente flash \u00bb pour ce produit.<\/p>\n<p>Les agriculteurs locaux ont d\u00e9clar\u00e9 qu\u2019ils protesteraient si ce prix bas revenait ou s\u2019il \u00e9tait utilis\u00e9 dans d\u2019autres supermarch\u00e9s de la r\u00e9gion.<\/p>\n<p>C\u2019est le dernier \u00e9pisode d&rsquo;une s\u00e9rie de controverses autour du vin bon march\u00e9 impliquant la cha\u00eene allemande. En septembre, Lidl avait \u00e9t\u00e9 critiqu\u00e9 pour avoir vendu du vin de Bordeaux \u00e0 1,89 \u20ac la bouteille dans le cadre de ses promotions Foire aux Vins.<\/p>\n<h2>\u00ab Erreur d&rsquo;\u00e9tiquetage \u00bb mais les vignerons s&rsquo;indignent<\/h2>\n<p>Les vignerons de l&rsquo;H\u00e9rault ont exig\u00e9 des explications de la part de la cha\u00eene de supermarch\u00e9s.<\/p>\n<p>\u00ab Ils [Lidl] ont commenc\u00e9 par dire qu&rsquo;il s&rsquo;agissait d&rsquo;un d\u00e9stockage, d&rsquo;un produit qui n&rsquo;\u00e9tait plus r\u00e9f\u00e9renc\u00e9 et, par cons\u00e9quent, invendable, et qu&rsquo;ils devaient se d\u00e9barrasser du stock \u00bb, a d\u00e9clar\u00e9 au Figaro le co-pr\u00e9sident de l&rsquo;union FDSEA locale dans l&rsquo;H\u00e9rault, Jean-Pascal Peragatti.<\/p>\n<p>M. Peragatti a soulign\u00e9 que le magasin avait \u00e9galement expliqu\u00e9 qu\u2019il s\u2019agissait d\u2019une erreur d\u2019\u00e9tiquetage. \u00ab Ils nous donnent toujours l\u2019excuse d\u2019une erreur d\u2019un stagiaire \u00bb, a-t-il ajout\u00e9, faisant r\u00e9f\u00e9rence \u00e0 des controverses ant\u00e9rieures.<\/p>\n<p>\u00ab Ils auraient pu offrir une caisse gratuite pour chaque caisse achet\u00e9e s\u2019ils voulaient \u00e9couler leur stock. Ou m\u00eame le faire don \u00e0 une banque alimentaire. \u00bb<\/p>\n<p>Les vignerons \u00e0 travers la France ont connu des difficult\u00e9s ces derni\u00e8res ann\u00e9es en raison des effets du changement climatique et des nouvelles habitudes de consommation, mais M. Peragatti affirme qu\u2019un vin aussi bon march\u00e9 est particuli\u00e8rement offensant dans l\u2019H\u00e9rault.<\/p>\n<p>\u00ab Les vignerons de la r\u00e9gion ont du mal \u00e0 vendre leur vin, mais si le consommateur moyen voit un vin \u00e0 0,01 \u20ac, il ach\u00e8tera sans doute celui-ci plut\u00f4t que le n\u00f4tre\u2026 il pourrait alors penser qu\u2019un vin vendu \u00e0 5 \u20ac est une arnaque. \u00bb<\/p>\n<p>D&rsquo;autres ont d\u00e9clar\u00e9 que ce prix \u00e9tait \u2018impossible\u2019, les \u00e9tiquettes sur les bouteilles co\u00fbtant environ 0,03 \u20ac chacune.<\/p>\n<p>Pour sa part, la cha\u00eene de supermarch\u00e9s a d\u00e9clar\u00e9 au Figaro qu\u2019il s\u2019agissait d\u2019une erreur.<\/p>\n<p>\u00ab Ce stock n\u2019aurait pas d\u00fb \u00eatre en rayon. Il aurait d\u00fb \u00eatre retir\u00e9 du magasin, mais nous avons une proc\u00e9dure interne \u00e0 cet effet qui consiste \u00e0 fixer le prix \u00e0 0 \u20ac, a d\u00e9clar\u00e9 le service communication.<\/p>\n<p>\u00ab Ces mises \u00e0 jour de prix sont effectu\u00e9es \u00e0 distance, et il y a eu ensuite une erreur de r\u00e9approvisionnement dans ce magasin en particulier. Nous avons imm\u00e9diatement retir\u00e9 le produit apr\u00e8s que la FDSEA l\u2019ait signal\u00e9. \u00bb<\/p>\n","protected":false},"excerpt":{"rendered":"<p>Lidl affirme qu&rsquo;il s&rsquo;agit d&rsquo;une erreur d&rsquo;\u00e9tiquetage, mais l&rsquo;union locale des agriculteurs affirme que cela menace la production locale La cha\u00eene de supermarch\u00e9s Lidl a suscit\u00e9 l\u2019indignation des viticulteurs en proposant \u00e0 la vente une bouteille de ros\u00e9 \u00e0 0,01 \u20ac. Le tarif extr\u00eamement bas, pour une bouteille de 75 cl de ros\u00e9 des C\u00f4tes-de-Gascogne, [&hellip;]<\/p>\n","protected":false},"author":1,"featured_media":691,"comment_status":"open","ping_status":"open","sticky":false,"template":"","format":"standard","meta":{"footnotes":""},"categories":[1],"tags":[42,23,937,939,467,938,940],"class_list":["post-690","post","type-post","status-publish","format-standard","has-post-thumbnail","hentry","category-non-classe","tag-des","tag-francais","tag-lidl","tag-lindignation","tag-rose","tag-suscite","tag-vignerons"],"_links":{"self":[{"href":"https:\/\/www.rachida-dati.eu\/actualites\/wp-json\/wp\/v2\/posts\/690","targetHints":{"allow":["GET"]}}],"collection":[{"href":"https:\/\/www.rachida-dati.eu\/actualites\/wp-json\/wp\/v2\/posts"}],"about":[{"href":"https:\/\/www.rachida-dati.eu\/actualites\/wp-json\/wp\/v2\/types\/post"}],"author":[{"embeddable":true,"href":"https:\/\/www.rachida-dati.eu\/actualites\/wp-json\/wp\/v2\/users\/1"}],"replies":[{"embeddable":true,"href":"https:\/\/www.rachida-dati.eu\/actualites\/wp-json\/wp\/v2\/comments?post=690"}],"version-history":[{"count":1,"href":"https:\/\/www.rachida-dati.eu\/actualites\/wp-json\/wp\/v2\/posts\/690\/revisions"}],"predecessor-version":[{"id":692,"href":"https:\/\/www.rachida-dati.eu\/actualites\/wp-json\/wp\/v2\/posts\/690\/revisions\/692"}],"wp:featuredmedia":[{"embeddable":true,"href":"https:\/\/www.rachida-dati.eu\/actualites\/wp-json\/wp\/v2\/media\/691"}],"wp:attachment":[{"href":"https:\/\/www.rachida-dati.eu\/actualites\/wp-json\/wp\/v2\/media?parent=690"}],"wp:term":[{"taxonomy":"category","embeddable":true,"href":"https:\/\/www.rachida-dati.eu\/actualites\/wp-json\/wp\/v2\/categories?post=690"},{"taxonomy":"post_tag","embeddable":true,"href":"https:\/\/www.rachida-dati.eu\/actualites\/wp-json\/wp\/v2\/tags?post=690"}],"curies":[{"name":"wp","href":"https:\/\/api.w.org\/{rel}","templated":true}]}}