{"id":693,"date":"2025-12-29T21:42:35","date_gmt":"2025-12-29T20:42:35","guid":{"rendered":"https:\/\/www.rachida-dati.eu\/actualites\/macron-defend-la-laicite-alors-que-la-france-commemore-les-120-ans-de-la-laicite\/"},"modified":"2025-12-29T21:42:35","modified_gmt":"2025-12-29T20:42:35","slug":"macron-defend-la-laicite-alors-que-la-france-commemore-les-120-ans-de-la-laicite","status":"publish","type":"post","link":"https:\/\/www.rachida-dati.eu\/actualites\/macron-defend-la-laicite-alors-que-la-france-commemore-les-120-ans-de-la-laicite\/","title":{"rendered":"Macron d\u00e9fend la la\u00efcit\u00e9 alors que la France comm\u00e9more les 120 ans de la la\u00efcit\u00e9"},"content":{"rendered":"<div data-element-guid=\"7f7332a5-aca0-4fee-9990-ec700b171346\">\n<h2 class=\"subtitle \" style=\"\">Les enseignants disent que les \u00e9l\u00e8ves plus jeunes fuient la la\u00efcit\u00e9 en France<\/h2>\n<\/p>\n<\/div>\n<div data-element-guid=\"a8d78d1e-7926-4443-9e6b-e678a59039b6\">\n<p><!-- placeholder(#1) --><\/p>\n<p>Le pr\u00e9sident fran\u00e7ais Emmanuel Macron a r\u00e9affirm\u00e9 son engagement en faveur de la la\u00efcit\u00e9 en France, \u00e0 l&rsquo;occasion du 120e anniversaire de la signature de la loi embl\u00e9matique qui a rendu ce principe constitutionnel effectif.<\/p>\n<p>Alors que les enseignants signalent qu&rsquo;un nombre croissant d&rsquo;\u00e9l\u00e8ves consid\u00e8rent le la\u00efcisme d&rsquo;\u00c9tat comme un obstacle aux libert\u00e9s personnelles.<\/p>\n<p>Le pr\u00e9sident a d\u00e9clar\u00e9 que la France doit \u00ab d\u00e9fendre \u00bb la la\u00efcit\u00e9 \u2013 en particulier dans le secteur de l&rsquo;\u00e9ducation \u2013 dans un message publi\u00e9 sur le r\u00e9seau social X mardi 9 d\u00e9cembre, la \u00ab Journ\u00e9e nationale de la La\u00efcit\u00e9 \u00bb en France.<\/p>\n<p>Cette date comm\u00e9more la loi sign\u00e9e par le pr\u00e9sident de l&rsquo;\u00e9poque \u00c9mile Loubet le 9 d\u00e9cembre 1905, bien qu&rsquo;elle ne soit entr\u00e9e en vigueur que le 1er janvier 1906.<\/p>\n<p>La mesure de 1905 \u00ab affirme que la foi n&rsquo;est pas au-dessus de la loi, que personne ne peut imposer sa mani\u00e8re de croire dans sa religion \u00e0 autrui parce qu&rsquo;il croit que sa foi est sup\u00e9rieure \u00e0 la loi \u00bb, a d\u00e9clar\u00e9 le pr\u00e9sident dans un message vid\u00e9o.<\/p>\n<p>Dans ce message, le pr\u00e9sident a \u00e9galement rendu hommage aux enseignants Samuel Paty et Dominique Bernard, tu\u00e9s lors d&rsquo;actes de violence religieuse.<\/p>\n<p>Les enseignants \u00ab doivent rester des exemples lumineux, guidant notre chemin et notre conduite dans et \u00e0 travers la la\u00efcit\u00e9 \u00bb, a d\u00e9clar\u00e9 le pr\u00e9sident.<\/p>\n<p>\u00ab [Les \u00e9coles publiques la\u00efques] offrent \u00e0 chaque enfant la transmission du savoir, un savoir positif, d\u00e9pourvu de tout parti pris religieux, culturel ou identitaire, et le moyen le plus s\u00fbr d&rsquo;\u00eatre libre et d&rsquo;apprendre. \u00bb<\/p>\n<p>Vous pouvez voir l&rsquo;int\u00e9gralit\u00e9 de la vid\u00e9o du pr\u00e9sident ci-dessous.<\/p>\n<div data-element-guid=\"6d35fa93-fc8d-4f3a-8605-649acaffbde6\" id=\"markup_758216\" class=\"markupbox column desktop-floatLeft mobile-floatLeft small-12 large-8 small-abs-12 large-abs-8\">\n<div class=\"content fullwidthTarget\" style=\"\">\n<blockquote class=\"twitter-tweet\">\n<p lang=\"fr\" dir=\"ltr\">Mes chers compatriotes,<\/p>\n<p>Nous comm\u00e9morons un anniversaire important : le 120\u1d49 anniversaire de la loi de 1905, loi de s\u00e9paration des \u00c9glises et de l&rsquo;\u00c9tat. <a rel=\"nofollow\" href=\"https:\/\/t.co\/gXTcfYP1T4\">pic.twitter.com\/gXTcfYP1T4<\/a><\/p>\n<p>\u2014 Emmanuel Macron (@EmmanuelMacron) <a rel=\"nofollow\" href=\"https:\/\/twitter.com\/EmmanuelMacron\/status\/1998283721720418759?ref_src=twsrc%5Etfw\">December 9, 2025<\/a><\/p><\/blockquote><\/div>\n<\/div>\n<h2>Qu&rsquo;est-ce que la la\u00efcit\u00e9 ?<\/h2>\n<p>La loi de 1905 s\u00e9parant l&rsquo;\u00c9glise et l&rsquo;\u00c9tat \u00e9voque le <span data-lab-font_weight=\"font-weight-bold\" class=\"font-weight-bold m-font-weight-bold\">concept connu sous le nom de la\u00efcit\u00e9<\/span> \u2013 largement traduit par la s\u00e9paration entre l&rsquo;\u00c9tat et les institutions religieuses, et souvent consid\u00e9r\u00e9 comme le quatri\u00e8me pilier de la R\u00e9publique fran\u00e7aise \u2013 et a \u00e9t\u00e9 une pierre angulaire de la politique sur ce sujet.\u00a0<\/p>\n<p>La loi s&rsquo;applique dans toute la France m\u00e9tropolitaine, \u00e0 l&rsquo;exception de certaines zones d&rsquo;outre-mer, et dans les zones d&rsquo;Alsace et de Moselle, annex\u00e9es \u00e0 l&rsquo;Empire allemand \u00e0 la fin de la Premi\u00e8re Guerre mondiale et qui conservent certaines lois et privil\u00e8ges allemands.\u00a0<\/p>\n<p>Outre le concept de la\u00efcit\u00e9, la la\u00efcit\u00e9 v\u00e9hicule aussi l&rsquo;id\u00e9e d&rsquo;un \u00c9tat indivisible de ses citoyens.\u00a0<\/p>\n<p>Aucun groupe religieux ou ethnique unique n&rsquo;est au-dessus de \u00ab la France \u00bb et de l&rsquo;\u00c9tat, qui regroupe l&rsquo;ensemble de son peuple. Dans ce contexte, elle a aussi \u00e9t\u00e9 utilis\u00e9e pour renforcer l&rsquo;autorit\u00e9 centrale, notamment en ce qui concerne les questions de langues minoritaires.<\/p>\n<p>Dans la vie quotidienne toutefois, la la\u00efcit\u00e9 est principalement utilis\u00e9e pour r\u00e9affirmer le s\u00e9culaire la\u00efc impos\u00e9 par la France dans le secteur public, en particulier dans les \u00e9coles.<\/p>\n<p>Auparavant, cela concernait en grande partie le catholicisme \u2013 la religion d&rsquo;\u00c9tat traditionnelle de la France \u2013 y compris l&rsquo;enseignement des valeurs catholiques \u00e0 l&rsquo;\u00e9cole et le port d&rsquo;\u00e9l\u00e9ments religieux symboliques.\u00a0<\/p>\n<p>Cependant de nos jours, il est souvent mis en regard avec l&rsquo;islam et les enseignements islamiques.\u00a0<\/p>\n<p>La\u00efcit\u00e9 est l&rsquo;une des rares structures politiques soutenues \u00e0 la fois par la gauche et par la droite en France, et est l&rsquo;une des rares domaines o\u00f9 les deux tendances votent ensemble de mani\u00e8re coh\u00e9rente. Depuis 1905, plusieurs lois ont \u00e9largi le concept de la\u00efcit\u00e9.<\/p>\n<h2>Les d\u00e9fis de la la\u00efcit\u00e9 \u00e0 l&rsquo;\u00e9cole<\/h2>\n<p>La perception moderne de la la\u00efcit\u00e9 \u00e9volue cependant, \u00e0 mesure que le conflit sociologique entre le principe et une communaut\u00e9 islamique croissante en France devient apparent, particuli\u00e8rement dans les \u00e9coles.<\/p>\n<p>Les migrants de seconde et troisi\u00e8me g\u00e9n\u00e9ration issus de familles islamiques peuvent se retrouver confront\u00e9s \u00e0 une vie familiale domestique compos\u00e9e de valeurs et d&rsquo;habitudes religieuses, et \u00e0 une vie publique \u00e0 l&rsquo;\u00e9cole o\u00f9 celles-ci sont explicitement interdites par les r\u00e8gles de la\u00efcit\u00e9.<\/p>\n<p>Les \u00e9coles deviennent souvent le point focal du probl\u00e8me, les enseignants \u00e9tant g\u00e9n\u00e9ralement parmi les d\u00e9fenseurs les plus acharn\u00e9s du concept, mais se retrouvant de plus en plus en danger pour ce faire.<\/p>\n<p>Le cas de l&rsquo;enseignant Samuel Paty, assassin\u00e9 par un jeune de 18 ans apr\u00e8s avoir \u00e9t\u00e9 cibl\u00e9 via une campagne sur les r\u00e9seaux sociaux pour avoir montr\u00e9 durant un cours des images du proph\u00e8te Mahomet (un acte interdit par l&rsquo;islam), continue de jeter une ombre sur les enseignants.<\/p>\n<p>Cependant, il existe une perception croissante chez les jeunes g\u00e9n\u00e9rations que la la\u00efcit\u00e9 est une charge, y compris chez des m\u00e9nages nominalement la\u00efques.<\/p>\n<p>Bien que les chiffres relatifs aux attaques violentes li\u00e9es \u00e0 la la\u00efcit\u00e9 soient rest\u00e9s stables ces derni\u00e8res ann\u00e9es, selon le minist\u00e8re fran\u00e7ais de l&rsquo;\u00c9ducation, ils peuvent sembler \u00e9tonnamment \u00e9lev\u00e9s.<\/p>\n<p>En octobre 2025, on d\u00e9nombre 527 violations de la la\u00efcit\u00e9 signal\u00e9es, dont plus de 100 d\u00e9fis visant le personnel enseignant qui traitait du sujet.<\/p>\n<p>\u00ab La principale pr\u00e9occupation que nous avons \u00e0 l&rsquo;\u00e9cole est que les \u00e9l\u00e8ves per\u00e7oivent essentiellement la la\u00efcit\u00e9 comme l&rsquo;interdiction de porter des symboles religieux; ils n&rsquo;en retiennent que l&rsquo;aspect n\u00e9gatif \u00bb, a d\u00e9clar\u00e9 une enseignante du coll\u00e8ge de Montpellier \u00e0 FranceInfo.<\/p>\n<p>\u00ab Notre travail est de montrer tous les aspects positifs de la la\u00efcit\u00e9, tout ce qu&rsquo;elle permet : la libert\u00e9 de religion, la libert\u00e9 de pens\u00e9e \u00bb, a-t-elle ajout\u00e9.<\/p>\n<p>\u00ab Il existe une vision assez r\u00e9pandue chez les jeunes selon laquelle la la\u00efcit\u00e9 est quelque chose qui g\u00eane, qui est une menace pour la libert\u00e9. Cela s&rsquo;est d\u00e9velopp\u00e9 au cours des derni\u00e8res ann\u00e9es, et cela est ind\u00e9niable \u00bb, a ajout\u00e9 un autre enseignant de Nantes.<\/p>\n<\/div>\n<p><script async src=\"https:\/\/platform.twitter.com\/widgets.js\" charset=\"utf-8\"><\/script><\/p>\n","protected":false},"excerpt":{"rendered":"<p>Les enseignants disent que les \u00e9l\u00e8ves plus jeunes fuient la la\u00efcit\u00e9 en France Le pr\u00e9sident fran\u00e7ais Emmanuel Macron a r\u00e9affirm\u00e9 son engagement en faveur de la la\u00efcit\u00e9 en France, \u00e0 l&rsquo;occasion du 120e anniversaire de la signature de la loi embl\u00e9matique qui a rendu ce principe constitutionnel effectif. Alors que les enseignants signalent qu&rsquo;un nombre [&hellip;]<\/p>\n","protected":false},"author":1,"featured_media":694,"comment_status":"open","ping_status":"open","sticky":false,"template":"","format":"standard","meta":{"footnotes":""},"categories":[1],"tags":[88,154,943,941,37,942,35,195],"class_list":["post-693","post","type-post","status-publish","format-standard","has-post-thumbnail","hentry","category-non-classe","tag-alors","tag-ans","tag-commemore","tag-defend","tag-france","tag-laicite","tag-les","tag-macron"],"_links":{"self":[{"href":"https:\/\/www.rachida-dati.eu\/actualites\/wp-json\/wp\/v2\/posts\/693","targetHints":{"allow":["GET"]}}],"collection":[{"href":"https:\/\/www.rachida-dati.eu\/actualites\/wp-json\/wp\/v2\/posts"}],"about":[{"href":"https:\/\/www.rachida-dati.eu\/actualites\/wp-json\/wp\/v2\/types\/post"}],"author":[{"embeddable":true,"href":"https:\/\/www.rachida-dati.eu\/actualites\/wp-json\/wp\/v2\/users\/1"}],"replies":[{"embeddable":true,"href":"https:\/\/www.rachida-dati.eu\/actualites\/wp-json\/wp\/v2\/comments?post=693"}],"version-history":[{"count":1,"href":"https:\/\/www.rachida-dati.eu\/actualites\/wp-json\/wp\/v2\/posts\/693\/revisions"}],"predecessor-version":[{"id":695,"href":"https:\/\/www.rachida-dati.eu\/actualites\/wp-json\/wp\/v2\/posts\/693\/revisions\/695"}],"wp:featuredmedia":[{"embeddable":true,"href":"https:\/\/www.rachida-dati.eu\/actualites\/wp-json\/wp\/v2\/media\/694"}],"wp:attachment":[{"href":"https:\/\/www.rachida-dati.eu\/actualites\/wp-json\/wp\/v2\/media?parent=693"}],"wp:term":[{"taxonomy":"category","embeddable":true,"href":"https:\/\/www.rachida-dati.eu\/actualites\/wp-json\/wp\/v2\/categories?post=693"},{"taxonomy":"post_tag","embeddable":true,"href":"https:\/\/www.rachida-dati.eu\/actualites\/wp-json\/wp\/v2\/tags?post=693"}],"curies":[{"name":"wp","href":"https:\/\/api.w.org\/{rel}","templated":true}]}}