{"id":709,"date":"2025-12-31T11:44:01","date_gmt":"2025-12-31T10:44:01","guid":{"rendered":"https:\/\/www.rachida-dati.eu\/actualites\/dates-de-paiement-des-prestations-en-france-2026-allocations-familiales-et-autres-aides\/"},"modified":"2025-12-31T11:44:01","modified_gmt":"2025-12-31T10:44:01","slug":"dates-de-paiement-des-prestations-en-france-2026-allocations-familiales-et-autres-aides","status":"publish","type":"post","link":"https:\/\/www.rachida-dati.eu\/actualites\/dates-de-paiement-des-prestations-en-france-2026-allocations-familiales-et-autres-aides\/","title":{"rendered":"Dates de paiement des prestations en France 2026 : allocations familiales et autres aides"},"content":{"rendered":"<div data-element-guid=\"7f7332a5-aca0-4fee-9990-ec700b171346\">\n<h2 class=\"subtitle \" style=\"\">La date de paiement varie lorsqu&rsquo;elle tombe pendant le week-end<\/h2>\n<\/p>\n<\/div>\n<div data-element-guid=\"f7e956ec-fee1-441f-ee90-af73a39152fa\">\n<p><!-- placeholder(#1) --><\/p>\n<p>Les dates auxquelles les b\u00e9n\u00e9ficiaires peuvent s\u2019attendre \u00e0 recevoir des paiements d\u2019allocations en France l\u2019ann\u00e9e prochaine ont \u00e9t\u00e9 publi\u00e9es, et 13,5 millions de personnes devraient b\u00e9n\u00e9ficier d\u2019une aide financi\u00e8re de quelconque nature en 2026.<\/p>\n<p>Les prestations annonc\u00e9es sont celles vers\u00e9es par les <span data-lab-font_weight=\"font-weight-bold\" class=\"font-weight-bold m-font-weight-bold italic m-italic\" data-lab-italic=\"italic\">caisses d\u2019allocations familiales<\/span> (CAF, fonds d\u2019allocations familiales). Elles sont vers\u00e9es \u00e0 des millions de b\u00e9n\u00e9ficiaires \u00e0 une date pr\u00e9cise chaque mois, directement sur les comptes bancaires.<\/p>\n<p>Les prestations comprennent :<\/p>\n<ul>\n<li>\n<p><span data-lab-italic=\"italic\" class=\"italic m-italic\">Aide personnalis\u00e9e au logement<\/span> (APL, aide personnalis\u00e9e au logement)<\/p>\n<\/li>\n<li>\n<p><span data-lab-italic=\"italic\" class=\"italic m-italic\">Revenu de solidarit\u00e9 active<\/span> (RSA, allocation pour les demandeurs d\u2019emploi)<\/p>\n<\/li>\n<li data-lab-italic=\"italic\" class=\"italic m-italic\">\n<p class=\"lab-bodytext-line\">La <span data-lab-font_weight=\"font-weight-bold\" class=\"font-weight-bold m-font-weight-bold\">prime d\u2019activit\u00e9<\/span>\u00a0(compl\u00e9ment de revenu pour les travailleurs)<\/p>\n<\/li>\n<li>\n<p><span data-lab-italic=\"italic\" class=\"italic m-italic\">L\u2019allocation aux adultes handicap\u00e9s <\/span>(AAH, allocation pour les adultes handicap\u00e9s)\u00a0<\/p>\n<\/li>\n<li>\n<p><span data-lab-italic=\"italic\" class=\"italic m-italic\">Allocations familiales<\/span> (allocations familiales)<\/p>\n<\/li>\n<\/ul>\n<h2>Date fixe\u2026 et exceptions<\/h2>\n<figure data-element-guid=\"557365b9-d5b5-4ebc-b8b4-dbc0bd68bd50\" data-zoomable=\"1\" class=\"column desktop-floatLeft mobile-floatLeft small-12 large-8 small-abs-12 large-abs-8\">\n<div class=\"content \" style=\"\">\n<div class=\"img fullwidthTarget\">\n            <picture><source  width=\"706\" height=\"438\" media=\"(min-width: 768px)\" type=\"image\/webp\"><source  width=\"706\" height=\"438\" media=\"(min-width: 768px)\" type=\"image\/jpeg\"><source  width=\"480\" height=\"298\" media=\"(max-width: 767px)\" type=\"image\/webp\"><source  width=\"480\" height=\"298\" media=\"(max-width: 767px)\" type=\"image\/jpeg\"><\/source><\/source><\/source><\/source><\/picture>\n                    <\/div>\n<\/p><\/div>\n<\/figure>\n<p>La CAF a confirm\u00e9 que les prestations seront vers\u00e9es \u00e0 une \u00ab date fixe \u00bb, le 5e jour de chaque mois, si ce jour est un jour ouvrable. Toutefois, cela change si le 5e jour tombe un samedi ou un dimanche.\u00a0<\/p>\n<p>Dans ce cas :\u00a0<\/p>\n<p>\u00ab Si le 5 du mois tombe un samedi, le paiement est effectu\u00e9 le vendredi 4. S\u2019il tombe un dimanche, les paiements sont effectu\u00e9s le lundi 6 \u00bb, indique la CAF.<\/p>\n<p>Les exceptions \u00e0 la r\u00e8gle du \u00ab 5e du mois \u00bb pour 2026 sont les suivantes. Les paiements pour les mois suivants seront effectu\u00e9s \u00e0 la place sur\u00a0:<\/p>\n<ul>\n<li>\n<p><span data-lab-font_weight=\"font-weight-bold\" class=\"font-weight-bold m-font-weight-bold\">Mars 2026:<\/span> mardi 7 avril (exceptionnellement le 7, et non le 4 ou le 6 du mois)<\/p>\n<\/li>\n<li>\n<p><span data-lab-font_weight=\"font-weight-bold\" class=\"font-weight-bold m-font-weight-bold\">Juin 2026:<\/span> lundi 6 juillet<\/p>\n<\/li>\n<li>\n<p><span data-lab-font_weight=\"font-weight-bold\" class=\"font-weight-bold m-font-weight-bold\">Ao\u00fbt 2026: <\/span>vendredi 4 septembre<\/p>\n<\/li>\n<li>\n<p><span data-lab-font_weight=\"font-weight-bold\" class=\"font-weight-bold m-font-weight-bold\">Novembre 2026: <\/span> vendredi 4 d\u00e9cembre<\/p>\n<\/li>\n<\/ul>\n<p>Pour tous les autres mois de 2026, le paiement sera effectu\u00e9 le 5e jour du mois suivant (par exemple, le paiement de janvier 2026 est effectu\u00e9 le 5 f\u00e9vrier 2026).<\/p>\n<h2>Combien de temps faut-il pour recevoir les paiements ?<\/h2>\n<p>Les paiements ne peuvent pas \u00eatre cr\u00e9dit\u00e9s imm\u00e9diatement sur votre compte bancaire une fois qu\u2019ils ont \u00e9t\u00e9 effectu\u00e9s, et peuvent appara\u00eetre entre un et trois jours plus tard.<\/p>\n<p>Les paiements concernent \u00e9galement le mois pr\u00e9c\u00e9dent, par exemple les prestations de janvier sont vers\u00e9es au d\u00e9but de f\u00e9vrier.<\/p>\n<p>Vous pouvez v\u00e9rifier vos derniers paiements et droits sur <span data-lab-font_weight=\"font-weight-bold\" class=\"font-weight-bold m-font-weight-bold\">le site de la CAF<\/span>, si vous vous connectez \u00e0 votre compte personnel. Vous pouvez \u00e9galement utiliser l\u2019application gratuite \u00e0 t\u00e9l\u00e9charger Caf &#8211; Mon Compte.<\/p>\n<p>Vos <span data-lab-font_weight=\"font-weight-bold\" class=\"font-weight-bold m-font-weight-bold\">informations FranceConnect<\/span> peuvent \u00e9galement \u00eatre utilis\u00e9es pour vous connecter au site de la CAF (aux c\u00f4t\u00e9s de <span data-lab-font_weight=\"font-weight-bold\" class=\"font-weight-bold m-font-weight-bold\">plus de 1 400 sites<\/span>, y compris de nombreux sites gouvernementaux officiels, ce qui \u00e9vite d\u2019avoir \u00e0 m\u00e9moriser les informations de compte pour tous les services).<\/p>\n<p>Si vous remarquez des erreurs, vous pouvez appeler un conseiller CAF au 3230 (depuis la France), ou envoyer un message via votre compte en ligne.<\/p>\n<\/div>\n","protected":false},"excerpt":{"rendered":"<p>La date de paiement varie lorsqu&rsquo;elle tombe pendant le week-end Les dates auxquelles les b\u00e9n\u00e9ficiaires peuvent s\u2019attendre \u00e0 recevoir des paiements d\u2019allocations en France l\u2019ann\u00e9e prochaine ont \u00e9t\u00e9 publi\u00e9es, et 13,5 millions de personnes devraient b\u00e9n\u00e9ficier d\u2019une aide financi\u00e8re de quelconque nature en 2026. Les prestations annonc\u00e9es sont celles vers\u00e9es par les caisses d\u2019allocations familiales [&hellip;]<\/p>\n","protected":false},"author":1,"featured_media":710,"comment_status":"open","ping_status":"open","sticky":false,"template":"","format":"standard","meta":{"footnotes":""},"categories":[1],"tags":[965,963,611,787,42,964,37,961,962],"class_list":["post-709","post","type-post","status-publish","format-standard","has-post-thumbnail","hentry","category-non-classe","tag-aides","tag-allocations","tag-autres","tag-dates","tag-des","tag-familiales","tag-france","tag-paiement","tag-prestations"],"_links":{"self":[{"href":"https:\/\/www.rachida-dati.eu\/actualites\/wp-json\/wp\/v2\/posts\/709","targetHints":{"allow":["GET"]}}],"collection":[{"href":"https:\/\/www.rachida-dati.eu\/actualites\/wp-json\/wp\/v2\/posts"}],"about":[{"href":"https:\/\/www.rachida-dati.eu\/actualites\/wp-json\/wp\/v2\/types\/post"}],"author":[{"embeddable":true,"href":"https:\/\/www.rachida-dati.eu\/actualites\/wp-json\/wp\/v2\/users\/1"}],"replies":[{"embeddable":true,"href":"https:\/\/www.rachida-dati.eu\/actualites\/wp-json\/wp\/v2\/comments?post=709"}],"version-history":[{"count":1,"href":"https:\/\/www.rachida-dati.eu\/actualites\/wp-json\/wp\/v2\/posts\/709\/revisions"}],"predecessor-version":[{"id":711,"href":"https:\/\/www.rachida-dati.eu\/actualites\/wp-json\/wp\/v2\/posts\/709\/revisions\/711"}],"wp:featuredmedia":[{"embeddable":true,"href":"https:\/\/www.rachida-dati.eu\/actualites\/wp-json\/wp\/v2\/media\/710"}],"wp:attachment":[{"href":"https:\/\/www.rachida-dati.eu\/actualites\/wp-json\/wp\/v2\/media?parent=709"}],"wp:term":[{"taxonomy":"category","embeddable":true,"href":"https:\/\/www.rachida-dati.eu\/actualites\/wp-json\/wp\/v2\/categories?post=709"},{"taxonomy":"post_tag","embeddable":true,"href":"https:\/\/www.rachida-dati.eu\/actualites\/wp-json\/wp\/v2\/tags?post=709"}],"curies":[{"name":"wp","href":"https:\/\/api.w.org\/{rel}","templated":true}]}}