{"id":715,"date":"2025-12-31T22:55:33","date_gmt":"2025-12-31T21:55:33","guid":{"rendered":"https:\/\/www.rachida-dati.eu\/actualites\/george-clooney-et-sa-famille-adoptent-la-vie-francaise-avec-une-nouvelle-nationalite\/"},"modified":"2025-12-31T22:55:33","modified_gmt":"2025-12-31T21:55:33","slug":"george-clooney-et-sa-famille-adoptent-la-vie-francaise-avec-une-nouvelle-nationalite","status":"publish","type":"post","link":"https:\/\/www.rachida-dati.eu\/actualites\/george-clooney-et-sa-famille-adoptent-la-vie-francaise-avec-une-nouvelle-nationalite\/","title":{"rendered":"George Clooney et sa famille adoptent la vie fran\u00e7aise avec une nouvelle nationalit\u00e9"},"content":{"rendered":"<div data-element-guid=\"7f7332a5-aca0-4fee-9990-ec700b171346\">\n<h2 class=\"subtitle \" style=\"\">\u00ab Mes enfants ont une vie bien meilleure [et] parlent parfaitement le fran\u00e7ais \u00bb, d\u00e9clare la star hollywoodienne<\/h2>\n<\/p>\n<\/div>\n<div data-element-guid=\"17d45910-be6b-43f9-cdcb-974017ee20cf\">\n<p><!-- placeholder(#1) --><\/p>\n<p>Alors que l&rsquo;acteur am\u00e9ricain George Clooney, sa femme \u2013 avocate britannique-libanaise Amal Alamuddin Clooney \u2013 et leurs jumeaux \u00e2g\u00e9s de huit ans ont obtenu la nationalit\u00e9 fran\u00e7aise, nous examinons la relation de M. Clooney avec la France.<\/p>\n<p>La famille a achet\u00e9 une propri\u00e9t\u00e9, le Domaine du Canadel, \u00e0 Brignoles, dans le Var (Provence-Alpes-C\u00f4te d&rsquo;Azur) en 2021, et passe d\u00e9sormais une grande partie de l&rsquo;ann\u00e9e dans le pays. Les jumeaux du couple, Alexander et Ella, fr\u00e9quentent une \u00e9cole en France.<\/p>\n<p>M. Clooney, \u00e2g\u00e9 de 64 ans \u2013 surtout connu pour ses r\u00f4les dans l&rsquo;\u00e9mission t\u00e9l\u00e9vis\u00e9e am\u00e9ricaine <span data-lab-italic=\"italic\" class=\"italic m-italic\">ER<\/span>, les films <span data-lab-italic=\"italic\" class=\"italic m-italic\">Ocean\u2019s<\/span>, et son tour prim\u00e9 par l&rsquo;Oscar en 2005 dans <span data-lab-italic=\"italic\" class=\"italic m-italic\">Syriana<\/span> \u2013 a d\u00e9clar\u00e9 qu&rsquo;il aime le pays pour sa culture et sa vie priv\u00e9e.<\/p>\n<p>\u00ab J&rsquo;aime la culture fran\u00e7aise, votre langue\u2026 m\u00eame si je suis toujours aussi mauvais [en fran\u00e7ais] apr\u00e8s 400 jours de cours. C\u2019est plus difficile \u00e0 apprendre quand on est vieux \u00bb, a-t-il d\u00e9clar\u00e9 \u00e0 <span data-lab-italic=\"italic\" class=\"italic m-italic\">RTL<\/span> plus t\u00f4t en d\u00e9cembre.<\/p>\n<p>\u00ab Ici, on ne prend pas de photos des enfants. Il n&rsquo;y a pas de paparazzis cach\u00e9s aux portes des \u00e9coles. C\u2019est notre priorit\u00e9 num\u00e9ro un. C&rsquo;\u00e9tait vraiment la raison principale [du d\u00e9m\u00e9nagement].<\/p>\n<p>\u00ab C\u2019est l\u2019endroit o\u00f9 nous sommes les plus heureux \u00bb, ajouta-t-il, d\u00e9clarant que ses enfants peuvent jouer sur la \u00ab ferme \u00bb du couple (qui compte environ 172 hectares de terres, un vignoble, une piscine et un court de tennis), ce qui lui rappelle \u00ab ce que je pouvais faire quand j\u2019\u00e9tais jeune au Kentucky \u00bb. <\/p>\n<p>\u00ab Nous vivons dans une ferme en France \u00bb, a d\u00e9clar\u00e9 M. Clooney au magazine <span data-lab-italic=\"italic\" class=\"italic m-italic\">Esquire<\/span> en octobre. \u00ab Une bonne partie de ma vie en grandissant s\u2019est d\u00e9roul\u00e9e dans une ferme, et enfant, je la d\u00e9testais.<\/p>\n<p>\u00ab Mais maintenant, pour [les jumeaux], c\u2019est comme \u2013 ils ne sont pas sur leurs iPads, ils d\u00eenent avec des adultes et doivent prendre leurs plats. Ils ont une vie bien meilleure. J\u2019\u00e9tais inquiet \u00e0 l\u2019id\u00e9e d\u2019\u00e9lever nos enfants \u00e0 LA, dans la culture d\u2019Hollywood. La France \u2013 ils s\u2019en fichent un peu de la c\u00e9l\u00e9brit\u00e9. \u00bb<\/p>\n<p>M. Clooney <span data-lab-font_weight=\"font-weight-bold\" class=\"font-weight-bold m-font-weight-bold\">a d\u00e9clar\u00e9 que<\/span> sa femme et ses enfants parlent \u00ab un fran\u00e7ais parfait \u00bb et \u00ab parlent fran\u00e7ais devant moi pour pouvoir me dire des choses terribles en face \u00bb. <\/p>\n<h2>Profil discret<\/h2>\n<p>Suite aux commentaires positifs de l\u2019acteur, ses voisins brignolais ont d\u00e9clar\u00e9 que ses opinions \u00e9taient \u00ab un v\u00e9ritable compliment pour la ville \u00bb. <\/p>\n<p>\u00ab Je ne suis pas surpris qu\u2019il l\u2019adore ici \u2013 c\u2019est une campagne splendide, beaucoup d\u2019air frais, et il n\u2019a pas besoin de gardes du corps. Les gens le laissent tranquille \u00bb, a d\u00e9clar\u00e9 Elaine Arnold, Britannique r\u00e9sidant dans la ville depuis plus de quatre ans.<\/p>\n<p>La famille pr\u00e9f\u00e8re garder profil bas lorsqu\u2019elle est en France, mais participe \u00e0 certains \u00e9v\u00e9nements locaux. Par exemple, en novembre 2024, Clooney a assist\u00e9 \u00e0 l\u2019inauguration du Cin\u00e9ma Libert\u00e9, et a discut\u00e9 avec les habitants des \u00e9lections am\u00e9ricaines.<\/p>\n<p>Le couple a \u00e9galement fait don de 20 000 \u20ac pour aider les victimes des inondations \u00e0 Le Val, \u00e0 proximit\u00e9, au d\u00e9but de 2025.<\/p>\n<p>Didier Br\u00e9mond, maire de Brignoles, a officiellement souhait\u00e9 la bienvenue \u00e0 la famille dans la communaut\u00e9, les d\u00e9crivant comme des \u00ab voisins gracieux et respectueux \u00bb. <\/p>\n<p>D\u2019autres stars de Hollywood ayant v\u00e9cu en France comprennent Johnny Depp et son ex-femme Vanessa Paradis, qui ont \u00e9lev\u00e9 leurs enfants dans le pays; et Angelina Jolie et son ex-mari Brad Pitt.<\/p>\n<p>Les agents immobiliers \u00e0 Nice et sur la C\u00f4te d\u2019Azur <span data-lab-font_weight=\"font-weight-bold\" class=\"font-weight-bold m-font-weight-bold\">avaient d\u00e9clar\u00e9 plus t\u00f4t cette ann\u00e9e qu\u2019il y avait<\/span> une augmentation significative des Am\u00e9ricains achetant des biens immobiliers dans le sud-est de la France. Beaucoup \u00e9voquent l\u2019\u00e9lection du pr\u00e9sident Trump comme facteur contributif.<\/p>\n<\/div>\n<p><script async src=\"\/\/www.instagram.com\/embed.js\"><\/script><\/p>\n","protected":false},"excerpt":{"rendered":"<p>\u00ab Mes enfants ont une vie bien meilleure [et] parlent parfaitement le fran\u00e7ais \u00bb, d\u00e9clare la star hollywoodienne Alors que l&rsquo;acteur am\u00e9ricain George Clooney, sa femme \u2013 avocate britannique-libanaise Amal Alamuddin Clooney \u2013 et leurs jumeaux \u00e2g\u00e9s de huit ans ont obtenu la nationalit\u00e9 fran\u00e7aise, nous examinons la relation de M. Clooney avec la France. [&hellip;]<\/p>\n","protected":false},"author":1,"featured_media":716,"comment_status":"open","ping_status":"open","sticky":false,"template":"","format":"standard","meta":{"footnotes":""},"categories":[1],"tags":[973,32,972,721,177,971,974,203,29,487],"class_list":["post-715","post","type-post","status-publish","format-standard","has-post-thumbnail","hentry","category-non-classe","tag-adoptent","tag-avec","tag-clooney","tag-famille","tag-francaise","tag-george","tag-nationalite","tag-nouvelle","tag-une","tag-vie"],"_links":{"self":[{"href":"https:\/\/www.rachida-dati.eu\/actualites\/wp-json\/wp\/v2\/posts\/715","targetHints":{"allow":["GET"]}}],"collection":[{"href":"https:\/\/www.rachida-dati.eu\/actualites\/wp-json\/wp\/v2\/posts"}],"about":[{"href":"https:\/\/www.rachida-dati.eu\/actualites\/wp-json\/wp\/v2\/types\/post"}],"author":[{"embeddable":true,"href":"https:\/\/www.rachida-dati.eu\/actualites\/wp-json\/wp\/v2\/users\/1"}],"replies":[{"embeddable":true,"href":"https:\/\/www.rachida-dati.eu\/actualites\/wp-json\/wp\/v2\/comments?post=715"}],"version-history":[{"count":1,"href":"https:\/\/www.rachida-dati.eu\/actualites\/wp-json\/wp\/v2\/posts\/715\/revisions"}],"predecessor-version":[{"id":717,"href":"https:\/\/www.rachida-dati.eu\/actualites\/wp-json\/wp\/v2\/posts\/715\/revisions\/717"}],"wp:featuredmedia":[{"embeddable":true,"href":"https:\/\/www.rachida-dati.eu\/actualites\/wp-json\/wp\/v2\/media\/716"}],"wp:attachment":[{"href":"https:\/\/www.rachida-dati.eu\/actualites\/wp-json\/wp\/v2\/media?parent=715"}],"wp:term":[{"taxonomy":"category","embeddable":true,"href":"https:\/\/www.rachida-dati.eu\/actualites\/wp-json\/wp\/v2\/categories?post=715"},{"taxonomy":"post_tag","embeddable":true,"href":"https:\/\/www.rachida-dati.eu\/actualites\/wp-json\/wp\/v2\/tags?post=715"}],"curies":[{"name":"wp","href":"https:\/\/api.w.org\/{rel}","templated":true}]}}