{"id":721,"date":"2026-01-01T09:48:42","date_gmt":"2026-01-01T08:48:42","guid":{"rendered":"https:\/\/www.rachida-dati.eu\/actualites\/panne-delectricite-au-tunnel-sous-la-manche-trajets-perturbes\/"},"modified":"2026-01-01T09:48:43","modified_gmt":"2026-01-01T08:48:43","slug":"panne-delectricite-au-tunnel-sous-la-manche-trajets-perturbes","status":"publish","type":"post","link":"https:\/\/www.rachida-dati.eu\/actualites\/panne-delectricite-au-tunnel-sous-la-manche-trajets-perturbes\/","title":{"rendered":"Panne d&rsquo;\u00e9lectricit\u00e9 au Tunnel sous la Manche : trajets perturb\u00e9s"},"content":{"rendered":"<div data-element-guid=\"7f7332a5-aca0-4fee-9990-ec700b171346\">\n<h2 class=\"subtitle \" style=\"\">Une panne d&rsquo;\u00e9lectricit\u00e9 dans le tunnel sous la Manche a provoqu\u00e9 d&rsquo;importantes perturbations<\/h2>\n<\/p>\n<\/div>\n<div data-element-guid=\"fd00b032-bd5a-41ab-abb5-4c18375f7630\">\n<p><!-- placeholder(#1) --><\/p>\n<p> Eurostar a annul\u00e9 tous ses services ferroviaires transmanche jusqu&rsquo;\u00e0 nouvel ordre en raison d&rsquo;une panne \u00e9lectrique dans le tunnel sous la Manche. <\/p>\n<p>Les voyageurs utilisant l&rsquo;Eurotunnel sont \u00e9galement touch\u00e9s et font face \u00e0 des retards, les services Le Shuttle \u00e9tant \u00e9galement affect\u00e9s.<\/p>\n<p>\u00ab En raison d&rsquo;un probl\u00e8me d&rsquo;alimentation \u00e9lectrique par les cat\u00e9naires et d&rsquo;un train Le Shuttle qui a ensuite \u00e9chou\u00e9, le tunnel sous la Manche est actuellement ferm\u00e9 \u00bb, a d\u00e9clar\u00e9 Eurostar dans une mise \u00e0 jour sur son site internet.<\/p>\n<p>\u00ab Malheureusement, cela signifie que nous n&rsquo;avons pas d&rsquo;autre choix que de suspendre tous les services aujourd&rsquo;hui jusqu&rsquo;\u00e0 nouvel ordre. Merci de ne pas vous rendre \u00e0 la gare. \u00bb<\/p>\n<p>\u00ab Nous sommes sinc\u00e8rement d\u00e9sol\u00e9s des r\u00e9percussions que la situation pourrait avoir sur vos projets de voyage. \u00bb<\/p>\n<p>\u00ab Les services sont temporairement suspendus jusqu&rsquo;\u00e0 trois heures maximum pour les deux terminaux en raison d&rsquo;un probl\u00e8me d&rsquo;alimentation \u00e9lectrique. Nous travaillons dur pour r\u00e9soudre la situation. Nous nous excusons pour les d\u00e9sagr\u00e9ments caus\u00e9s \u00bb, a indiqu\u00e9 Le Shuttle sur son site internet.<\/p>\n<p>Il invite \u00e9galement les clients voyageant aujourd&rsquo;hui \u00e0 rester inform\u00e9s via les canaux officiels.\u00a0<\/p>\n<p>La situation \u00e9volue rapidement et d&rsquo;autres mises \u00e0 jour devraient \u00eatre publi\u00e9es au cours de la journ\u00e9e &#8211; les mises \u00e0 jour des voyages Eurostar peuvent \u00eatre consult\u00e9es <span data-lab-font_weight=\"font-weight-bold\" class=\"font-weight-bold m-font-weight-bold\">ici<\/span> et les mises \u00e0 jour des voyages Le Shuttle peuvent \u00eatre consult\u00e9es <span data-lab-font_weight=\"font-weight-bold\" class=\"font-weight-bold m-font-weight-bold\">ici<\/span>.<\/p>\n<p>\u00c0 14h45, heure fran\u00e7aise, Eurostar et Le Shuttle pr\u00e9viennent de retards importants ; toutefois, l&rsquo;op\u00e9rateur du tunnel sous la Manche, Getlink, serait en train de conseiller que le trafic va \u00ab reprendre progressivement \u00bb cet apr\u00e8s-midi.<\/p>\n<p>Aujourd&rsquo;hui est une journ\u00e9e fr\u00e9quent\u00e9e pour ces services, alors que des familles cherchent \u00e0 rentrer chez elles apr\u00e8s les c\u00e9l\u00e9brations de No\u00ebl ou \u00e0 partir en vacances pour le Nouvel An.<\/p>\n<p>Sophie, 36 ans, originaire des environs de Brighton, voyageait avec son partenaire et trois enfants \u00e2g\u00e9s de huit, six et deux ans. Ils avaient r\u00e9serv\u00e9 le service Le Shuttle des 11h24, en direction de la Belgique pour rendre visite \u00e0 la famille.<\/p>\n<p>\u00ab Nous avons re\u00e7u un message texte en route vers le terminal vers 09h00 nous informant d&rsquo;un retard d&rsquo;environ 2 h 30, mais cela n&rsquo;indiquait pas l&rsquo;ampleur du probl\u00e8me et ne nous dissuadait pas d&rsquo;entreprendre le voyage. \u00bb<\/p>\n<p>\u00ab \u00c0 notre arriv\u00e9e, nous avons \u00e9t\u00e9 bloqu\u00e9s dans la circulation pour acc\u00e9der au terminal pendant 45 minutes \u00e0 une heure. La pire partie \u00e9tait l&rsquo;\u00e9norme file d&rsquo;attente pour les toilettes. Le personnel escortait les personnes, quatre \u00e0 la fois, \u00e0 travers les voies r\u00e9serv\u00e9es aux camions jusqu&rsquo;aux toilettes. J&rsquo;ai fini par abandonner. \u00bb<\/p>\n<p>\u00ab L&rsquo;ensemble donne vraiment l&rsquo;impression d&rsquo;\u00eatre tr\u00e8s d\u00e9sorganis\u00e9. Le personnel ne semble pas savoir ce qui se passe. Nous obtenons plus d&rsquo;informations des sources d&rsquo;actualit\u00e9 en ligne que des gens sur le terrain. \u00bb<\/p>\n<p>La famille avait re\u00e7u des bons de boisson, des collations et un paquet de cartes pour divertir les enfants.<\/p>\n<p>\u00ab Ce qui est aga\u00e7ant, c&rsquo;est que nous pr\u00e9voyions de rester seulement trois nuits en Belgique. Avec ce retard, nous nous demandons d\u00e9sormais si cela en vaut la peine ? \u00bb<\/p>\n<\/div>\n","protected":false},"excerpt":{"rendered":"<p>Une panne d&rsquo;\u00e9lectricit\u00e9 dans le tunnel sous la Manche a provoqu\u00e9 d&rsquo;importantes perturbations Eurostar a annul\u00e9 tous ses services ferroviaires transmanche jusqu&rsquo;\u00e0 nouvel ordre en raison d&rsquo;une panne \u00e9lectrique dans le tunnel sous la Manche. Les voyageurs utilisant l&rsquo;Eurotunnel sont \u00e9galement touch\u00e9s et font face \u00e0 des retards, les services Le Shuttle \u00e9tant \u00e9galement affect\u00e9s. [&hellip;]<\/p>\n","protected":false},"author":1,"featured_media":722,"comment_status":"open","ping_status":"open","sticky":false,"template":"","format":"standard","meta":{"footnotes":""},"categories":[1],"tags":[981,270,980,983,269,982,268],"class_list":["post-721","post","type-post","status-publish","format-standard","has-post-thumbnail","hentry","category-non-classe","tag-delectricite","tag-manche","tag-panne","tag-perturbes","tag-sous","tag-trajets","tag-tunnel"],"_links":{"self":[{"href":"https:\/\/www.rachida-dati.eu\/actualites\/wp-json\/wp\/v2\/posts\/721","targetHints":{"allow":["GET"]}}],"collection":[{"href":"https:\/\/www.rachida-dati.eu\/actualites\/wp-json\/wp\/v2\/posts"}],"about":[{"href":"https:\/\/www.rachida-dati.eu\/actualites\/wp-json\/wp\/v2\/types\/post"}],"author":[{"embeddable":true,"href":"https:\/\/www.rachida-dati.eu\/actualites\/wp-json\/wp\/v2\/users\/1"}],"replies":[{"embeddable":true,"href":"https:\/\/www.rachida-dati.eu\/actualites\/wp-json\/wp\/v2\/comments?post=721"}],"version-history":[{"count":1,"href":"https:\/\/www.rachida-dati.eu\/actualites\/wp-json\/wp\/v2\/posts\/721\/revisions"}],"predecessor-version":[{"id":723,"href":"https:\/\/www.rachida-dati.eu\/actualites\/wp-json\/wp\/v2\/posts\/721\/revisions\/723"}],"wp:featuredmedia":[{"embeddable":true,"href":"https:\/\/www.rachida-dati.eu\/actualites\/wp-json\/wp\/v2\/media\/722"}],"wp:attachment":[{"href":"https:\/\/www.rachida-dati.eu\/actualites\/wp-json\/wp\/v2\/media?parent=721"}],"wp:term":[{"taxonomy":"category","embeddable":true,"href":"https:\/\/www.rachida-dati.eu\/actualites\/wp-json\/wp\/v2\/categories?post=721"},{"taxonomy":"post_tag","embeddable":true,"href":"https:\/\/www.rachida-dati.eu\/actualites\/wp-json\/wp\/v2\/tags?post=721"}],"curies":[{"name":"wp","href":"https:\/\/api.w.org\/{rel}","templated":true}]}}