{"id":724,"date":"2026-01-01T15:44:49","date_gmt":"2026-01-01T14:44:49","guid":{"rendered":"https:\/\/www.rachida-dati.eu\/actualites\/le-plan-grand-froid-de-la-france-et-ce-quil-fait\/"},"modified":"2026-01-01T15:44:49","modified_gmt":"2026-01-01T14:44:49","slug":"le-plan-grand-froid-de-la-france-et-ce-quil-fait","status":"publish","type":"post","link":"https:\/\/www.rachida-dati.eu\/actualites\/le-plan-grand-froid-de-la-france-et-ce-quil-fait\/","title":{"rendered":"Le plan Grand Froid de la France et ce qu&rsquo;il fait"},"content":{"rendered":"<div data-element-guid=\"7f7332a5-aca0-4fee-9990-ec700b171346\">\n<h2 class=\"subtitle \" style=\"\">Plusieurs d\u00e9partements, dont Paris, ont adopt\u00e9 des plans pour les temp\u00e9ratures froides<\/h2>\n<\/p>\n<\/div>\n<div data-element-guid=\"2cb2f9f1-5c40-4194-adfa-7c610020c249\">\n<p><!-- placeholder(#1) --><\/p>\n<p>Des dizaines de d\u00e9partements \u00e0 travers la France ont lanc\u00e9 des plans \u00ab Grand Froid \u00bb, alors que les temp\u00e9ratures nocturnes froides persistent.<\/p>\n<p>Il s&rsquo;agit de plans mis en place par les pr\u00e9fectures visant \u00e0 prot\u00e9ger les populations vuln\u00e9rables pendant les p\u00e9riodes plus froides.<\/p>\n<p>Ils ressemblent \u00e0 des <span data-lab-font_weight=\"font-weight-bold\" class=\"font-weight-bold m-font-weight-bold\">plans canicule estivale<\/span>, bien que les plans pour le froid mettent davantage l&rsquo;accent sur les personnes sans domicile fixe que sur les r\u00e9sidents \u00e2g\u00e9s.<\/p>\n<p>Pourtant, dans les deux cas, les experts avertissent que l&rsquo;impact de conditions m\u00e9t\u00e9orologiques extr\u00eames peut toucher tout le monde et, par temps froid, exhortent les populations \u00e0 \u00eatre conscientes des risques d&rsquo;hypothermie et d&rsquo;autres maladies.<\/p>\n<p>Comme pour les plans de canicule, des seuils doivent \u00eatre atteints \u2014 ou pr\u00e9vus pour \u00eatre atteints \u2014 pendant au moins deux jours avant que le dispositif ne soit mis en place, et les autorit\u00e9s locales d\u00e9cident du moment d&rsquo;adopter les plans.<\/p>\n<p>Le pr\u00e9visionniste d&rsquo;\u00c9tat, M\u00e9t\u00e9o France, informe les autorit\u00e9s locales des conditions attendues pour les jours \u00e0 venir, ce qui leur permet de prendre leurs d\u00e9cisions.<\/p>\n<p>Plus d\u00e9routant encore, M\u00e9t\u00e9o France \u00e9met ses propres avertissements \u00ab Grand froid \u00bb pour les d\u00e9partements confront\u00e9s \u00e0 des conditions froides.<\/p>\n<p>Ceux-ci diff\u00e8rent des plans d\u00e9partementaux portant le m\u00eame nom et se fondent sur les conditions froides de la journ\u00e9e donn\u00e9e.<\/p>\n<p>Ils co\u00efncident souvent avec les d\u00e9partements qui ont \u00e9mis des plans \u00ab Grand Froid \u00bb, mais ce n&rsquo;est pas toujours le cas \u2013 par exemple, Paris et la r\u00e9gion \u00cele-de-France ont \u00e9mis des plans \u00ab Grand Froid \u00bb pour prot\u00e9ger les r\u00e9sidents vuln\u00e9rables mais ne font pas face \u00e0 une alerte m\u00e9t\u00e9orologique de M\u00e9t\u00e9o France pour des conditions froides.<\/p>\n<h2>Des ressources accrues pour les sans-abri<\/h2>\n<p>Le syst\u00e8me est en place depuis 2008.<\/p>\n<p>Il existe trois niveaux de gravit\u00e9, bas\u00e9s \u00e0 la fois sur les temp\u00e9ratures diurnes et nocturnes.<\/p>\n<p>Les plans visent \u00e0 am\u00e9liorer la sensibilisation au froid et aux services associ\u00e9s afin d&rsquo;aider les personnes, et \u00e0 accro\u00eetre les ressources pour aider \u00e0 h\u00e9berger les personnes vuln\u00e8res telles que les sans-abri.<\/p>\n<p>Pour le premier objectif, des campagnes d&rsquo;information sur le risque li\u00e9 au froid sont lanc\u00e9es. Pour le second, un ensemble de mesures telles que la mobilisation des forces de l&rsquo;ordre pour localiser les sans-abri et l&rsquo;ouverture d&rsquo;h\u00e9bergements nocturnes sont mises en place.<\/p>\n<p>Des ressources suppl\u00e9mentaires sont \u00e9galement mobilis\u00e9es pour soutenir le num\u00e9ro d&rsquo;urgence \u00ab 115 \u00bb, destin\u00e9es \u00e0 aider les sans-abri en France.<\/p>\n<p>Le graphique ci-dessous fournit plus d&rsquo;informations.<\/p>\n<figure data-element-guid=\"ba514d9f-dde5-4665-ab38-c4bf76f18fa7\" data-zoomable=\"1\" class=\"column desktop-floatLeft mobile-floatLeft small-12 large-8 small-abs-12 large-abs-8\">\n<div class=\"content \" style=\"\">\n<div class=\"img fullwidthTarget\">\n            <picture><source  width=\"706\" height=\"982\" media=\"(min-width: 768px)\" type=\"image\/webp\"><source  width=\"706\" height=\"982\" media=\"(min-width: 768px)\" type=\"image\/jpeg\"><source  width=\"480\" height=\"668\" media=\"(max-width: 767px)\" type=\"image\/webp\"><source  width=\"480\" height=\"668\" media=\"(max-width: 767px)\" type=\"image\/jpeg\"><\/source><\/source><\/source><\/source><\/picture>\n                    <\/div>\n<\/p><\/div>\n<\/figure>\n<\/div>\n","protected":false},"excerpt":{"rendered":"<p>Plusieurs d\u00e9partements, dont Paris, ont adopt\u00e9 des plans pour les temp\u00e9ratures froides Des dizaines de d\u00e9partements \u00e0 travers la France ont lanc\u00e9 des plans \u00ab Grand Froid \u00bb, alors que les temp\u00e9ratures nocturnes froides persistent. Il s&rsquo;agit de plans mis en place par les pr\u00e9fectures visant \u00e0 prot\u00e9ger les populations vuln\u00e9rables pendant les p\u00e9riodes plus [&hellip;]<\/p>\n","protected":false},"author":1,"featured_media":725,"comment_status":"open","ping_status":"open","sticky":false,"template":"","format":"standard","meta":{"footnotes":""},"categories":[1],"tags":[581,37,354,984,578,985],"class_list":["post-724","post","type-post","status-publish","format-standard","has-post-thumbnail","hentry","category-non-classe","tag-fait","tag-france","tag-froid","tag-grand","tag-plan","tag-quil"],"_links":{"self":[{"href":"https:\/\/www.rachida-dati.eu\/actualites\/wp-json\/wp\/v2\/posts\/724","targetHints":{"allow":["GET"]}}],"collection":[{"href":"https:\/\/www.rachida-dati.eu\/actualites\/wp-json\/wp\/v2\/posts"}],"about":[{"href":"https:\/\/www.rachida-dati.eu\/actualites\/wp-json\/wp\/v2\/types\/post"}],"author":[{"embeddable":true,"href":"https:\/\/www.rachida-dati.eu\/actualites\/wp-json\/wp\/v2\/users\/1"}],"replies":[{"embeddable":true,"href":"https:\/\/www.rachida-dati.eu\/actualites\/wp-json\/wp\/v2\/comments?post=724"}],"version-history":[{"count":1,"href":"https:\/\/www.rachida-dati.eu\/actualites\/wp-json\/wp\/v2\/posts\/724\/revisions"}],"predecessor-version":[{"id":726,"href":"https:\/\/www.rachida-dati.eu\/actualites\/wp-json\/wp\/v2\/posts\/724\/revisions\/726"}],"wp:featuredmedia":[{"embeddable":true,"href":"https:\/\/www.rachida-dati.eu\/actualites\/wp-json\/wp\/v2\/media\/725"}],"wp:attachment":[{"href":"https:\/\/www.rachida-dati.eu\/actualites\/wp-json\/wp\/v2\/media?parent=724"}],"wp:term":[{"taxonomy":"category","embeddable":true,"href":"https:\/\/www.rachida-dati.eu\/actualites\/wp-json\/wp\/v2\/categories?post=724"},{"taxonomy":"post_tag","embeddable":true,"href":"https:\/\/www.rachida-dati.eu\/actualites\/wp-json\/wp\/v2\/tags?post=724"}],"curies":[{"name":"wp","href":"https:\/\/api.w.org\/{rel}","templated":true}]}}