{"id":730,"date":"2026-01-02T02:44:48","date_gmt":"2026-01-02T01:44:48","guid":{"rendered":"https:\/\/www.rachida-dati.eu\/actualites\/blockades-routieres-dagriculteurs-dans-le-sud-ouest-de-la-france-perturbent-lacces-aux-pyrenees\/"},"modified":"2026-01-02T02:44:49","modified_gmt":"2026-01-02T01:44:49","slug":"blockades-routieres-dagriculteurs-dans-le-sud-ouest-de-la-france-perturbent-lacces-aux-pyrenees","status":"publish","type":"post","link":"https:\/\/www.rachida-dati.eu\/actualites\/blockades-routieres-dagriculteurs-dans-le-sud-ouest-de-la-france-perturbent-lacces-aux-pyrenees\/","title":{"rendered":"Blockades routi\u00e8res d&rsquo;agriculteurs dans le sud-ouest de la France perturbent l&rsquo;acc\u00e8s aux Pyr\u00e9n\u00e9es"},"content":{"rendered":"<div data-element-guid=\"7f7332a5-aca0-4fee-9990-ec700b171346\">\n<h2 class=\"subtitle \" style=\"\">Nouvelle action de protestation au tunnel de Foix et impact sur les trajets vers les Pyr\u00e9n\u00e9es, action de janvier annonc\u00e9e au port de Cherbourg<\/h2>\n<\/p>\n<\/div>\n<div data-element-guid=\"b8142f8a-1ae8-4c75-9deb-f5570f5c5846\">\n<p><!-- placeholder(#1) --><\/p>\n<p>Un petit nombre de blocages routiers op\u00e9r\u00e9s par des agriculteurs semble devoir perdurer jusqu&rsquo;au Nouvel An dans le sud-ouest de la France, avec un nouveau blocage surprise mis en place hier (29 d\u00e9cembre).<\/p>\n<p>Un important blocage sur l&rsquo;A64 demeure en place entre Toulouse et Tarbes, sur l&rsquo;A75 et plusieurs routes d\u00e9partementales plus petites dans la Haute-Garonne, l&rsquo;Ari\u00e8ge, l&rsquo;Aveyron et le Gers \u00e9tant \u00e9galement touch\u00e9es. <\/p>\n<p>Le nouveau blocage se situe au tunnel de Foix sur la RN20 (Ari\u00e8ge), impactant les trajets en direction des Pyr\u00e9n\u00e9es. Il affecte l\u2019entr\u00e9e sud du tunnel et des d\u00e9viations auraient \u00e9t\u00e9 mises en place.<\/p>\n<p>Des conseils pour trouver des donn\u00e9es en temps r\u00e9el sur les blocages routiers pr\u00e8s de chez vous sont disponibles dans notre article <span data-lab-font_weight=\"font-weight-bold\" class=\"font-weight-bold m-font-weight-bold\">ici<\/span>.<\/p>\n<p>Environ une douzaine d\u2019agriculteurs participent \u00e0 ce nouveau blocage, que les syndicats locaux ont d\u00e9clar\u00e9 \u00eatre en place \u00ab pour une dur\u00e9e ind\u00e9termin\u00e9e \u00bb.\u00a0<\/p>\n<p>L\u2019action surprise renforce le pouvoir des agriculteurs \u00e0 surprendre, car ils ne d\u00e9posent pas de motions de gr\u00e8ve autour des blocages et peuvent prendre les conducteurs et les \u00e9lus locaux au d\u00e9pourvu.<\/p>\n<p>Une autre action a vu des agriculteurs pr\u00e9lever de la neige dans les stations de ski des Pyr\u00e9n\u00e9es et la empiler devant les pr\u00e9fectures d\u00e9partementales, et samedi soir les tensions avaient \u00e9clat\u00e9 \u00e0 la suite de l\u2019arrestation d\u2019un agriculteur \u00e0 l\u2019arme \u00e0 feu dans le Gers.<\/p>\n<p>Des agriculteurs en Normandie ont annonc\u00e9 leur intention de bloquer de mani\u00e8re majeure le port de Cherbourg, l\u2019A84 et le Pont de Normandie sur la Seine \u00e0 partir du 5 janvier 2026, sugg\u00e9rant qu\u2019une action majeure au d\u00e9but de l\u2019ann\u00e9e prochaine est possible dans plusieurs r\u00e9gions et pas seulement dans le sud-ouest.<\/p>\n<p>Bien que le niveau exact de perturbation ne soit pas encore clair, les blocages pr\u00e9c\u00e9dents du port par les agriculteurs les avaient amen\u00e9s \u00e0 cibler les marchandises import\u00e9es plut\u00f4t que les ferries-passagers, soulignant l\u2019entr\u00e9e en France de viande et de produits laitiers mal \u00e9tiquet\u00e9s.<\/p>\n<h2>Aucune perspective d\u2019arr\u00eat des protestations<\/h2>\n<p>Les agriculteurs de la r\u00e9gion continuent de protester contre le traitement des troupeaux de vaches en relation avec la maladie de la peau bossel\u00e9e, en particulier en ce qui concerne les ordres d\u2019abattage plus importants pour les troupeaux infect\u00e9s.<\/p>\n<p>Les grandes unions agricoles ont appel\u00e9 \u00e0 une \u00ab tr\u00eave de No\u00ebl \u00bb qui a vu la lev\u00e9e de la plupart des grandes blocages, bien que certaines sections locales aient choisi de maintenir les protestations.<\/p>\n<p>Les syndicats devraient se r\u00e9unir dans les prochains jours pour organiser leurs prochaines \u00e9tapes, qui pourraient inclure d\u2019autres actions.<\/p>\n<p>Les r\u00e9centes protestations dans le secteur \u2013 \u00e0 l\u2019origine dans le sud-ouest mais qui se sont \u00e9tendues \u00e0 une grande partie du pays avant la tr\u00eave des f\u00eates \u2013 ont \u00e9t\u00e9 caus\u00e9es par deux facteurs principaux.<\/p>\n<p>Premi\u00e8rement, le traitement des vaches touch\u00e9es par la maladie de la peau bossel\u00e9e, qui a d\u00e9clench\u00e9 la premi\u00e8re action dans le cadre de la s\u00e9rie de protestations au d\u00e9but d\u00e9cembre.<\/p>\n<p>Malgr\u00e9 plusieurs concessions du gouvernement, les agriculteurs poursuivent leurs protestations, soutenant que les exigences d\u2019abattage pour les troupeaux infect\u00e9s restent trop s\u00e9v\u00e8res.<\/p>\n<p>Les agriculteurs affirment que seules les vaches directement infect\u00e9es par la maladie, ou un tr\u00e8s petit nombre d\u2019un troupeau, devraient \u00eatre abattues, et que l\u2019abattage d\u2019une plus grande partie d\u2019un troupeau en cas d\u2019un seul cas est trop lourd tant sur le plan \u00e9conomique qu\u2019\u00e9motionnel.<\/p>\n<p>Le gouvernement a vaccin\u00e9 plus de la moiti\u00e9 des troupeaux bovins dans le sud-ouest et cherche \u00e0 am\u00e9liorer la couverture vaccinale dans les prochains jours.<\/p>\n<p>Deuxi\u00e8mement, les agriculteurs ont utilis\u00e9 les protestations pour mettre en \u00e9vidence leur opposition au controvers\u00e9 accord commercial UE-Mercosur avec les pays d\u2019Am\u00e9rique du Sud.<\/p>\n<p>L\u2019accord est dans ses derni\u00e8res \u00e9tapes, et un vote cl\u00e9 pr\u00e9vu pour la mi-d\u00e9cembre a \u00e9t\u00e9 report\u00e9 \u00e0 janvier.<\/p>\n<p>Alors que les syndicats n\u2019ont pas encore officiellement annonc\u00e9 leurs plans futurs en mati\u00e8re de gr\u00e8ves et de manifestations, on s\u2019attend \u00e0 ce qu\u2019ils exercent des pressions par des actions telles que des blocages, des convois routiers et des protestations devant des b\u00e2timents gouvernementaux autour du moment du vote.<\/p>\n<p>Bien que certaines concessions de derni\u00e8re minute aient \u00e9t\u00e9 ajout\u00e9es \u00e0 l\u2019accord pour les agriculteurs europ\u00e9ens, les syndicats agricoles fran\u00e7ais d\u00e9clarent qu\u2019ils n\u2019accepteront qu\u2019une annulation totale de l\u2019accord.<\/p>\n<\/div>\n","protected":false},"excerpt":{"rendered":"<p>Nouvelle action de protestation au tunnel de Foix et impact sur les trajets vers les Pyr\u00e9n\u00e9es, action de janvier annonc\u00e9e au port de Cherbourg Un petit nombre de blocages routiers op\u00e9r\u00e9s par des agriculteurs semble devoir perdurer jusqu&rsquo;au Nouvel An dans le sud-ouest de la France, avec un nouveau blocage surprise mis en place hier [&hellip;]<\/p>\n","protected":false},"author":1,"featured_media":575,"comment_status":"open","ping_status":"open","sticky":false,"template":"","format":"standard","meta":{"footnotes":""},"categories":[1],"tags":[75,986,463,50,37,989,988,990,987,237],"class_list":["post-730","post","type-post","status-publish","format-standard","has-post-thumbnail","hentry","category-non-classe","tag-aux","tag-blockades","tag-dagriculteurs","tag-dans","tag-france","tag-lacces","tag-perturbent","tag-pyrenees","tag-routieres","tag-sudouest"],"_links":{"self":[{"href":"https:\/\/www.rachida-dati.eu\/actualites\/wp-json\/wp\/v2\/posts\/730","targetHints":{"allow":["GET"]}}],"collection":[{"href":"https:\/\/www.rachida-dati.eu\/actualites\/wp-json\/wp\/v2\/posts"}],"about":[{"href":"https:\/\/www.rachida-dati.eu\/actualites\/wp-json\/wp\/v2\/types\/post"}],"author":[{"embeddable":true,"href":"https:\/\/www.rachida-dati.eu\/actualites\/wp-json\/wp\/v2\/users\/1"}],"replies":[{"embeddable":true,"href":"https:\/\/www.rachida-dati.eu\/actualites\/wp-json\/wp\/v2\/comments?post=730"}],"version-history":[{"count":1,"href":"https:\/\/www.rachida-dati.eu\/actualites\/wp-json\/wp\/v2\/posts\/730\/revisions"}],"predecessor-version":[{"id":731,"href":"https:\/\/www.rachida-dati.eu\/actualites\/wp-json\/wp\/v2\/posts\/730\/revisions\/731"}],"wp:featuredmedia":[{"embeddable":true,"href":"https:\/\/www.rachida-dati.eu\/actualites\/wp-json\/wp\/v2\/media\/575"}],"wp:attachment":[{"href":"https:\/\/www.rachida-dati.eu\/actualites\/wp-json\/wp\/v2\/media?parent=730"}],"wp:term":[{"taxonomy":"category","embeddable":true,"href":"https:\/\/www.rachida-dati.eu\/actualites\/wp-json\/wp\/v2\/categories?post=730"},{"taxonomy":"post_tag","embeddable":true,"href":"https:\/\/www.rachida-dati.eu\/actualites\/wp-json\/wp\/v2\/tags?post=730"}],"curies":[{"name":"wp","href":"https:\/\/api.w.org\/{rel}","templated":true}]}}