{"id":732,"date":"2026-01-02T07:49:54","date_gmt":"2026-01-02T06:49:54","guid":{"rendered":"https:\/\/www.rachida-dati.eu\/actualites\/pas-encore-de-detection-du-telephone-et-de-la-ceinture-de-securite\/"},"modified":"2026-01-02T07:49:54","modified_gmt":"2026-01-02T06:49:54","slug":"pas-encore-de-detection-du-telephone-et-de-la-ceinture-de-securite","status":"publish","type":"post","link":"https:\/\/www.rachida-dati.eu\/actualites\/pas-encore-de-detection-du-telephone-et-de-la-ceinture-de-securite\/","title":{"rendered":"Pas encore de d\u00e9tection du t\u00e9l\u00e9phone et de la ceinture de s\u00e9curit\u00e9"},"content":{"rendered":"<div id=\"main\">\n<div data-element-guid=\"7f7332a5-aca0-4fee-9990-ec700b171346\" class=\"articleHeader column hasCaption\">\n<h2 class=\"subtitle \" style=\"\">Des rapports r\u00e9cents dans les m\u00e9dias fran\u00e7ais affirment que les syst\u00e8mes peuvent identifier ces infractions<\/h2>\n<\/p>\n<\/div>\n<div data-element-guid=\"5ba4d0ac-104f-44cf-8282-542b61dac587\" class=\"bodytext large-12 small-12 medium-12\">\n<p><!-- placeholder(#1) --><\/p>\n<p>Contrairement \u00e0 des rapports r\u00e9cents dans les m\u00e9dias fran\u00e7ais, tenir un t\u00e9l\u00e9phone en conduisant ou ne pas attacher sa ceinture de s\u00e9curit\u00e9 ne seront pas enregistr\u00e9s par les radars de vitesse \u00e0 partir de 2026. Aucun syst\u00e8me de cam\u00e9ras capable de d\u00e9tecter ces infractions n&rsquo;a encore \u00e9t\u00e9 officiellement approuv\u00e9.<\/p>\n<p>Plusieurs articles, fond\u00e9s sur des pr\u00e9visions contenues dans un rapport annex\u00e9 au budget de 2025, affirmaient que des cam\u00e9ras d\u00e9tecteraient bient\u00f4t les appels t\u00e9l\u00e9phoniques au volant, le non-respect des distances d&rsquo;arr\u00eat s\u00fbres, ou le non-port de la ceinture.<\/p>\n<p>Il ajoutait : \u00ab Il est possible de r\u00e9percuter de nouvelles infractions sur le plan l\u00e9gal, mais l&rsquo;\u00e9quipement est encore \u00e0 l&rsquo;\u00e9tude. \u00bb<\/p>\n<p>Aucun plan pr\u00e9cis concernant le d\u00e9ploiement de telles cam\u00e9ras n&rsquo;a \u00e9t\u00e9 mentionn\u00e9 dans les rapports annex\u00e9s au budget 2026.<\/p>\n<p>Une utilisation limit\u00e9e est d\u00e9j\u00e0 faite de cam\u00e9ras \u00e9quip\u00e9es pour rep\u00e9rer les conducteurs isol\u00e9s dans les voies de covoiturage \u2013 celles marqu\u00e9es d&rsquo;un losange \u2013 qui ont commenc\u00e9 \u00e0 appara\u00eetre dans quelques villes.<\/p>\n<p>Le porte-parole de S\u00e9curit\u00e9 Routi\u00e8re a \u00e9galement confirm\u00e9 des informations de la presse automobile selon lesquelles :<\/p>\n<p>\u00ab Nous r\u00e9fl\u00e9chissons \u00e0 l&rsquo;id\u00e9e d&rsquo;\u00e9quiper certains radars d&rsquo;un m\u00e9canisme d&rsquo;\u00e9clairage clignotant. \u00bb<\/p>\n<p>Ce syst\u00e8me serait jug\u00e9 comme \u00e9tant plus \u00ab \u00e9ducatif \u00bb que l&rsquo;installation actuelle, dans laquelle les conducteurs ne se doutent souvent pas d&rsquo;\u00eatre flash\u00e9s par les cam\u00e9ras infrarouges discr\u00e8tes d&rsquo;aujourd&rsquo;hui.<\/p>\n<p>Les autorit\u00e9s pr\u00e9voient que le nombre de cam\u00e9ras de vitesse \u00ab op\u00e9rationnelles et visibles \u00bb atteindra 4 200 en France d&rsquo;ici la fin de 2026. L&rsquo;ann\u00e9e devrait \u00e9galement voir l&rsquo;installation des premi\u00e8res cam\u00e9ras sous les nouveaux pouvoirs d\u00e9centralis\u00e9s des conseils, ce qui pourrait aboutir \u00e0 jusqu&rsquo;\u00e0 5 000 nouveaux radars locaux d&rsquo;ici 2035.<\/p>\n<\/div><\/div>\n","protected":false},"excerpt":{"rendered":"<p>Des rapports r\u00e9cents dans les m\u00e9dias fran\u00e7ais affirment que les syst\u00e8mes peuvent identifier ces infractions Contrairement \u00e0 des rapports r\u00e9cents dans les m\u00e9dias fran\u00e7ais, tenir un t\u00e9l\u00e9phone en conduisant ou ne pas attacher sa ceinture de s\u00e9curit\u00e9 ne seront pas enregistr\u00e9s par les radars de vitesse \u00e0 partir de 2026. Aucun syst\u00e8me de cam\u00e9ras capable [&hellip;]<\/p>\n","protected":false},"author":1,"featured_media":733,"comment_status":"open","ping_status":"open","sticky":false,"template":"","format":"standard","meta":{"footnotes":""},"categories":[1],"tags":[993,991,575,678,398,992],"class_list":["post-732","post","type-post","status-publish","format-standard","has-post-thumbnail","hentry","category-non-classe","tag-ceinture","tag-detection","tag-encore","tag-pas","tag-securite","tag-telephone"],"_links":{"self":[{"href":"https:\/\/www.rachida-dati.eu\/actualites\/wp-json\/wp\/v2\/posts\/732","targetHints":{"allow":["GET"]}}],"collection":[{"href":"https:\/\/www.rachida-dati.eu\/actualites\/wp-json\/wp\/v2\/posts"}],"about":[{"href":"https:\/\/www.rachida-dati.eu\/actualites\/wp-json\/wp\/v2\/types\/post"}],"author":[{"embeddable":true,"href":"https:\/\/www.rachida-dati.eu\/actualites\/wp-json\/wp\/v2\/users\/1"}],"replies":[{"embeddable":true,"href":"https:\/\/www.rachida-dati.eu\/actualites\/wp-json\/wp\/v2\/comments?post=732"}],"version-history":[{"count":1,"href":"https:\/\/www.rachida-dati.eu\/actualites\/wp-json\/wp\/v2\/posts\/732\/revisions"}],"predecessor-version":[{"id":734,"href":"https:\/\/www.rachida-dati.eu\/actualites\/wp-json\/wp\/v2\/posts\/732\/revisions\/734"}],"wp:featuredmedia":[{"embeddable":true,"href":"https:\/\/www.rachida-dati.eu\/actualites\/wp-json\/wp\/v2\/media\/733"}],"wp:attachment":[{"href":"https:\/\/www.rachida-dati.eu\/actualites\/wp-json\/wp\/v2\/media?parent=732"}],"wp:term":[{"taxonomy":"category","embeddable":true,"href":"https:\/\/www.rachida-dati.eu\/actualites\/wp-json\/wp\/v2\/categories?post=732"},{"taxonomy":"post_tag","embeddable":true,"href":"https:\/\/www.rachida-dati.eu\/actualites\/wp-json\/wp\/v2\/tags?post=732"}],"curies":[{"name":"wp","href":"https:\/\/api.w.org\/{rel}","templated":true}]}}