{"id":735,"date":"2026-01-02T13:45:12","date_gmt":"2026-01-02T12:45:12","guid":{"rendered":"https:\/\/www.rachida-dati.eu\/actualites\/ce-que-les-residents-etrangers-doivent-savoir\/"},"modified":"2026-01-02T13:45:12","modified_gmt":"2026-01-02T12:45:12","slug":"ce-que-les-residents-etrangers-doivent-savoir","status":"publish","type":"post","link":"https:\/\/www.rachida-dati.eu\/actualites\/ce-que-les-residents-etrangers-doivent-savoir\/","title":{"rendered":"Ce que les r\u00e9sidents \u00e9trangers doivent savoir"},"content":{"rendered":"<div data-element-guid=\"7f7332a5-aca0-4fee-9990-ec700b171346\">\n<h2 class=\"subtitle \" style=\"\">Des changements comprennent une nouvelle redevance minimale pour certains r\u00e9sidents \u00e9trangers et le d\u00e9veloppement du r\u00e9seau de centres de sant\u00e9 France Sant\u00e9<\/h2>\n<\/p>\n<\/div>\n<div data-element-guid=\"55d32e9c-d047-4811-bbb4-3fd54b2c58c4\">\n<p><!-- placeholder(#1) --><\/p>\n<p>La nouvelle ann\u00e9e apporte un ensemble de changements dans le syst\u00e8me de sant\u00e9 en France, avec l\u2019introduction d\u2019une redevance minimale pour certains r\u00e9sidents \u00e9trangers vivant en France et utilisant le syst\u00e8me de sant\u00e9 sans y avoir contribu\u00e9, notamment ceux qui ne paient pas les charges sociales fran\u00e7aises parce qu\u2019ils b\u00e9n\u00e9ficient d\u2019exemptions en vertu de conventions fiscales bilat\u00e9rales.<\/p>\n<h3>Nouvelle redevance pour les \u00e9trangers<\/h3>\n<p>La mesure, ajout\u00e9e \u00e0 titre d\u2019amendement \u00e0 la loi de finances de la s\u00e9curit\u00e9 sociale 2026, vise notamment les personnes titulaires d\u2019un visa de \u00ab visiteur \u00bb ou d\u2019une carte de r\u00e9sident.<\/p>\n<p>Elle s\u2019applique aux personnes r\u00e9sidant en France qui ne travaillent pas et qui ne paient pas les principales charges sociales (CSG ou CRDS) parce qu\u2019elles en sont exempt\u00e9es en vertu d\u2019un accord international, comme une convention fiscale bilat\u00e9rale.<\/p>\n<p>La loi pr\u00e9cise que la redevance serait due sur une base p\u00e9riodique. Si elle n\u2019est pas pay\u00e9e dans les d\u00e9lais pr\u00e9vus, l\u2019organisme local d\u2019assurance maladie (CPAM) r\u00e9examinera la situation de l\u2019individu et l\u2019informera que ses droits \u00e0 la couverture maladie pourraient \u00eatre suspendus.<\/p>\n<p>Le texte indique \u00e9galement que l\u2019obligation de payer doit \u00ab prendre en compte les conventions internationales et les r\u00e8glements europ\u00e9ens \u00bb.\u00a0<\/p>\n<p>Cela sugg\u00e8re fortement que les titulaires de formulaires S1 \u2014 y compris les retrait\u00e9s britanniques et europ\u00e9ens dont les frais de sant\u00e9 sont couverts par un autre \u00c9tat \u2014 seraient exempt\u00e9s. D\u2019autres exemptions peuvent \u00e9galement s\u2019appliquer lorsque les soins de sant\u00e9 sont d\u00e9montr\u00e9ment financ\u00e9s par un autre pays.<\/p>\n<p>Le montant de la nouvelle redevance n\u2019a pas encore \u00e9t\u00e9 fix\u00e9. Elle ne s\u2019appliquera pas aux personnes qui paient d\u00e9j\u00e0 l\u2019actuelle \u00ab taxe Puma \u00bb, qui vise les personnes ayant des revenus passifs importants tels que les revenus de placement ou les revenus locatifs.<\/p>\n<p>Les personnes les plus susceptibles d\u2019\u00eatre touch\u00e9es comprennent le groupe cit\u00e9 initialement par l\u2019auteur de l\u2019amendement : des retrait\u00e9s am\u00e9ricains titulaires de cartes de s\u00e9jour visiteur d\u2019un an renouvelables, dont les pensions am\u00e9ricaines sont exemptes des charges sociales fran\u00e7aises en vertu de la convention fiscale entre les \u00c9tats-Unis et la France.<\/p>\n<p>La r\u00e9daction plus g\u00e9n\u00e9rale pourrait \u00e9galement englober d\u2019autres cas, tels que les retrait\u00e9s du gouvernement britannique en-de\u00e7\u00e0 de l\u2019\u00e2ge de la retraite qui ne sont pas encore \u00e9ligibles au formulaire S1 et qui ne paient pas les charges sociales fran\u00e7aises sur leurs pensions en raison de la convention fiscale entre le Royaume\u2011Uni et la France.<\/p>\n<h3>France Sant\u00e9<\/h3>\n<p>Un label France Sant\u00e9 pour les centres de sant\u00e9 r\u00e9pondant \u00e0 certains crit\u00e8res de qualit\u00e9 sera d\u00e9ploy\u00e9 dans davantage de lieux en France, dans l\u2019objectif d\u2019en compter 2 000 d\u2019ici l\u2019\u00e9t\u00e9 2026 et 5 000 d\u2019ici 2027, selon le Premier ministre.<\/p>\n<p>L\u2019objectif est d\u2019avoir au moins une telle structure \u00e0 moins de 30 minutes du domicile de chacun et de pouvoir obtenir un rendez-vous chez un m\u00e9decin dans un d\u00e9lai de 48 heures.<\/p>\n<p>Chaque structure France Sant\u00e9 (dont beaucoup seront des centres de sant\u00e9 pluridisciplinaires existants) doit compter au moins un m\u00e9decin et une infirmi\u00e8re, proposer des rendez-vous aux tarifs standard de l\u2019\u00c9tat sans frais suppl\u00e9mentaires et \u00eatre ouverte au moins cinq jours par semaine.<\/p>\n<h3>Hausse des tarifs pour les rendez-vous chez certains sp\u00e9cialistes<\/h3>\n<p>Les tarifs des rendez-vous chez certains sp\u00e9cialistes, notamment les gyn\u00e9cologues, les psychiatres et les p\u00e9diatres, augmenteront \u00e0 partir du 1er janvier 2026.<\/p>\n<p>Initialement pr\u00e9vus pour \u00eatre introduits en juillet 2025, ils ont \u00e9t\u00e9 report\u00e9s.<\/p>\n<p>Les hausses tarifaires concernent les sp\u00e9cialistes du secteur 1 et ceux du secteur 2 affili\u00e9s au dispositif OPTAM, les taux de remboursement (g\u00e9n\u00e9ralement 70 %) par l\u2019Assurance Maladie restant inchang\u00e9s.<\/p>\n<h3>Aide au handicap<\/h3>\n<p>Des am\u00e9liorations sont promises pour simplifier la vie des personnes handicap\u00e9es, notamment une rencontre en personne \u00e0 la Maison D\u00e9partementale des Personnes Handicap\u00e9es pour toute personne d\u00e9posant une premi\u00e8re demande d\u2019allocation pour handicap, afin d\u2019expliquer ses droits et d\u2019aider \u00e0 constituer les dossiers.<\/p>\n<p>Les familles ayant des enfants handicap\u00e9s dont l\u2019\u00e9tat n\u2019est pas attendu pour s\u2019am\u00e9liorer ne seront plus oblig\u00e9es de renouveler leur demande d\u2019allocation d\u2019\u00e9ducation de l\u2019enfant handicap\u00e9 (AEEH) tous les deux ou trois ans.<\/p>\n<p>De m\u00eame, les aides financi\u00e8res suppl\u00e9mentaires ou les am\u00e9nagements offerts aux enfants en milieu scolaire seront tous attribu\u00e9s pour une p\u00e9riode scolaire compl\u00e8te (maternelle, primaire, coll\u00e8ge, lyc\u00e9e).<\/p>\n<p>Toutes les prestations li\u00e9es au handicap d\u2019une personne auront les m\u00eames dates de d\u00e9but et de renouvellement. Les prestations se poursuivront, m\u00eame apr\u00e8s la fin d\u2019une p\u00e9riode d\u2019attribution, si une demande de renouvellement a \u00e9t\u00e9 d\u00e9pos\u00e9e \u00e0 temps mais que le traitement est long.<\/p>\n<p>La transition vers la retraite est annonc\u00e9e comme fluide, sans rupture de revenu lors du passage de l\u2019allocation adulte handicap\u00e9 (AAH) \u2014 principale pour les personnes en \u00e2ge de travailler \u2014 \u00e0 une pension de retraite et\/ou \u00e0 la majoration ASPA.<\/p>\n<h3>Autres changements<\/h3>\n<p>Les certificats m\u00e9dicaux limiteront la dur\u00e9e du cong\u00e9 maladie. Le premier certificat \u00e9crit par un m\u00e9decin peut accorder au maximum un mois d\u2019arr\u00eat avant qu\u2019un nouveau certificat ne soit n\u00e9cessaire. Les certificats suivants pour le m\u00eame probl\u00e8me peuvent autoriser jusqu\u2019\u00e0 deux mois d\u2019arr\u00eat maladie avant d\u2019\u00eatre renouvel\u00e9s.<\/p>\n<p>Un plus grand nombre de personnes devrait num\u00e9riser leur carte Vitale en 2026, ce qui, fin 2025, peut d\u00e9j\u00e0 \u00eatre fait en t\u00e9l\u00e9chargeant une application nomm\u00e9e simplement \u00ab carte Vitale \u00bb.<\/p>\n<p>La Mutualit\u00e9 fran\u00e7aise, qui repr\u00e9sente les assureurs compl\u00e9mentaires, estime que les primes augmenteront de 4,3 % pour les assurances individuelles et de 4,7 % pour les assurances collectives (par exemple en milieu professionnel) en 2026.<\/p>\n<p>Un d\u00e9cret est attendu pour fixer une concentration maximale de nicotine dans les produits de tabac et de vapotage et pour interdire certains ar\u00f4mes de la vape, qui seraient susceptibles d\u2019encourager les jeunes \u00e0 les utiliser.<\/p>\n<p>\u00c0 partir du 1er janvier, les m\u00e9decins g\u00e9n\u00e9ralistes pourront proposer une nouvelle \u00ab longue consultation \u00bb \u00e0 60 \u20ac pour les patients de plus de 80 ans, une fois par an, afin d\u2019accomplir certaines t\u00e2ches chronophages.<\/p>\n<p>Celles-ci pourraient inclure une r\u00e9vision des m\u00e9dicaments, une aide au remplissage d\u2019un formulaire n\u00e9cessitant une contribution m\u00e9dicale (par exemple pour l\u2019allocation personnalis\u00e9e d\u2019autonomie, APA), ou pour r\u00e9\u00e9valuer la situation apr\u00e8s une hospitalisation.<\/p>\n<\/div>\n","protected":false},"excerpt":{"rendered":"<p>Des changements comprennent une nouvelle redevance minimale pour certains r\u00e9sidents \u00e9trangers et le d\u00e9veloppement du r\u00e9seau de centres de sant\u00e9 France Sant\u00e9 La nouvelle ann\u00e9e apporte un ensemble de changements dans le syst\u00e8me de sant\u00e9 en France, avec l\u2019introduction d\u2019une redevance minimale pour certains r\u00e9sidents \u00e9trangers vivant en France et utilisant le syst\u00e8me de sant\u00e9 [&hellip;]<\/p>\n","protected":false},"author":1,"featured_media":736,"comment_status":"open","ping_status":"open","sticky":false,"template":"","format":"standard","meta":{"footnotes":""},"categories":[1],"tags":[443,568,35,418,261],"class_list":["post-735","post","type-post","status-publish","format-standard","has-post-thumbnail","hentry","category-non-classe","tag-doivent","tag-etrangers","tag-les","tag-residents","tag-savoir"],"_links":{"self":[{"href":"https:\/\/www.rachida-dati.eu\/actualites\/wp-json\/wp\/v2\/posts\/735","targetHints":{"allow":["GET"]}}],"collection":[{"href":"https:\/\/www.rachida-dati.eu\/actualites\/wp-json\/wp\/v2\/posts"}],"about":[{"href":"https:\/\/www.rachida-dati.eu\/actualites\/wp-json\/wp\/v2\/types\/post"}],"author":[{"embeddable":true,"href":"https:\/\/www.rachida-dati.eu\/actualites\/wp-json\/wp\/v2\/users\/1"}],"replies":[{"embeddable":true,"href":"https:\/\/www.rachida-dati.eu\/actualites\/wp-json\/wp\/v2\/comments?post=735"}],"version-history":[{"count":1,"href":"https:\/\/www.rachida-dati.eu\/actualites\/wp-json\/wp\/v2\/posts\/735\/revisions"}],"predecessor-version":[{"id":737,"href":"https:\/\/www.rachida-dati.eu\/actualites\/wp-json\/wp\/v2\/posts\/735\/revisions\/737"}],"wp:featuredmedia":[{"embeddable":true,"href":"https:\/\/www.rachida-dati.eu\/actualites\/wp-json\/wp\/v2\/media\/736"}],"wp:attachment":[{"href":"https:\/\/www.rachida-dati.eu\/actualites\/wp-json\/wp\/v2\/media?parent=735"}],"wp:term":[{"taxonomy":"category","embeddable":true,"href":"https:\/\/www.rachida-dati.eu\/actualites\/wp-json\/wp\/v2\/categories?post=735"},{"taxonomy":"post_tag","embeddable":true,"href":"https:\/\/www.rachida-dati.eu\/actualites\/wp-json\/wp\/v2\/tags?post=735"}],"curies":[{"name":"wp","href":"https:\/\/api.w.org\/{rel}","templated":true}]}}