{"id":738,"date":"2026-01-02T18:45:34","date_gmt":"2026-01-02T17:45:34","guid":{"rendered":"https:\/\/www.rachida-dati.eu\/actualites\/greve-deasyjet-france-le-1er-janvier-perturbations-de-voyage-prevues\/"},"modified":"2026-01-02T18:45:34","modified_gmt":"2026-01-02T17:45:34","slug":"greve-deasyjet-france-le-1er-janvier-perturbations-de-voyage-prevues","status":"publish","type":"post","link":"https:\/\/www.rachida-dati.eu\/actualites\/greve-deasyjet-france-le-1er-janvier-perturbations-de-voyage-prevues\/","title":{"rendered":"Gr\u00e8ve d\u2019EasyJet France le 1er janvier : perturbations de voyage pr\u00e9vues"},"content":{"rendered":"<div data-element-guid=\"7f7332a5-aca0-4fee-9990-ec700b171346\">\n<h2 class=\"subtitle \" style=\"\">Le syndicat minoritaire du personnel de cabine appelle \u00e0 une journ\u00e9e de gr\u00e8ve en raison de probl\u00e8mes de planification<\/h2>\n<\/p>\n<\/div>\n<div data-element-guid=\"280ee0c3-4c94-4619-be36-2d5fd0fcc829\">\n<p class=\"font-weight-bold m-font-weight-bold\" data-lab-font_weight=\"font-weight-bold\">Mise \u00e0 jour \u00e0 16h00 le 31 d\u00e9cembre : easyJet a publi\u00e9 un communiqu\u00e9 indiquant : \u00ab Nous pr\u00e9voyons de maintenir l\u2019int\u00e9gralit\u00e9 de notre programme de vols le 31 d\u00e9cembre et d\u2019assurer la majorit\u00e9 de nos vols vers et depuis la France le 1er janvier. \u00bb<\/p>\n<p class=\"font-weight-bold m-font-weight-bold\" data-lab-font_weight=\"font-weight-bold\">\u00ab Les passagers pr\u00e9vus de voyager le 1er janvier dont les vols sont touch\u00e9s par la gr\u00e8ve ont \u00e9t\u00e9 contact\u00e9s par SMS et par e-mail et se voient proposer des options, notamment un remboursement ou un transfert gratuit pour reprogrammer leur vol. \u00bb<\/p>\n<p class=\"font-weight-bold m-font-weight-bold\" data-lab-font_weight=\"font-weight-bold\">Les passagers qui n\u2019ont pas \u00e9t\u00e9 contact\u00e9s sont toujours invit\u00e9s \u00e0 v\u00e9rifier r\u00e9guli\u00e8rement les mises \u00e0 jour en cas de perturbations.<\/p>\n<p><!-- placeholder(#1) --><\/p>\n<p>Une gr\u00e8ve du personnel de cabine d\u2019easyJet bas\u00e9 en France est susceptible de perturber les voyages du Nouvel An, tandis qu\u2019un syndicat appelle \u00e0 \u00ab z\u00e9ro d\u00e9collage \u00bb le 1er janvier 2026.\u00a0<\/p>\n<p>Une motion de gr\u00e8ve d\u2019une journ\u00e9e pour le Jour de l\u2019An a \u00e9t\u00e9 d\u00e9pos\u00e9e par l\u2019UNAC, un syndicat minoritaire repr\u00e9sentant le personnel de cabine fran\u00e7ais, apr\u00e8s que les n\u00e9gociations annuelles obligatoires entre le groupe et la direction d\u2019easyJet ont \u00e9chou\u00e9.<\/p>\n<p>Le syndicat met en avant un syst\u00e8me de planification instable qui a des r\u00e9percussions sur l\u2019ensemble de la compagnie.<\/p>\n<p>Bien que l\u2019UNAC ne soit pas le syndicat majeur dans le secteur, on s\u2019attend \u00e0 des perturbations dans les a\u00e9roports fran\u00e7ais, y compris les six bases principales du transporteur \u00e0 Paris Orly, Paris-Charles de Gaulle, Nice, Bordeaux, Lyon et Nantes.<\/p>\n<p>Alors qu\u2019une journ\u00e9e de \u00ab z\u00e9ro d\u00e9collage \u00bb semble improbable sans le soutien d\u2019autres syndicats, plusieurs vols pourraient \u00eatre annul\u00e9s et de nouvelles perturbations sont attendues sur le r\u00e9seau de la compagnie.\u00a0<\/p>\n<p>Les vols matinaux \u2014 les premiers d\u2019une s\u00e9rie de trajets court-courriers \u2014 devraient \u00eatre les plus touch\u00e9s, surtout si le personnel navigant est principalement bas\u00e9 en France.<\/p>\n<p>La compagnie pourrait envisager d\u2019annoncer un planning r\u00e9vis\u00e9 pour le 1er janvier pour les vols vers et depuis la France \u2014 bien que, au 29 d\u00e9cembre, cela n\u2019ait pas \u00e9t\u00e9 fait \u2014 et pourrait offrir des vols de remplacement gratuits pour les passagers touch\u00e9s.<\/p>\n<p>Les voyageurs se rendant ou provenant de la France avec la compagnie le 1er janvier doivent rester inform\u00e9s de l\u2019\u00e9tat de leur vol via des alertes par e-mail ou via l\u2019application easyJet.<\/p>\n<p>Bien que la plupart des compagnies a\u00e9riennes restent au sol le jour de No\u00ebl, de nombreuses compagnies \u00e0 bas co\u00fbt, dont easyJet et Ryanair et Jet2, maintiennent des programmes normaux ou presque normaux le 1er janvier.<\/p>\n<h2>Des probl\u00e8mes de planification au c\u0153ur du conflit<\/h2>\n<p>Actuellement, l\u2019UNAC concentre son attention sur une journ\u00e9e d\u2019action fortement perturbatrice, et aucune autre motion de gr\u00e8ve n\u2019a \u00e9t\u00e9 d\u00e9pos\u00e9e.<\/p>\n<p>Avant le jour de No\u00ebl, le principal syndicat repr\u00e9sentant le personnel de cabine d\u2019easyJet en France, le SNPNC-FO, mena\u00e7ait d\u2019une action de gr\u00e8ve \u00ab pendant la p\u00e9riode de No\u00ebl \u00bb apr\u00e8s des n\u00e9gociations \u00e9chou\u00e9es avec la direction de la compagnie, \u00e9galement sur des questions de planification.<\/p>\n<p>Un accord de derni\u00e8re minute, comprenant plusieurs promesses d\u2019am\u00e9lioration de la planification, a conduit le principal syndicat \u00e0 suspendre toute action de gr\u00e8ve future le 24 d\u00e9cembre. Cela signifie que le SNPNC-FO ne se joindra pas \u00e0 l\u2019UNAC le 1er janvier, minimisant ainsi l\u2019ampleur des perturbations.<\/p>\n<p>Les membres de l\u2019UNAC ont vot\u00e9 \u00e0 64,2 % pour rejeter les n\u00e9gociations avec la direction, et le syndicat affirme qu\u2019il appelle \u00e0 la gr\u00e8ve essentiellement en raison de questions de planification et du \u00ab chaos op\u00e9rationnel \u00bb qui p\u00e8se sur le personnel de cabine, les passagers et m\u00eame la compagnie.<\/p>\n<p>Il y a eu \u00ab une d\u00e9t\u00e9rioration profonde des conditions de travail \u00bb, pour le personnel de cabine, a d\u00e9clar\u00e9 le syndicat dans un <span data-lab-font_weight=\"font-weight-bold\" class=\"font-weight-bold m-font-weight-bold\">communiqu\u00e9 de presse<\/span> annon\u00e7ant la gr\u00e8ve.\u00a0<\/p>\n<p>\u00ab Il n\u2019est plus rare d\u2019observer plusieurs changements d\u2019horaires au cours d\u2019une m\u00eame journ\u00e9e, souvent \u00e0 la derni\u00e8re minute, \u00bb ce qui rend \u00ab impossible \u00bb pour les \u00e9quipages d\u2019avoir une vie personnelle stable.\u00a0<\/p>\n<p>\u00ab De nombreux coll\u00e8gues, souffrant d\u2019\u00e9puisement, nous font part de leur d\u00e9tresse chaque jour \u00bb, a ajout\u00e9 le syndicat, pr\u00e9cisant qu\u2019un certain nombre d\u2019entre eux finissent en cong\u00e9 maladie.\u00a0<\/p>\n<p>De plus, le syndicat soutient qu\u2019un meilleur planning est n\u00e9cessaire pour am\u00e9liorer la situation de la compagnie elle-m\u00eame.<\/p>\n<p>Le co\u00fbt des cong\u00e9s maladie, de l\u2019h\u00e9bergement temporaire pour les membres d\u2019\u00e9quipage d\u00e9ploy\u00e9s sur des vols diff\u00e9rents, les co\u00fbts de \u00ab repositionnement \u00bb des employ\u00e9s et les remboursements aux passagers touch\u00e9s par des changements exercent une pression financi\u00e8re sur la compagnie, affirme le syndicat.<\/p>\n<p>\u00ab Stabiliser les plannings est d\u00e9sormais une n\u00e9cessit\u00e9 \u00e0 la fois sociale et \u00e9conomique. \u00bb\u00a0<\/p>\n<\/div>\n","protected":false},"excerpt":{"rendered":"<p>Le syndicat minoritaire du personnel de cabine appelle \u00e0 une journ\u00e9e de gr\u00e8ve en raison de probl\u00e8mes de planification Mise \u00e0 jour \u00e0 16h00 le 31 d\u00e9cembre : easyJet a publi\u00e9 un communiqu\u00e9 indiquant : \u00ab Nous pr\u00e9voyons de maintenir l\u2019int\u00e9gralit\u00e9 de notre programme de vols le 31 d\u00e9cembre et d\u2019assurer la majorit\u00e9 de nos [&hellip;]<\/p>\n","protected":false},"author":1,"featured_media":739,"comment_status":"open","ping_status":"open","sticky":false,"template":"","format":"standard","meta":{"footnotes":""},"categories":[1],"tags":[995,994,37,60,996,185,892,895],"class_list":["post-738","post","type-post","status-publish","format-standard","has-post-thumbnail","hentry","category-non-classe","tag-1er","tag-deasyjet","tag-france","tag-greve","tag-janvier","tag-perturbations","tag-prevues","tag-voyage"],"_links":{"self":[{"href":"https:\/\/www.rachida-dati.eu\/actualites\/wp-json\/wp\/v2\/posts\/738","targetHints":{"allow":["GET"]}}],"collection":[{"href":"https:\/\/www.rachida-dati.eu\/actualites\/wp-json\/wp\/v2\/posts"}],"about":[{"href":"https:\/\/www.rachida-dati.eu\/actualites\/wp-json\/wp\/v2\/types\/post"}],"author":[{"embeddable":true,"href":"https:\/\/www.rachida-dati.eu\/actualites\/wp-json\/wp\/v2\/users\/1"}],"replies":[{"embeddable":true,"href":"https:\/\/www.rachida-dati.eu\/actualites\/wp-json\/wp\/v2\/comments?post=738"}],"version-history":[{"count":1,"href":"https:\/\/www.rachida-dati.eu\/actualites\/wp-json\/wp\/v2\/posts\/738\/revisions"}],"predecessor-version":[{"id":740,"href":"https:\/\/www.rachida-dati.eu\/actualites\/wp-json\/wp\/v2\/posts\/738\/revisions\/740"}],"wp:featuredmedia":[{"embeddable":true,"href":"https:\/\/www.rachida-dati.eu\/actualites\/wp-json\/wp\/v2\/media\/739"}],"wp:attachment":[{"href":"https:\/\/www.rachida-dati.eu\/actualites\/wp-json\/wp\/v2\/media?parent=738"}],"wp:term":[{"taxonomy":"category","embeddable":true,"href":"https:\/\/www.rachida-dati.eu\/actualites\/wp-json\/wp\/v2\/categories?post=738"},{"taxonomy":"post_tag","embeddable":true,"href":"https:\/\/www.rachida-dati.eu\/actualites\/wp-json\/wp\/v2\/tags?post=738"}],"curies":[{"name":"wp","href":"https:\/\/api.w.org\/{rel}","templated":true}]}}