{"id":747,"date":"2026-01-03T11:52:22","date_gmt":"2026-01-03T10:52:22","guid":{"rendered":"https:\/\/www.rachida-dati.eu\/actualites\/quand-commencent-ils-en-france-et-quelles-sont-les-regles\/"},"modified":"2026-01-03T11:52:22","modified_gmt":"2026-01-03T10:52:22","slug":"quand-commencent-ils-en-france-et-quelles-sont-les-regles","status":"publish","type":"post","link":"https:\/\/www.rachida-dati.eu\/actualites\/quand-commencent-ils-en-france-et-quelles-sont-les-regles\/","title":{"rendered":"Quand commencent-ils en France et quelles sont les r\u00e8gles ?"},"content":{"rendered":"<div data-element-guid=\"2fab827b-c2af-457a-8ca0-fc1ea1a3b815\">\n<h2 class=\"subtitle \" style=\"\"><span data-lab-italic_desktop=\"italic\" class=\"italic m-italic\">Les soldes d\u2019hiver<\/span> ont des dates fixes et des limites de stock<\/h2>\n<\/p>\n<\/div>\n<div data-element-guid=\"081284a4-7a35-4875-a4a4-3c6fda62d8e7\">\n<p><!-- placeholder(#1) --><\/p>\n<p>La p\u00e9riode des soldes d\u2019hiver (<span data-lab-italic=\"italic\" class=\"italic m-italic\">soldes d\u2019hiver<\/span>) est strictement r\u00e9glement\u00e9e en France, avec des dates fixes, des limites de stock et des r\u00e8gles claires concernant les remboursements.<\/p>\n<p>Dans la plupart de la France continentale et en Corse, les soldes d\u2019hiver d\u00e9butent le mercredi 7 janvier 2026 \u00e0 08h00. Elles durent quatre semaines et se terminent le mardi 3 f\u00e9vrier.<\/p>\n<p>Les m\u00eames dates s\u2019appliquent aux ventes en ligne, quel que soit le lieu d\u2019implantation du d\u00e9taillant.<\/p>\n<h3>D\u00e9partements dont le d\u00e9but est plus pr\u00e9coce<\/h3>\n<p>Quatre d\u00e9partements frontaliers d\u00e9marrent les soldes une semaine plus t\u00f4t, afin de leur permettre de concurrencer les pays voisins :<\/p>\n<ul>\n<li>\n<p>Moselle<\/p>\n<\/li>\n<li>\n<p>Meurthe-et-Moselle<\/p>\n<\/li>\n<li>\n<p>Meuse<\/p>\n<\/li>\n<li>\n<p>Vosges<\/p>\n<\/li>\n<\/ul>\n<p>Dans ces d\u00e9partements, les soldes d\u2019hiver ont lieu du vendredi 2 janvier au jeudi 29 janvier.<\/p>\n<p>Certains d\u00e9partements et territoires d\u2019outre-mer suivent leur propre calendrier, que vous pouvez consulter ici.<\/p>\n<p>La participation aux soldes n\u2019est pas obligatoire. Les d\u00e9taillants qui y participent peuvent vendre des articles \u00e0 perte, mais doivent aussi respecter plusieurs obligations l\u00e9gales :<\/p>\n<ul>\n<li>\n<p>Seuls les articles d\u00e9j\u00e0 en stock avant la p\u00e9riode des soldes peuvent \u00eatre sold\u00e9s<\/p>\n<\/li>\n<li>\n<p>Les produits doivent \u00eatre clairement marqu\u00e9s comme \u00e9tant en r\u00e9duction<\/p>\n<\/li>\n<li>\n<p>La r\u00e9duction doit \u00eatre calcul\u00e9e sur la base d\u2019un prix de r\u00e9f\u00e9rence, d\u00e9fini comme le prix le plus bas pratiqu\u00e9 au cours des 30 derniers jours<\/p>\n<\/li>\n<li>\n<p>En dehors des dates fixes (y compris les soldes d\u2019\u00e9t\u00e9), le terme soldes ne peut pas \u00eatre utilis\u00e9<\/p>\n<\/li>\n<\/ul>\n<p>Ce prix de r\u00e9f\u00e9rence est le prix le plus bas pratiqu\u00e9 au cours des 30 jours pr\u00e9c\u00e9dant la r\u00e9duction.<\/p>\n<h2>Remboursements des articles achet\u00e9s pendant les soldes<\/h2>\n<p>Les r\u00e8gles de remboursement et d\u2019\u00e9change d\u00e9pendent de la mani\u00e8re dont l\u2019achat a \u00e9t\u00e9 effectu\u00e9.<\/p>\n<p>Dans les magasins physiques, les d\u00e9taillants ne sont l\u00e9galement tenus d\u2019offrir un remboursement ou un \u00e9change que si l\u2019article est d\u00e9fectueux, non conforme ou pr\u00e9sente un vice cach\u00e9, bien que de nombreuses enseignes proposent des politiques plus g\u00e9n\u00e9reuses \u00e0 titre commercial.<\/p>\n<p>Pour les achats en ligne, les consommateurs b\u00e9n\u00e9ficient du d\u00e9lai de r\u00e9tractation standard de 14 jours, \u00e0 compter du lendemain de la livraison, avec quelques exceptions telles que les articles personnalis\u00e9s, les produits d\u2019hygi\u00e8ne non scell\u00e9s et les denr\u00e9es p\u00e9rissables.<\/p>\n<\/div>\n","protected":false},"excerpt":{"rendered":"<p>Les soldes d\u2019hiver ont des dates fixes et des limites de stock La p\u00e9riode des soldes d\u2019hiver (soldes d\u2019hiver) est strictement r\u00e9glement\u00e9e en France, avec des dates fixes, des limites de stock et des r\u00e8gles claires concernant les remboursements. Dans la plupart de la France continentale et en Corse, les soldes d\u2019hiver d\u00e9butent le mercredi [&hellip;]<\/p>\n","protected":false},"author":1,"featured_media":748,"comment_status":"open","ping_status":"open","sticky":false,"template":"","format":"standard","meta":{"footnotes":""},"categories":[1],"tags":[1000,37,35,34,95,125,96],"class_list":["post-747","post","type-post","status-publish","format-standard","has-post-thumbnail","hentry","category-non-classe","tag-commencentils","tag-france","tag-les","tag-quand","tag-quelles","tag-regles","tag-sont"],"_links":{"self":[{"href":"https:\/\/www.rachida-dati.eu\/actualites\/wp-json\/wp\/v2\/posts\/747","targetHints":{"allow":["GET"]}}],"collection":[{"href":"https:\/\/www.rachida-dati.eu\/actualites\/wp-json\/wp\/v2\/posts"}],"about":[{"href":"https:\/\/www.rachida-dati.eu\/actualites\/wp-json\/wp\/v2\/types\/post"}],"author":[{"embeddable":true,"href":"https:\/\/www.rachida-dati.eu\/actualites\/wp-json\/wp\/v2\/users\/1"}],"replies":[{"embeddable":true,"href":"https:\/\/www.rachida-dati.eu\/actualites\/wp-json\/wp\/v2\/comments?post=747"}],"version-history":[{"count":1,"href":"https:\/\/www.rachida-dati.eu\/actualites\/wp-json\/wp\/v2\/posts\/747\/revisions"}],"predecessor-version":[{"id":749,"href":"https:\/\/www.rachida-dati.eu\/actualites\/wp-json\/wp\/v2\/posts\/747\/revisions\/749"}],"wp:featuredmedia":[{"embeddable":true,"href":"https:\/\/www.rachida-dati.eu\/actualites\/wp-json\/wp\/v2\/media\/748"}],"wp:attachment":[{"href":"https:\/\/www.rachida-dati.eu\/actualites\/wp-json\/wp\/v2\/media?parent=747"}],"wp:term":[{"taxonomy":"category","embeddable":true,"href":"https:\/\/www.rachida-dati.eu\/actualites\/wp-json\/wp\/v2\/categories?post=747"},{"taxonomy":"post_tag","embeddable":true,"href":"https:\/\/www.rachida-dati.eu\/actualites\/wp-json\/wp\/v2\/tags?post=747"}],"curies":[{"name":"wp","href":"https:\/\/api.w.org\/{rel}","templated":true}]}}