{"id":759,"date":"2026-01-04T10:54:42","date_gmt":"2026-01-04T09:54:42","guid":{"rendered":"https:\/\/www.rachida-dati.eu\/actualites\/cinq-departements-en-alerte-orange\/"},"modified":"2026-01-04T10:54:42","modified_gmt":"2026-01-04T09:54:42","slug":"cinq-departements-en-alerte-orange","status":"publish","type":"post","link":"https:\/\/www.rachida-dati.eu\/actualites\/cinq-departements-en-alerte-orange\/","title":{"rendered":"Cinq d\u00e9partements en alerte orange"},"content":{"rendered":"<div data-element-guid=\"7f7332a5-aca0-4fee-9990-ec700b171346\">\n<h2 class=\"subtitle \" style=\"\">Les conditions devraient s&rsquo;aggraver au cours de l&rsquo;apr\u00e8s-midi<\/h2>\n<\/p>\n<\/div>\n<div data-element-guid=\"f89e1683-f3e1-4a39-d93a-725fa1d995c0\">\n<p><!-- placeholder(#1) --><\/p>\n<p>Des fortes pr\u00e9cipitations \u00e0 travers le pays ont conduit M\u00e9t\u00e9o-France \u00e0 placer cinq d\u00e9partements en alerte orange pour les inondations et les d\u00e9bordements de cours d&rsquo;eau le dimanche 21 d\u00e9cembre, alors que les conditions devraient s&rsquo;aggraver au cours de l&rsquo;apr\u00e8s-midi.<\/p>\n<p>Le Gard, la Loz\u00e8re et l&rsquo;Ard\u00e8che sont plac\u00e9s en vigilance orange \u00ab pluie-inondation \u00bb de 14h00 \u00e0 minuit. La Loz\u00e8re et l&rsquo;Aveyron sont \u00e9galement soumis \u00e0 des alertes orange pour les crues fluviales, rejoignant l&rsquo;H\u00e9rault, qui est en alerte depuis samedi.\u00a0<\/p>\n<p>Les <span data-lab-font_weight=\"font-weight-bold\" class=\"font-weight-bold m-font-weight-bold\">pr\u00e9cipitations les plus intenses sont pr\u00e9vues le long de l&rsquo;axe des C\u00e9vennes, allant du nord de l&rsquo;H\u00e9rault au sud de l&rsquo;Ard\u00e8che<\/span>.<\/p>\n<p>Apr\u00e8s un r\u00e9pit temporaire samedi, les cours d&rsquo;eau ont rapidement mont\u00e9, en particulier\u00a0<\/p>\n<p>La rivi\u00e8re H\u00e9rault a d\u00e9bord\u00e9 \u00e0 plusieurs endroits, notamment \u00e0 Castelnau-de-Guers, Montagnac, Aumes et P\u00e9zenas, inondant des vignobles et fermant le pont D32E5.\u00a0<\/p>\n<p>\u00c0 Montagnac, les niveaux d&rsquo;eau sont pass\u00e9s de 0,42 m vendredi soir \u00e0 4,60 m samedi apr\u00e8s-midi. L\u2019Orb a \u00e9t\u00e9 plac\u00e9 en alerte jaune pour d&rsquo;\u00e9ventuelles crues.<\/p>\n<p>Les alertes de crue portent sur des tron\u00e7ons fluviaux pr\u00e9cis : l\u2019H\u00e9rault entre Ganges et Gignac, et le Tarn et ses affluents jusqu\u2019\u00e0 Millau.\u00a0<\/p>\n<p>Vigicrues pr\u00e9voit des hausses localement significatives \u00e0 Montbrun (Loz\u00e8re) pour le Tarn, Nant (Aveyron) pour la Dourbie et Meyrueis (Loz\u00e8re) pour la Jonte.<\/p>\n<p>Les autorit\u00e9s avertissent des impacts potentiels sur les r\u00e9seaux routier et ferroviaire, les approvisionnements en \u00e9lectricit\u00e9 et les infrastructures riveraines.\u00a0<\/p>\n<p>Les habitants des zones touch\u00e9es sont invit\u00e9s \u00e0 suivre les bulletins officiels et \u00e0 \u00e9viter les d\u00e9placements non essentiels. Les services d\u2019urgence restent en alerte pour la r\u00e9ponse aux inondations et les interventions.<\/p>\n<\/div>\n","protected":false},"excerpt":{"rendered":"<p>Les conditions devraient s&rsquo;aggraver au cours de l&rsquo;apr\u00e8s-midi Des fortes pr\u00e9cipitations \u00e0 travers le pays ont conduit M\u00e9t\u00e9o-France \u00e0 placer cinq d\u00e9partements en alerte orange pour les inondations et les d\u00e9bordements de cours d&rsquo;eau le dimanche 21 d\u00e9cembre, alors que les conditions devraient s&rsquo;aggraver au cours de l&rsquo;apr\u00e8s-midi. Le Gard, la Loz\u00e8re et l&rsquo;Ard\u00e8che sont [&hellip;]<\/p>\n","protected":false},"author":1,"featured_media":760,"comment_status":"open","ping_status":"open","sticky":false,"template":"","format":"standard","meta":{"footnotes":""},"categories":[1],"tags":[558,86,1011,1012],"class_list":["post-759","post","type-post","status-publish","format-standard","has-post-thumbnail","hentry","category-non-classe","tag-alerte","tag-cinq","tag-departements","tag-orange"],"_links":{"self":[{"href":"https:\/\/www.rachida-dati.eu\/actualites\/wp-json\/wp\/v2\/posts\/759","targetHints":{"allow":["GET"]}}],"collection":[{"href":"https:\/\/www.rachida-dati.eu\/actualites\/wp-json\/wp\/v2\/posts"}],"about":[{"href":"https:\/\/www.rachida-dati.eu\/actualites\/wp-json\/wp\/v2\/types\/post"}],"author":[{"embeddable":true,"href":"https:\/\/www.rachida-dati.eu\/actualites\/wp-json\/wp\/v2\/users\/1"}],"replies":[{"embeddable":true,"href":"https:\/\/www.rachida-dati.eu\/actualites\/wp-json\/wp\/v2\/comments?post=759"}],"version-history":[{"count":1,"href":"https:\/\/www.rachida-dati.eu\/actualites\/wp-json\/wp\/v2\/posts\/759\/revisions"}],"predecessor-version":[{"id":761,"href":"https:\/\/www.rachida-dati.eu\/actualites\/wp-json\/wp\/v2\/posts\/759\/revisions\/761"}],"wp:featuredmedia":[{"embeddable":true,"href":"https:\/\/www.rachida-dati.eu\/actualites\/wp-json\/wp\/v2\/media\/760"}],"wp:attachment":[{"href":"https:\/\/www.rachida-dati.eu\/actualites\/wp-json\/wp\/v2\/media?parent=759"}],"wp:term":[{"taxonomy":"category","embeddable":true,"href":"https:\/\/www.rachida-dati.eu\/actualites\/wp-json\/wp\/v2\/categories?post=759"},{"taxonomy":"post_tag","embeddable":true,"href":"https:\/\/www.rachida-dati.eu\/actualites\/wp-json\/wp\/v2\/tags?post=759"}],"curies":[{"name":"wp","href":"https:\/\/api.w.org\/{rel}","templated":true}]}}