{"id":768,"date":"2026-01-05T03:45:56","date_gmt":"2026-01-05T02:45:56","guid":{"rendered":"https:\/\/www.rachida-dati.eu\/actualites\/panne-du-systeme-informatique-a-la-frontiere-francaise-provoque-des-retards-a-douvres\/"},"modified":"2026-01-05T03:45:56","modified_gmt":"2026-01-05T02:45:56","slug":"panne-du-systeme-informatique-a-la-frontiere-francaise-provoque-des-retards-a-douvres","status":"publish","type":"post","link":"https:\/\/www.rachida-dati.eu\/actualites\/panne-du-systeme-informatique-a-la-frontiere-francaise-provoque-des-retards-a-douvres\/","title":{"rendered":"Panne du syst\u00e8me informatique \u00e0 la fronti\u00e8re fran\u00e7aise provoque des retards \u00e0 Douvres"},"content":{"rendered":"<div data-element-guid=\"7f7332a5-aca0-4fee-9990-ec700b171346\">\n<h2 class=\"subtitle \" style=\"\">Ferries trans-Manche et Eurotunnel touch\u00e9s par des probl\u00e8mes techniques lors des contr\u00f4les de sortie<\/h2>\n<\/p>\n<\/div>\n<div data-element-guid=\"a7eaeb31-80ab-499c-8d3c-256d5d2a2077\">\n<p><!-- placeholder(#1) --><\/p>\n<p>Des milliers de voyageurs de No\u00ebl se dirigeant vers le continent europ\u00e9en ont \u00e9t\u00e9 confront\u00e9s \u00e0 de longs retards samedi apr\u00e8s une panne informatique au niveau des contr\u00f4les frontaliers fran\u00e7ais, qui ont provoqu\u00e9 des files d&rsquo;attente au port de Douvres et des perturbations au tunnel sous la Manche.<\/p>\n<p>Les probl\u00e8mes ont commenc\u00e9 avant les heures de d\u00e9part de pointe, lorsque les syst\u00e8mes frontaliers fran\u00e7ais ont connu des probl\u00e8mes techniques lors des contr\u00f4les de sortie.<\/p>\n<p>Le trafic s&rsquo;est rapidement accumul\u00e9 \u00e0 Douvres, les v\u00e9hicules \u00e9tant parfois \u00e0 l&rsquo;arr\u00eat sur les routes d&rsquo;approche et \u00e0 l&rsquo;int\u00e9rieur du port, durant l&rsquo;une des p\u00e9riodes de voyage les plus charg\u00e9es de l&rsquo;ann\u00e9e.<\/p>\n<p>Le Port de Douvres a d\u00e9clar\u00e9 que la perturbation avait dur\u00e9 plusieurs heures, s&rsquo;att\u00e9nuant peu avant 15 h GMT samedi, lorsque le trafic a \u00e9t\u00e9 signal\u00e9 comme fluide \u00e0 nouveau.<\/p>\n<p>Environ 30 000 voitures devraient transiter par le port entre vendredi et dimanche.<\/p>\n<p>Eurotunnel a \u00e9galement signal\u00e9 des retards importants \u00e0 son terminal de Folkestone, avec des temps d&rsquo;attente allant jusqu&rsquo;\u00e0 deux heures et demie pour les voitures et environ une heure pour le trafic de fret.<\/p>\n<p>Elle a d\u00e9clar\u00e9 que la perturbation \u00e9tait li\u00e9e \u00e0 une demande saisonni\u00e8re \u00e9lev\u00e9e, aggrav\u00e9e par les probl\u00e8mes ant\u00e9rieurs des contr\u00f4les frontaliers.<\/p>\n<p>L&rsquo;encombrement s&rsquo;\u00e9tendait au-del\u00e0 du port lui-m\u00eame samedi, avec de longues files d&rsquo;attente qui se formaient sur les routes environnantes, notamment celles menant \u00e0 la M20.<\/p>\n<p>Les services de transport locaux ont \u00e9t\u00e9 affect\u00e9s, certaines lignes de bus \u00e9tant temporairement incapables de desservir les Docks de l&rsquo;Est en raison des conditions de circulation.<\/p>\n<p>Dimanche matin, le Port de Douvres a annonc\u00e9 qu&rsquo;il n&rsquo;y avait pas de retards dans la zone tampon et que le trafic circulait sans entraves jusqu&rsquo;au contr\u00f4le des fronti\u00e8res.<\/p>\n<p>Malgr\u00e9 l&rsquo;am\u00e9lioration, les autorit\u00e9s portuaires ont continu\u00e9 \u00e0 conseiller aux passagers de n&rsquo;arriver pas plus de deux heures avant leur travers\u00e9e pr\u00e9vue.<\/p>\n<p>Les op\u00e9rateurs de ferries ont d\u00e9clar\u00e9 que les passagers qui avaient manqu\u00e9 leur travers\u00e9e r\u00e9serv\u00e9e en raison des retards seraient transf\u00e9r\u00e9s sur la prochaine travers\u00e9e disponible.<\/p>\n<p>Les conducteurs se rendant au port sont \u00e9galement invit\u00e9s \u00e0 rester sur les routes principales d&rsquo;approche, l&rsquo;A20 et l&rsquo;A2, afin de r\u00e9duire les perturbations pour les habitants de Douvres lors du dernier week-end avant No\u00ebl.<\/p>\n<p>La perturbation survint alors que les associations d&rsquo;automobilistes alertaient sur des niveaux de trafic records \u00e0 travers le Royaume\u2011Uni \u00e0 l&rsquo;approche de No\u00ebl.<\/p>\n<p>National Highways a d\u00e9clar\u00e9 avoir supprim\u00e9 autant que possible les chantiers routiers mais a conseill\u00e9 aux voyageurs de pr\u00e9voir du temps suppl\u00e9mentaire, le trafic lourd devant se poursuivre \u00e0 mesure que les vacances de No\u00ebl atteignent leur pic.<\/p>\n<\/div>\n","protected":false},"excerpt":{"rendered":"<p>Ferries trans-Manche et Eurotunnel touch\u00e9s par des probl\u00e8mes techniques lors des contr\u00f4les de sortie Des milliers de voyageurs de No\u00ebl se dirigeant vers le continent europ\u00e9en ont \u00e9t\u00e9 confront\u00e9s \u00e0 de longs retards samedi apr\u00e8s une panne informatique au niveau des contr\u00f4les frontaliers fran\u00e7ais, qui ont provoqu\u00e9 des files d&rsquo;attente au port de Douvres et [&hellip;]<\/p>\n","protected":false},"author":1,"featured_media":769,"comment_status":"open","ping_status":"open","sticky":false,"template":"","format":"standard","meta":{"footnotes":""},"categories":[1],"tags":[42,1020,177,876,1018,980,1019,626,115],"class_list":["post-768","post","type-post","status-publish","format-standard","has-post-thumbnail","hentry","category-non-classe","tag-des","tag-douvres","tag-francaise","tag-frontiere","tag-informatique","tag-panne","tag-provoque","tag-retards","tag-systeme"],"_links":{"self":[{"href":"https:\/\/www.rachida-dati.eu\/actualites\/wp-json\/wp\/v2\/posts\/768","targetHints":{"allow":["GET"]}}],"collection":[{"href":"https:\/\/www.rachida-dati.eu\/actualites\/wp-json\/wp\/v2\/posts"}],"about":[{"href":"https:\/\/www.rachida-dati.eu\/actualites\/wp-json\/wp\/v2\/types\/post"}],"author":[{"embeddable":true,"href":"https:\/\/www.rachida-dati.eu\/actualites\/wp-json\/wp\/v2\/users\/1"}],"replies":[{"embeddable":true,"href":"https:\/\/www.rachida-dati.eu\/actualites\/wp-json\/wp\/v2\/comments?post=768"}],"version-history":[{"count":1,"href":"https:\/\/www.rachida-dati.eu\/actualites\/wp-json\/wp\/v2\/posts\/768\/revisions"}],"predecessor-version":[{"id":770,"href":"https:\/\/www.rachida-dati.eu\/actualites\/wp-json\/wp\/v2\/posts\/768\/revisions\/770"}],"wp:featuredmedia":[{"embeddable":true,"href":"https:\/\/www.rachida-dati.eu\/actualites\/wp-json\/wp\/v2\/media\/769"}],"wp:attachment":[{"href":"https:\/\/www.rachida-dati.eu\/actualites\/wp-json\/wp\/v2\/media?parent=768"}],"wp:term":[{"taxonomy":"category","embeddable":true,"href":"https:\/\/www.rachida-dati.eu\/actualites\/wp-json\/wp\/v2\/categories?post=768"},{"taxonomy":"post_tag","embeddable":true,"href":"https:\/\/www.rachida-dati.eu\/actualites\/wp-json\/wp\/v2\/tags?post=768"}],"curies":[{"name":"wp","href":"https:\/\/api.w.org\/{rel}","templated":true}]}}