{"id":780,"date":"2026-01-06T02:44:31","date_gmt":"2026-01-06T01:44:31","guid":{"rendered":"https:\/\/www.rachida-dati.eu\/actualites\/les-enseignements-cles-du-dernier-recensement\/"},"modified":"2026-01-06T02:44:32","modified_gmt":"2026-01-06T01:44:32","slug":"les-enseignements-cles-du-dernier-recensement","status":"publish","type":"post","link":"https:\/\/www.rachida-dati.eu\/actualites\/les-enseignements-cles-du-dernier-recensement\/","title":{"rendered":"Les enseignements cl\u00e9s du dernier recensement"},"content":{"rendered":"<div data-element-guid=\"7f7332a5-aca0-4fee-9990-ec700b171346\">\n<h2 class=\"subtitle \" style=\"\">Forte croissance observ\u00e9e le long des c\u00f4tes atlantiques et m\u00e9diterran\u00e9ennes<\/h2>\n<\/p>\n<\/div>\n<div data-element-guid=\"f30cdd84-95e4-4a05-fb1b-d10ae510c86e\">\n<p><!-- placeholder(#1) --><\/p>\n<p>La population de la France au d\u00e9but de 2023 a d\u00e9pass\u00e9 les 68 millions d&rsquo;habitants, selon les nouvelles donn\u00e9es de l&rsquo;organisme officiel de statistiques Insee.<\/p>\n<p>La croissance d\u00e9mographique entre 2017 et 2022 a \u00e9t\u00e9 en moyenne de +0,39 % par an, identique \u00e0 celle de 2012-2017. Cela se traduit par une augmentation de la population d&rsquo;environ 262 000 personnes par an.<\/p>\n<p>Cependant, les taux de natalit\u00e9 ont \u00e9t\u00e9 nettement plus faibles entre 2017 et 2022 (en moyenne +0,15 % contre +0,34 % durant la p\u00e9riode quinquennale pr\u00e9c\u00e9dente), ce qui sugg\u00e8re que l&rsquo;immigration a jou\u00e9 un r\u00f4le plus important dans la croissance.<\/p>\n<p>Le rapport couvre les \u00e9volutions sur une p\u00e9riode de cinq ans (la p\u00e9riode la plus r\u00e9cente \u00e9tant 2017-2022) et il est le plus d\u00e9taill\u00e9 de ce type, fournissant des statistiques d\u00e9mographiques pour chaque commune du pays, \u00e0 l\u2019exception de Mayotte.<\/p>\n<h2>Forte croissance en Corse et dans les zones c\u00f4ti\u00e8res<\/h2>\n<p>Selon l&rsquo;Insee, la population totale de la France (y compris les d\u00e9partements et r\u00e9gions d&rsquo;outre-mer \u00e0 l&rsquo;exception de Mayotte) au 1er janvier 2023 s&rsquo;\u00e9levait \u00e0 68 094 000.\u00a0<\/p>\n<p>Mayotte a \u00e9t\u00e9 exclue car l\u2019ouragan Chido, qui a ravag\u00e9 l\u2019\u00eele en d\u00e9cembre 2024, a emp\u00each\u00e9 les enqu\u00eateurs de collecter des donn\u00e9es de recensement compl\u00e8tes.<\/p>\n<p>Parmi les 12 r\u00e9gions m\u00e9tropolitaines et la Corse, les niveaux et \u00e9volutions d\u00e9mographiques \u00e9taient les suivants :\u00a0<\/p>\n<ul>\n<li>\n<p>\u00cele-de-France (population totale de 12 463 067), +0,39%<\/p>\n<\/li>\n<li>\n<p>Auvergne-Rh\u00f4ne-Alpes (8 205 557), +0,53%<\/p>\n<\/li>\n<li>\n<p>Nouvelle-Aquitaine (6 150 451), +0,53%<\/p>\n<\/li>\n<li>\n<p>Occitanie (6 124 653), +0,78%<\/p>\n<\/li>\n<li>\n<p>Hauts-de-France (5 992 194), -0,03%<\/p>\n<\/li>\n<li>\n<p>Grand Est (5 563 378) +0,04%<\/p>\n<\/li>\n<li>\n<p>Provence-Alpes-C\u00f4te d&rsquo;Azur (5 218 960), +0,61%<\/p>\n<\/li>\n<li>\n<p>Pays de la Loire (3 907 156), +0,65%<\/p>\n<\/li>\n<li>\n<p>Bretagne (3 449 370), +0,64%<\/p>\n<\/li>\n<li>\n<p>Normandie (3 345 842), +0,08%<\/p>\n<\/li>\n<li>\n<p>Bourgogne-Franche-Comt\u00e9 (2 802 670), -0,05%<\/p>\n<\/li>\n<li>\n<p>Centre-Val de Loire (2 587 031), +0,07%<\/p>\n<\/li>\n<li>\n<p>Corse (355 486), +1,00%<\/p>\n<\/li>\n<\/ul>\n<p>Il y avait 42 communes d&rsquo;une population d&rsquo;au moins 100 000 habitants, et cinq d&rsquo;entre elles ont connu un taux de croissance annuel sup\u00e9rieur \u00e0 +1 % : Villeurbanne, Montpellier, Toulouse, Rouen et Rennes.<\/p>\n<p>La croissance a \u00e9t\u00e9 aliment\u00e9e par des taux de natalit\u00e9 exc\u00e9dentaires positifs (naissances sup\u00e9rieures aux d\u00e9c\u00e8s chaque ann\u00e9e) ainsi que par la migration nette (plus de personnes entrant dans les communes qu&rsquo;en sortant).<\/p>\n<p>Une forte croissance a \u00e9t\u00e9 enregistr\u00e9e le long des c\u00f4tes atlantiques et m\u00e9diterran\u00e9ennes, principalement due \u00e0 la migration, tandis que les populations diminuaient dans une grande partie de l&rsquo;est et du nord de la France.<\/p>\n<p>La Bretagne et la banlieue parisienne ont \u00e9galement connu une croissance soutenue.<\/p>\n<p>La carte ci-dessous montre la croissance de la population, en %, \u00e0 travers la France.<\/p>\n<figure data-element-guid=\"e83bdd9a-4953-4a73-83ea-c1bfc0b1780d\" class=\"column desktop-floatLeft mobile-floatLeft small-12 large-8 small-abs-12 large-abs-8\">\n<div class=\"content \" style=\"\">\n<div class=\"img fullwidthTarget\">\n            <picture><source  width=\"706\" height=\"706\" media=\"(min-width: 768px)\" type=\"image\/webp\"><source  width=\"706\" height=\"706\" media=\"(min-width: 768px)\" type=\"image\/jpeg\"><source  width=\"480\" height=\"480\" media=\"(max-width: 767px)\" type=\"image\/webp\"><source  width=\"480\" height=\"480\" media=\"(max-width: 767px)\" type=\"image\/jpeg\"><\/source><\/source><\/source><\/source><\/picture>\n                    <\/div>\n<\/p><\/div>\n<\/figure>\n<p>Paris (l\u2019ensemble de la ville est class\u00e9 comme une seule commune ainsi qu\u2019un d\u00e9partement) a enregistr\u00e9 le deuxi\u00e8me plus fort recul de population (en termes relatifs) parmi les villes de 100 000 habitants, derri\u00e8re Mulhouse.<\/p>\n<p>La population de Paris a diminu\u00e9 de -0,65 %, celle de Mulhouse de -0,69 %. D&rsquo;autres grandes villes ayant enregistr\u00e9 une diminution de leur population comprenaient Argenteuil (-0,61 %), Reims (-0,44 %), Le Havre (-0,34 %) et Limoges (-0,28 %).<\/p>\n<p>Le m\u00e9dia Ouest-France a publi\u00e9 une carte interactive bas\u00e9e sur les statistiques, montrant les \u00e9volutions de population dans chaque commune entre 2017 et 2022.<\/p>\n<h2>D\u00e9s\u00e9quilibre entre le taux de natalit\u00e9 exc\u00e9dentaire et la migration<\/h2>\n<p>Le niveau de natalit\u00e9 exc\u00e9dentaire (plus de naissances que de d\u00e9c\u00e8s au cours d&rsquo;une ann\u00e9e) a \u00e9t\u00e9 r\u00e9duit de plus de moiti\u00e9, passant de +0,34 % en 2012-2017 \u00e0 +0,15 % en 2017-2022.<\/p>\n<p>Cela se traduit par un passage de 225 000 naissances exc\u00e9dentaires \u00e0 environ 100 000.<\/p>\n<p>Cependant, certaines zones telles que Paris et sa p\u00e9riph\u00e9rie ainsi que Lyon ont enregistr\u00e9 des naissances exc\u00e9dentaires nettement plus \u00e9lev\u00e9es.<\/p>\n<p>Un couloir de communes du sud-ouest au nord-est, correspondant grossi\u00e8rement au \u00ab corridor vide \u00bb de la France, a largement vu les d\u00e9c\u00e8s d\u00e9passer les naissances.<\/p>\n<p>La carte ci-dessous montre l&rsquo;effet des naissances exc\u00e9dentaires sur la taille de la population, en %.<\/p>\n<figure data-element-guid=\"3d0978e5-d7bb-44f7-a550-0adb6eaaf335\" class=\"column desktop-floatLeft mobile-floatLeft small-12 large-8 small-abs-12 large-abs-8\">\n<div class=\"content \" style=\"\">\n<div class=\"img fullwidthTarget\">\n            <picture><source  width=\"706\" height=\"706\" media=\"(min-width: 768px)\" type=\"image\/webp\"><source  width=\"706\" height=\"706\" media=\"(min-width: 768px)\" type=\"image\/jpeg\"><source  width=\"480\" height=\"480\" media=\"(max-width: 767px)\" type=\"image\/webp\"><source  width=\"480\" height=\"480\" media=\"(max-width: 767px)\" type=\"image\/jpeg\"><img decoding=\"async\" src=\"https:\/\/www.rachida-dati.eu\/actualites\/wp-content\/uploads\/2026\/01\/1767663871_583_Les-enseignements-cles-du-dernier-recensement.00&#038;width=960&#038;height=960&#038;format=jpg.jpeg\" width=\"480\" height=\"480\" title=\"Insee\" alt=\"\" loading=\"lazy\" style=\"\"\/><br \/>\n            <\/source><\/source><\/source><\/source><\/picture>\n                    <\/div>\n<\/p><\/div>\n<\/figure>\n<p>Les donn\u00e9es compl\u00e8tes peuvent \u00eatre consult\u00e9es via le <span data-lab-font_weight=\"font-weight-bold\" class=\"font-weight-bold m-font-weight-bold\">rapport de l&rsquo;Insee<\/span>.<\/p>\n<\/div>\n","protected":false},"excerpt":{"rendered":"<p>Forte croissance observ\u00e9e le long des c\u00f4tes atlantiques et m\u00e9diterran\u00e9ennes La population de la France au d\u00e9but de 2023 a d\u00e9pass\u00e9 les 68 millions d&rsquo;habitants, selon les nouvelles donn\u00e9es de l&rsquo;organisme officiel de statistiques Insee. La croissance d\u00e9mographique entre 2017 et 2022 a \u00e9t\u00e9 en moyenne de +0,39 % par an, identique \u00e0 celle de [&hellip;]<\/p>\n","protected":false},"author":1,"featured_media":781,"comment_status":"open","ping_status":"open","sticky":false,"template":"","format":"standard","meta":{"footnotes":""},"categories":[1],"tags":[305,765,1035,35,1036],"class_list":["post-780","post","type-post","status-publish","format-standard","has-post-thumbnail","hentry","category-non-classe","tag-cles","tag-dernier","tag-enseignements","tag-les","tag-recensement"],"_links":{"self":[{"href":"https:\/\/www.rachida-dati.eu\/actualites\/wp-json\/wp\/v2\/posts\/780","targetHints":{"allow":["GET"]}}],"collection":[{"href":"https:\/\/www.rachida-dati.eu\/actualites\/wp-json\/wp\/v2\/posts"}],"about":[{"href":"https:\/\/www.rachida-dati.eu\/actualites\/wp-json\/wp\/v2\/types\/post"}],"author":[{"embeddable":true,"href":"https:\/\/www.rachida-dati.eu\/actualites\/wp-json\/wp\/v2\/users\/1"}],"replies":[{"embeddable":true,"href":"https:\/\/www.rachida-dati.eu\/actualites\/wp-json\/wp\/v2\/comments?post=780"}],"version-history":[{"count":1,"href":"https:\/\/www.rachida-dati.eu\/actualites\/wp-json\/wp\/v2\/posts\/780\/revisions"}],"predecessor-version":[{"id":782,"href":"https:\/\/www.rachida-dati.eu\/actualites\/wp-json\/wp\/v2\/posts\/780\/revisions\/782"}],"wp:featuredmedia":[{"embeddable":true,"href":"https:\/\/www.rachida-dati.eu\/actualites\/wp-json\/wp\/v2\/media\/781"}],"wp:attachment":[{"href":"https:\/\/www.rachida-dati.eu\/actualites\/wp-json\/wp\/v2\/media?parent=780"}],"wp:term":[{"taxonomy":"category","embeddable":true,"href":"https:\/\/www.rachida-dati.eu\/actualites\/wp-json\/wp\/v2\/categories?post=780"},{"taxonomy":"post_tag","embeddable":true,"href":"https:\/\/www.rachida-dati.eu\/actualites\/wp-json\/wp\/v2\/tags?post=780"}],"curies":[{"name":"wp","href":"https:\/\/api.w.org\/{rel}","templated":true}]}}