{"id":783,"date":"2026-01-06T08:45:25","date_gmt":"2026-01-06T07:45:25","guid":{"rendered":"https:\/\/www.rachida-dati.eu\/actualites\/agriculteurs-francais-reclament-une-treve-de-noel-face-aux-protestations-et-blocages-en-cours\/"},"modified":"2026-01-06T08:45:25","modified_gmt":"2026-01-06T07:45:25","slug":"agriculteurs-francais-reclament-une-treve-de-noel-face-aux-protestations-et-blocages-en-cours","status":"publish","type":"post","link":"https:\/\/www.rachida-dati.eu\/actualites\/agriculteurs-francais-reclament-une-treve-de-noel-face-aux-protestations-et-blocages-en-cours\/","title":{"rendered":"Agriculteurs fran\u00e7ais r\u00e9clament une tr\u00eave de No\u00ebl face aux protestations et blocages en cours"},"content":{"rendered":"<div data-element-guid=\"7f7332a5-aca0-4fee-9990-ec700b171346\">\n<h2 class=\"subtitle \" style=\"\">Le vote sur l\u2019accord commercial Mercosur report\u00e9 \u00e0 janvier<\/h2>\n<\/p>\n<\/div>\n<div data-element-guid=\"4d9621db-f7a0-4d57-c34b-fb420282d02f\">\n<p><!-- placeholder(#1) --><\/p>\n<p>Les protestations des agriculteurs fran\u00e7ais se poursuivent aujourd&rsquo;hui, mais une \u00ab tr\u00eave de No\u00ebl \u00bb a \u00e9t\u00e9 annonc\u00e9e par les responsables syndicaux.<\/p>\n<p>Les protestations se poursuivent dans toute la France aujourd&rsquo;hui, en particulier dans le sud-ouest, o\u00f9 des autoroutes telles que l&rsquo;A20, l&rsquo;A62, l&rsquo;A9, l&rsquo;A89, l&rsquo;A63 et l&rsquo;A64 sont bloqu\u00e9es.\u00a0<\/p>\n<p>Les agriculteurs du nord et de l&rsquo;est de la France protestent \u00e9galement, bloquant des routes dont l&rsquo;A10, l&rsquo;A41 et l&rsquo;A84.<\/p>\n<p>Cependant, les blocages devraient \u00eatre lev\u00e9s dans les jours \u00e0 venir afin d&rsquo;\u00e9viter toute perturbation pendant No\u00ebl.<\/p>\n<p>\u00ab Je souhaite une tr\u00eave de No\u00ebl. Nous ne sommes pas ici pour d\u00e9ranger le peuple fran\u00e7ais \u00bb, a d\u00e9clar\u00e9 le pr\u00e9sident du syndicat FNSEA, Arnaud Rousseau, \u00e0 <span data-lab-italic=\"italic\" class=\"italic m-italic\">FranceInfo<\/span> aujourd&rsquo;hui (19 d\u00e9cembre).\u00a0<\/p>\n<p>\u00ab Les Fran\u00e7ais doivent pouvoir voyager pour se rendre aupr\u00e8s de leurs familles en toute tranquillit\u00e9 \u00bb, a d\u00e9clar\u00e9 la porte-parole du gouvernement Maud Bregeon \u00e0 <span data-lab-italic=\"italic\" class=\"italic m-italic\">RTL<\/span>.\u00a0<\/p>\n<p>\u00ab Nous n&rsquo;accepterons plus de nouveaux blocages et nous ferons tout ce qui est n\u00e9cessaire \u00bb, a-t-elle dit, ajoutant que des policiers avaient \u00e9t\u00e9 autoris\u00e9s \u00e0 les d\u00e9loger.\u00a0<\/p>\n<p>Les manifestations ont \u00e9t\u00e9 d\u00e9clench\u00e9es \u00e0 l&rsquo;origine par des ordres d&rsquo;abattage des troupeaux bovins atteints de la maladie de la peau bossel\u00e9e, mais elles se sont ensuite \u00e9tendues pour refl\u00e9ter un m\u00e9contentement plus large dans le secteur, y compris concernant l&rsquo;accord commercial Mercosur entre l&rsquo;UE et le bloc commercial sud-am\u00e9ricain.<\/p>\n<p>L&rsquo;impact des actions des agriculteurs fran\u00e7ais sur ce dernier n&rsquo;est pas pass\u00e9 inaper\u00e7u, et l&rsquo;UE a annonc\u00e9 que le vote final sur l&rsquo;accord, initialement pr\u00e9vu pour aujourd&rsquo;hui, a \u00e9t\u00e9 report\u00e9 \u00e0 janvier 2026.\u00a0<\/p>\n<div data-element-guid=\"89bb2008-1b0b-451c-8e35-bc45fbc7e2bf\" id=\"markup_760071\" class=\"markupbox column desktop-floatLeft mobile-floatLeft small-12 large-8 small-abs-12 large-abs-8\">\n<div class=\"content fullwidthTarget\" style=\"\">\n<p>            <meta charset=\"UTF-8\"\/><br \/>\n    <meta name=\"viewport\" content=\"width=device-width, initial-scale=1.0\"\/><br \/>\n    <title>Embedded Video<\/title><\/p>\n<p>\n        <video controls=\"\"><source src=\"https:\/\/www.connexionfrance.com\/files\/2025\/12\/19\/Protest%20Agen.mp4\" type=\"video\/mp4\">Your browser does not support the video tag.<br \/>\n        <\/source><\/video>\n    <\/p>\n<p class=\"caption \">Des agriculteurs manifestants \u00e0 Agen ont pendu des pantins dans une rue de la ville, en signe de leur d\u00e9tresse le 19 d\u00e9cembre. Cr\u00e9dit : Richard Hall<\/p>\n<\/p><\/div>\n<\/div>\n<h2>D\u00e9tails sur la \u00ab tr\u00eave \u00bb \u00e0 annoncer<\/h2>\n<p>Bien qu&rsquo;il ne soit pas clair exactement quand les agriculteurs arr\u00eateront de protester \u2014 et quand ils recommenceront apr\u00e8s la tr\u00eave \u2014 les syndicats devraient appeler \u00e0 une pause. <\/p>\n<p>M. Rousseau et d&rsquo;autres figures de premier plan des Jeunes Agriculteurs, Coordination rurale et Conf\u00e9d\u00e9ration paysanne se sont rencontr\u00e9s avec le Premier ministre S\u00e9bastien Lecornu aujourd&rsquo;hui pour obtenir des concessions en faveur des agriculteurs concernant \u00e0 la fois l&rsquo;accord Mercosur et les ordres d&rsquo;abattage des bovins.\u00a0<\/p>\n<p>Les conditions exactes de la tr\u00eave d\u00e9cid\u00e9es par les syndicats seront pr\u00e9cis\u00e9es apr\u00e8s que le gouvernement a annonc\u00e9 ses plans futurs pour les agriculteurs, a d\u00e9clar\u00e9 M. Rousseau. Cela devrait prendre la forme d&rsquo;une lettre qui sera envoy\u00e9e aux syndicats plus tard dans la journ\u00e9e.<\/p>\n<p>Cependant, les syndicats ne se satisfont pas de tous les aspects.<\/p>\n<p>\u00ab Ce n&rsquo;est qu&rsquo;un r\u00e9pit \u00bb, a d\u00e9clar\u00e9 M. Rousseau \u00e0 propos de l&rsquo;accord Mercosur.<\/p>\n<p>\u00ab La position de la FNSEA restera la m\u00eame en janvier : cet accord n&rsquo;est pas un bon accord. \u00bb<\/p>\n<p>Quoi qu&rsquo;il en soit, malgr\u00e9 les positions des syndicats, tous les agriculteurs ne soutiennent pas la fin du mouvement.<\/p>\n<p>\u00ab Nous sommes d\u00e9termin\u00e9s. Le gouvernement tient toutes les cartes. Nous leur avons fait pas mal de propositions \u00bb, a d\u00e9clar\u00e9 un agriculteur \u00e0 BFMTV.<\/p>\n<p>\u00ab Nous n&rsquo;avons pas de r\u00e9ponse. Nous ne c\u00e9derons pas. Ils ne r\u00e9alisent pas la gravit\u00e9 de la situation et notre d\u00e9termination. \u00bb<\/p>\n<\/div>\n","protected":false},"excerpt":{"rendered":"<p>Le vote sur l\u2019accord commercial Mercosur report\u00e9 \u00e0 janvier Les protestations des agriculteurs fran\u00e7ais se poursuivent aujourd&rsquo;hui, mais une \u00ab tr\u00eave de No\u00ebl \u00bb a \u00e9t\u00e9 annonc\u00e9e par les responsables syndicaux. Les protestations se poursuivent dans toute la France aujourd&rsquo;hui, en particulier dans le sud-ouest, o\u00f9 des autoroutes telles que l&rsquo;A20, l&rsquo;A62, l&rsquo;A9, l&rsquo;A89, l&rsquo;A63 [&hellip;]<\/p>\n","protected":false},"author":1,"featured_media":186,"comment_status":"open","ping_status":"open","sticky":false,"template":"","format":"standard","meta":{"footnotes":""},"categories":[1],"tags":[171,75,791,655,382,23,362,1039,1037,1038,29],"class_list":["post-783","post","type-post","status-publish","format-standard","has-post-thumbnail","hentry","category-non-classe","tag-agriculteurs","tag-aux","tag-blocages","tag-cours","tag-face","tag-francais","tag-noel","tag-protestations","tag-reclament","tag-treve","tag-une"],"_links":{"self":[{"href":"https:\/\/www.rachida-dati.eu\/actualites\/wp-json\/wp\/v2\/posts\/783","targetHints":{"allow":["GET"]}}],"collection":[{"href":"https:\/\/www.rachida-dati.eu\/actualites\/wp-json\/wp\/v2\/posts"}],"about":[{"href":"https:\/\/www.rachida-dati.eu\/actualites\/wp-json\/wp\/v2\/types\/post"}],"author":[{"embeddable":true,"href":"https:\/\/www.rachida-dati.eu\/actualites\/wp-json\/wp\/v2\/users\/1"}],"replies":[{"embeddable":true,"href":"https:\/\/www.rachida-dati.eu\/actualites\/wp-json\/wp\/v2\/comments?post=783"}],"version-history":[{"count":1,"href":"https:\/\/www.rachida-dati.eu\/actualites\/wp-json\/wp\/v2\/posts\/783\/revisions"}],"predecessor-version":[{"id":784,"href":"https:\/\/www.rachida-dati.eu\/actualites\/wp-json\/wp\/v2\/posts\/783\/revisions\/784"}],"wp:featuredmedia":[{"embeddable":true,"href":"https:\/\/www.rachida-dati.eu\/actualites\/wp-json\/wp\/v2\/media\/186"}],"wp:attachment":[{"href":"https:\/\/www.rachida-dati.eu\/actualites\/wp-json\/wp\/v2\/media?parent=783"}],"wp:term":[{"taxonomy":"category","embeddable":true,"href":"https:\/\/www.rachida-dati.eu\/actualites\/wp-json\/wp\/v2\/categories?post=783"},{"taxonomy":"post_tag","embeddable":true,"href":"https:\/\/www.rachida-dati.eu\/actualites\/wp-json\/wp\/v2\/tags?post=783"}],"curies":[{"name":"wp","href":"https:\/\/api.w.org\/{rel}","templated":true}]}}