{"id":788,"date":"2026-01-06T19:51:45","date_gmt":"2026-01-06T18:51:45","guid":{"rendered":"https:\/\/www.rachida-dati.eu\/actualites\/les-residents-invites-a-rester-vigilants\/"},"modified":"2026-01-06T19:51:45","modified_gmt":"2026-01-06T18:51:45","slug":"les-residents-invites-a-rester-vigilants","status":"publish","type":"post","link":"https:\/\/www.rachida-dati.eu\/actualites\/les-residents-invites-a-rester-vigilants\/","title":{"rendered":"Les r\u00e9sidents invit\u00e9s \u00e0 rester vigilants"},"content":{"rendered":"<div id=\"main\">\n<div data-element-guid=\"7f7332a5-aca0-4fee-9990-ec700b171346\" class=\"articleHeader column hasCaption\">\n<h2 class=\"subtitle \" style=\"\">Le serpent de cinq m\u00e8tres de long aurait \u00e9t\u00e9 \u00e9cras\u00e9 par une voiture la semaine derni\u00e8re, mais n&rsquo;a pas encore \u00e9t\u00e9 retrouv\u00e9<\/h2>\n<\/p>\n<\/div>\n<div data-element-guid=\"996c8839-219f-4be8-d2f5-a4e96ad6eedd\" class=\"bodytext large-12 small-12 medium-12\">\n<p><!-- placeholder(#1) --><\/p>\n<p>Les habitants de la Vend\u00e9e sont appel\u00e9s \u00e0 rester vigilants alors qu&rsquo;un serpent mesurant jusqu&rsquo;\u00e0 cinq m\u00e8tres de long est en libert\u00e9 dans le d\u00e9partement.<\/p>\n<p>Un habitant de Saint-Pierre-le-Vieux aurait \u00e9cras\u00e9 le serpent en traversant le village sur le chemin d&rsquo;une foire locale, vendredi (12 d\u00e9cembre).<\/p>\n<p>Le conducteur est descendu de sa voiture et a vu le serpent se diriger vers une berge voisine du fleuve.<\/p>\n<p>La mairie locale a d\u00e9clar\u00e9 qu&rsquo;il mesurait entre quatre et cinq m\u00e8tres.<\/p>\n<p>\u00c0 ce jour mardi (16 d\u00e9cembre), le serpent n&rsquo;avait pas encore \u00e9t\u00e9 retrouv\u00e9, ce qui a amen\u00e9 la mairie \u00e0 publier une d\u00e9claration sur les r\u00e9seaux sociaux appelant les habitants \u00e0 faire attention \u00e0 toute rencontre avec l&rsquo;animal et indiquant que les gendarmes \u00e9taient au courant de la situation.\u00a0<\/p>\n<p>On ne sait pas encore de quelle esp\u00e8ce il s&rsquo;agit, bien que, puisqu&rsquo;aucun serpent indig\u00e8ne de France n&rsquo;atteint une telle taille, il soit probable qu&rsquo;il s&rsquo;agisse d&rsquo;un animal de compagnie \u00e9chapp\u00e9 (ou rel\u00e2ch\u00e9).<\/p>\n<p>Le maire Christian Henriet a d\u00e9clar\u00e9 que le serpent est \u00ab probablement plus dangereux pour les animaux domestiques que pour nous \u00bb.\u00a0<\/p>\n<p>Toute personne qui aper\u00e7oit le serpent est pri\u00e9e de contacter la mairie par t\u00e9l\u00e9phone au 02 51 00 70 12.<\/p>\n<p>R\u00e9cemment, un promeneur dans le Gard a crois\u00e9 un python qui \u00e9tait port\u00e9 disparu depuis trois mois.<\/p>\n<p>La France compte plusieurs esp\u00e8ces de serpents domestiques, dont certaines sont venimeuses. Notre article explique ce qu&rsquo;il faut faire si vous croisez un serpent dans la nature ou chez vous.<\/p>\n<\/div><\/div>\n","protected":false},"excerpt":{"rendered":"<p>Le serpent de cinq m\u00e8tres de long aurait \u00e9t\u00e9 \u00e9cras\u00e9 par une voiture la semaine derni\u00e8re, mais n&rsquo;a pas encore \u00e9t\u00e9 retrouv\u00e9 Les habitants de la Vend\u00e9e sont appel\u00e9s \u00e0 rester vigilants alors qu&rsquo;un serpent mesurant jusqu&rsquo;\u00e0 cinq m\u00e8tres de long est en libert\u00e9 dans le d\u00e9partement. Un habitant de Saint-Pierre-le-Vieux aurait \u00e9cras\u00e9 le serpent [&hellip;]<\/p>\n","protected":false},"author":1,"featured_media":789,"comment_status":"open","ping_status":"open","sticky":false,"template":"","format":"standard","meta":{"footnotes":""},"categories":[1],"tags":[375,35,418,247,1042],"class_list":["post-788","post","type-post","status-publish","format-standard","has-post-thumbnail","hentry","category-non-classe","tag-invites","tag-les","tag-residents","tag-rester","tag-vigilants"],"_links":{"self":[{"href":"https:\/\/www.rachida-dati.eu\/actualites\/wp-json\/wp\/v2\/posts\/788","targetHints":{"allow":["GET"]}}],"collection":[{"href":"https:\/\/www.rachida-dati.eu\/actualites\/wp-json\/wp\/v2\/posts"}],"about":[{"href":"https:\/\/www.rachida-dati.eu\/actualites\/wp-json\/wp\/v2\/types\/post"}],"author":[{"embeddable":true,"href":"https:\/\/www.rachida-dati.eu\/actualites\/wp-json\/wp\/v2\/users\/1"}],"replies":[{"embeddable":true,"href":"https:\/\/www.rachida-dati.eu\/actualites\/wp-json\/wp\/v2\/comments?post=788"}],"version-history":[{"count":1,"href":"https:\/\/www.rachida-dati.eu\/actualites\/wp-json\/wp\/v2\/posts\/788\/revisions"}],"predecessor-version":[{"id":790,"href":"https:\/\/www.rachida-dati.eu\/actualites\/wp-json\/wp\/v2\/posts\/788\/revisions\/790"}],"wp:featuredmedia":[{"embeddable":true,"href":"https:\/\/www.rachida-dati.eu\/actualites\/wp-json\/wp\/v2\/media\/789"}],"wp:attachment":[{"href":"https:\/\/www.rachida-dati.eu\/actualites\/wp-json\/wp\/v2\/media?parent=788"}],"wp:term":[{"taxonomy":"category","embeddable":true,"href":"https:\/\/www.rachida-dati.eu\/actualites\/wp-json\/wp\/v2\/categories?post=788"},{"taxonomy":"post_tag","embeddable":true,"href":"https:\/\/www.rachida-dati.eu\/actualites\/wp-json\/wp\/v2\/tags?post=788"}],"curies":[{"name":"wp","href":"https:\/\/api.w.org\/{rel}","templated":true}]}}