{"id":791,"date":"2026-01-07T01:07:51","date_gmt":"2026-01-07T00:07:51","guid":{"rendered":"https:\/\/www.rachida-dati.eu\/actualites\/a-quoi-sattendre-en-2026\/"},"modified":"2026-01-07T01:07:51","modified_gmt":"2026-01-07T00:07:51","slug":"a-quoi-sattendre-en-2026","status":"publish","type":"post","link":"https:\/\/www.rachida-dati.eu\/actualites\/a-quoi-sattendre-en-2026\/","title":{"rendered":"\u00c0 quoi s&rsquo;attendre en 2026"},"content":{"rendered":"<div data-element-guid=\"7f7332a5-aca0-4fee-9990-ec700b171346\">\n<h2 class=\"subtitle \" style=\"\">Nouvelles taxes sur les mutuelles d\u00e9nonc\u00e9es par la f\u00e9d\u00e9ration d\u2019assurance<\/h2>\n<\/p>\n<\/div>\n<div data-element-guid=\"9e81c7fb-62dc-4d53-f80f-b4ea163828f1\">\n<p><!-- placeholder(#1) --><\/p>\n<p>Les co\u00fbts des <span data-lab-font_weight=\"font-weight-bold\" class=\"font-weight-bold m-font-weight-bold\">polices d\u2019assurance sant\u00e9 compl\u00e9mentaires<\/span> en France devraient augmenter l\u2019ann\u00e9e prochaine, car des co\u00fbts accrus li\u00e9s au vieillissement de la population et des taxes plus \u00e9lev\u00e9es sur les mutuelles sont r\u00e9percut\u00e9s sur les assur\u00e9s.<\/p>\n<p>Des augmentations de 4,7% pour les contrats collectifs (souvent propos\u00e9s par les entreprises pour les salari\u00e9s ou des groupes plus importants) et de 4,3% pour les contrats individuels sont attendues en 2026. Cela fait suite \u00e0 une hausse moyenne de 6% en 2025.<\/p>\n<p>La F\u00e9d\u00e9ration nationale de la Mutualit\u00e9 fran\u00e7aise (FNMF) estime que les primes des polices d\u2019assurance ont augment\u00e9 en moyenne de 4,4% chaque ann\u00e9e depuis 2020, ce qui se traduit par au moins une hausse de 20% des co\u00fbts depuis l\u2019\u00e9pid\u00e9mie de Covid-19 pour la plupart des assur\u00e9s.<\/p>\n<p>\u00c0 titre de comparaison, les prix ont augment\u00e9 en moyenne de 1,8% par an entre 2013 et 2020.<\/p>\n<h2>Les mutuelles devront payer 2 milliards d\u2019euros de plus \u00e0 l\u2019\u00c9tat l\u2019ann\u00e9e prochaine<\/h2>\n<p>Les co\u00fbts accrus sont en grande partie dus aux mesures incluses dans le budget 2026, notamment une nouvelle taxe sur les assureurs de mutuelles et une augmentation des d\u00e9penses de sant\u00e9.<\/p>\n<p>Les d\u00e9put\u00e9s ont adopt\u00e9 d\u00e9finitivement le budget de la s\u00e9curit\u00e9 sociale le 16 d\u00e9cembre.<\/p>\n<p>Cette taxe, d\u00e9nomm\u00e9e par la FNMF comme une \u00ab TVA sur les soins de sant\u00e9 \u00bb, devrait rapporter environ 1 milliard d\u2019euros. Une seconde tranche d\u2019environ 1 milliard d\u2019euros est attendue sous forme de transferts de co\u00fbts du gouvernement vers les mutuelles, par exemple un taux de remboursement par l\u2019\u00c9tat plus faible entra\u00eenera des remboursements plus \u00e9lev\u00e9s de la part des mutuelles.<\/p>\n<p>Ces co\u00fbts suppl\u00e9mentaires pourraient \u00eatre partiellement absorb\u00e9s par les soci\u00e9t\u00e9s de mutuelle, mais la majorit\u00e9 de la taxe sera r\u00e9percut\u00e9e sur les entreprises et les particuliers sous forme d\u2019augmentation des primes.<\/p>\n<p>Actuellement, les \u00ab contrats responsables \u00bb \u2013 repr\u00e9sentant environ 98% des polices mutuelles \u2013 affichent un taux d\u2019imposition de 13,27%, mais ce taux passera \u00e0 16,2%, a d\u00e9clar\u00e9 le pr\u00e9sident de la FNMF, \u00c9ric Chenut, le qualifiant d\u2019\u00ab anomalie europ\u00e9enne \u00bb.<\/p>\n<p>\u00ab Ce projet de loi de financement de la s\u00e9curit\u00e9 sociale ne r\u00e9sout pas les probl\u00e8mes de notre pays \u00bb, a d\u00e9clar\u00e9 M. Chenut dans une interview accord\u00e9e au m\u00e9dia RTL, estimant que cette hausse de l\u2019imposition \u00e9tait \u00ab une solution rapide \u00bb mais ne s\u2019attaque pas au c\u0153ur du probl\u00e8me.<\/p>\n<\/div>\n","protected":false},"excerpt":{"rendered":"<p>Nouvelles taxes sur les mutuelles d\u00e9nonc\u00e9es par la f\u00e9d\u00e9ration d\u2019assurance Les co\u00fbts des polices d\u2019assurance sant\u00e9 compl\u00e9mentaires en France devraient augmenter l\u2019ann\u00e9e prochaine, car des co\u00fbts accrus li\u00e9s au vieillissement de la population et des taxes plus \u00e9lev\u00e9es sur les mutuelles sont r\u00e9percut\u00e9s sur les assur\u00e9s. Des augmentations de 4,7% pour les contrats collectifs (souvent [&hellip;]<\/p>\n","protected":false},"author":1,"featured_media":792,"comment_status":"open","ping_status":"open","sticky":false,"template":"","format":"standard","meta":{"footnotes":""},"categories":[1],"tags":[164,165],"class_list":["post-791","post","type-post","status-publish","format-standard","has-post-thumbnail","hentry","category-non-classe","tag-quoi","tag-sattendre"],"_links":{"self":[{"href":"https:\/\/www.rachida-dati.eu\/actualites\/wp-json\/wp\/v2\/posts\/791","targetHints":{"allow":["GET"]}}],"collection":[{"href":"https:\/\/www.rachida-dati.eu\/actualites\/wp-json\/wp\/v2\/posts"}],"about":[{"href":"https:\/\/www.rachida-dati.eu\/actualites\/wp-json\/wp\/v2\/types\/post"}],"author":[{"embeddable":true,"href":"https:\/\/www.rachida-dati.eu\/actualites\/wp-json\/wp\/v2\/users\/1"}],"replies":[{"embeddable":true,"href":"https:\/\/www.rachida-dati.eu\/actualites\/wp-json\/wp\/v2\/comments?post=791"}],"version-history":[{"count":1,"href":"https:\/\/www.rachida-dati.eu\/actualites\/wp-json\/wp\/v2\/posts\/791\/revisions"}],"predecessor-version":[{"id":793,"href":"https:\/\/www.rachida-dati.eu\/actualites\/wp-json\/wp\/v2\/posts\/791\/revisions\/793"}],"wp:featuredmedia":[{"embeddable":true,"href":"https:\/\/www.rachida-dati.eu\/actualites\/wp-json\/wp\/v2\/media\/792"}],"wp:attachment":[{"href":"https:\/\/www.rachida-dati.eu\/actualites\/wp-json\/wp\/v2\/media?parent=791"}],"wp:term":[{"taxonomy":"category","embeddable":true,"href":"https:\/\/www.rachida-dati.eu\/actualites\/wp-json\/wp\/v2\/categories?post=791"},{"taxonomy":"post_tag","embeddable":true,"href":"https:\/\/www.rachida-dati.eu\/actualites\/wp-json\/wp\/v2\/tags?post=791"}],"curies":[{"name":"wp","href":"https:\/\/api.w.org\/{rel}","templated":true}]}}