{"id":794,"date":"2026-01-07T06:43:41","date_gmt":"2026-01-07T05:43:41","guid":{"rendered":"https:\/\/www.rachida-dati.eu\/actualites\/homme-francais-bloque-dans-les-caraibes-apres-une-crise-cardiaque-fait-face-a-une-facture-de-vol-medical-de-137-000-e\/"},"modified":"2026-01-07T06:43:41","modified_gmt":"2026-01-07T05:43:41","slug":"homme-francais-bloque-dans-les-caraibes-apres-une-crise-cardiaque-fait-face-a-une-facture-de-vol-medical-de-137-000-e","status":"publish","type":"post","link":"https:\/\/www.rachida-dati.eu\/actualites\/homme-francais-bloque-dans-les-caraibes-apres-une-crise-cardiaque-fait-face-a-une-facture-de-vol-medical-de-137-000-e\/","title":{"rendered":"Homme fran\u00e7ais bloqu\u00e9 dans les Cara\u00efbes apr\u00e8s une crise cardiaque fait face \u00e0 une facture de vol m\u00e9dical de 137 000 \u20ac"},"content":{"rendered":"<div data-element-guid=\"7f7332a5-aca0-4fee-9990-ec700b171346\">\n<h2 class=\"subtitle \" style=\"\">L&rsquo;homme a fait une crise cardiaque d\u00e8s le premier jour de ses vacances<\/h2>\n<\/p>\n<\/div>\n<div data-element-guid=\"3805506b-26f4-45c4-a44d-9c2783a42707\">\n<p><!-- placeholder(#1) --><\/p>\n<p>Un Fran\u00e7ais ayant subi une crise cardiaque lors de ses vacances dans les Cara\u00efbes fait face \u00e0 une facture de 137 000 \u20ac pour rentrer chez lui, apr\u00e8s que la demande de vol m\u00e9dical retour vers la France d\u00e9pos\u00e9e par sa famille ait \u00e9t\u00e9 refus\u00e9e.<\/p>\n<p>Le retrait\u00e9 \u00e9lectricien de 70 ans originaire de Charente (Nouvelle-Aquitaine), Michel Changeur, \u00e9tait en vacances en R\u00e9publique dominicaine avec sa femme Marie-France, lorsqu\u2019il a \u00e9t\u00e9 victime d\u2019une crise cardiaque le 17 novembre, un jour apr\u00e8s leur arriv\u00e9e.<\/p>\n<p>Son \u00e9pouse a confi\u00e9 au <span data-lab-italic=\"italic\" class=\"italic m-italic\">Charente Libre<\/span> que son mari a commenc\u00e9 \u00e0 ressentir des douleurs dans le dos et la poitrine dans la soir\u00e9e du 17 novembre et a \u00e9t\u00e9 examin\u00e9 par un m\u00e9decin, qui a recommand\u00e9 un ECG (\u00e9lectrocardiogramme, qui \u00e9value l\u2019activit\u00e9 \u00e9lectrique du c\u0153ur).<\/p>\n<p>Il a \u00e9t\u00e9 transport\u00e9 \u00e0 l\u2019h\u00f4pital IMG \u00e0 Punta Cana. C\u2019est l\u00e0 que Mme Changeur a d\u2019abord re\u00e7u une facture de 10 000 \u20ac \u00e0 payer. Elle a tent\u00e9 de payer par carte de cr\u00e9dit, mais seulement 1 000 \u20ac ont \u00e9t\u00e9 d\u00e9bit\u00e9s. <\/p>\n<p>Plus tard, les r\u00e9sultats compl\u00e9mentaires des tests de M. Changeur sont revenus, et \u00ab tous les indicateurs \u00e9taient au rouge [mauvais] \u00bb, a d\u00e9clar\u00e9 l\u2019avocate du couple, Sonia Aimard. L&rsquo;h\u00f4pital a recommand\u00e9 le transfert de M. Changeur vers les soins intensifs, \u00e0 un co\u00fbt de 8 000 \u20ac. Mme Changeur n&rsquo;a pu payer que 2 000 \u20ac sur cette somme.<\/p>\n<p>L&rsquo;\u00e9quipe m\u00e9dicale a ensuite indiqu\u00e9 que M. Changeur devait \u00eatre transport\u00e9 dans un h\u00f4pital de Santo Domingo, la capitale de la R\u00e9publique dominicaine, afin de pouvoir ins\u00e9rer un stent. Mme Changeur s\u2019est vu pr\u00e9senter une facture de 40 000 USD (environ 34 000 \u20ac).<\/p>\n<p>Elle ne pouvait pas payer, mais M. Changeur a n\u00e9anmoins subi l&rsquo;op\u00e9ration \u2013 m\u00eame si celle-ci avait \u00e9t\u00e9 retard\u00e9e d\u2019environ 15 heures \u00e0 ce stade, affirme l\u2019avocate de la famille. Cela a conduit M. Changeur \u00e0 souffrir d&rsquo;une \u00ab n\u00e9crose significative \u00bb qui a \u00ab gravement affect\u00e9 \u00bb son c\u0153ur.<\/p>\n<p>La soci\u00e9t\u00e9 d\u2019assurance Mondial Assistance a accept\u00e9 de couvrir le co\u00fbt du vol m\u00e9dical, mais uniquement jusqu\u2019\u00e0 Pointe-\u00e0-Pitre en Guadeloupe, un d\u00e9partement d&rsquo;outre\u2011mer (DOM) fran\u00e7ais. Cependant, pour le reste du trajet retour vers la m\u00e9tropole, l\u2019assureur propose seulement de couvrir le co\u00fbt d\u2019un vol commercial ordinaire.<\/p>\n<p>La famille a refus\u00e9 cette offre, sa femme affirmant que son mari n\u00e9cessite un vol m\u00e9dical en raison des \u00ab risques mortels \u00bb auxquels il est encore confront\u00e9, notamment des complications li\u00e9es \u00e0 une arythmie et \u00e0 l\u2019\u0153d\u00e8me (rythme cardiaque irr\u00e9gulier et gonflement). Un vol commercial ne serait pas en mesure de g\u00e9rer cela.<\/p>\n<p>D\u00e9j\u00e0, Air France a refus\u00e9 d\u2019embarquer M. Changeur \u00e0 bord compte tenu de ses besoins de sant\u00e9 extr\u00eames, rapporte le <span data-lab-italic=\"italic\" class=\"italic m-italic\">Charente Libre<\/span>.<\/p>\n<p>L\u2019estimation d\u2019un vol m\u00e9dical s\u2019\u00e9l\u00e8ve \u00e0 137 000 \u20ac, que le couple ne peut pas se permettre. Par cons\u00e9quent, ils restent bloqu\u00e9s dans les Cara\u00efbes. La famille a maintenant assign\u00e9 Mondial Assistance en justice pour r\u00e9clamer le co\u00fbt du vol.<\/p>\n<p>Mme Aimard a confirm\u00e9 au <span data-lab-italic=\"italic\" class=\"italic m-italic\">Charente Libre<\/span> que M. Changeur est toujours en soins intensifs et qu\u2019il n\u00e9cessiterait maintenant un vol m\u00e9dical pour rentrer chez lui. \u00ab [Mais] Mondial Assistance nous a dit que si nous voulons un vol m\u00e9dical, nous devons le payer \u00bb, a-t-elle d\u00e9clar\u00e9.<\/p>\n<p>\u00ab Sur le plan psychologique, cela a \u00e9t\u00e9 incroyablement difficile pour la famille \u00bb, a-t-elle ajout\u00e9.<\/p>\n<\/div>\n","protected":false},"excerpt":{"rendered":"<p>L&rsquo;homme a fait une crise cardiaque d\u00e8s le premier jour de ses vacances Un Fran\u00e7ais ayant subi une crise cardiaque lors de ses vacances dans les Cara\u00efbes fait face \u00e0 une facture de 137 000 \u20ac pour rentrer chez lui, apr\u00e8s que la demande de vol m\u00e9dical retour vers la France d\u00e9pos\u00e9e par sa famille [&hellip;]<\/p>\n","protected":false},"author":1,"featured_media":795,"comment_status":"open","ping_status":"open","sticky":false,"template":"","format":"standard","meta":{"footnotes":""},"categories":[1],"tags":[28,1044,1045,1047,1046,50,382,1048,581,23,1043,35,1049,29,273],"class_list":["post-794","post","type-post","status-publish","format-standard","has-post-thumbnail","hentry","category-non-classe","tag-apres","tag-bloque","tag-caraibes","tag-cardiaque","tag-crise","tag-dans","tag-face","tag-facture","tag-fait","tag-francais","tag-homme","tag-les","tag-medical","tag-une","tag-vol"],"_links":{"self":[{"href":"https:\/\/www.rachida-dati.eu\/actualites\/wp-json\/wp\/v2\/posts\/794","targetHints":{"allow":["GET"]}}],"collection":[{"href":"https:\/\/www.rachida-dati.eu\/actualites\/wp-json\/wp\/v2\/posts"}],"about":[{"href":"https:\/\/www.rachida-dati.eu\/actualites\/wp-json\/wp\/v2\/types\/post"}],"author":[{"embeddable":true,"href":"https:\/\/www.rachida-dati.eu\/actualites\/wp-json\/wp\/v2\/users\/1"}],"replies":[{"embeddable":true,"href":"https:\/\/www.rachida-dati.eu\/actualites\/wp-json\/wp\/v2\/comments?post=794"}],"version-history":[{"count":1,"href":"https:\/\/www.rachida-dati.eu\/actualites\/wp-json\/wp\/v2\/posts\/794\/revisions"}],"predecessor-version":[{"id":796,"href":"https:\/\/www.rachida-dati.eu\/actualites\/wp-json\/wp\/v2\/posts\/794\/revisions\/796"}],"wp:featuredmedia":[{"embeddable":true,"href":"https:\/\/www.rachida-dati.eu\/actualites\/wp-json\/wp\/v2\/media\/795"}],"wp:attachment":[{"href":"https:\/\/www.rachida-dati.eu\/actualites\/wp-json\/wp\/v2\/media?parent=794"}],"wp:term":[{"taxonomy":"category","embeddable":true,"href":"https:\/\/www.rachida-dati.eu\/actualites\/wp-json\/wp\/v2\/categories?post=794"},{"taxonomy":"post_tag","embeddable":true,"href":"https:\/\/www.rachida-dati.eu\/actualites\/wp-json\/wp\/v2\/tags?post=794"}],"curies":[{"name":"wp","href":"https:\/\/api.w.org\/{rel}","templated":true}]}}