{"id":797,"date":"2026-01-07T11:51:34","date_gmt":"2026-01-07T10:51:34","guid":{"rendered":"https:\/\/www.rachida-dati.eu\/actualites\/des-hackers-accedent-a-des-fichiers-classifies-de-la-police-francaise\/"},"modified":"2026-01-07T11:51:36","modified_gmt":"2026-01-07T10:51:36","slug":"des-hackers-accedent-a-des-fichiers-classifies-de-la-police-francaise","status":"publish","type":"post","link":"https:\/\/www.rachida-dati.eu\/actualites\/des-hackers-accedent-a-des-fichiers-classifies-de-la-police-francaise\/","title":{"rendered":"Des hackers acc\u00e8dent \u00e0 des fichiers classifi\u00e9s de la police fran\u00e7aise"},"content":{"rendered":"<div data-element-guid=\"7f7332a5-aca0-4fee-9990-ec700b171346\">\n<h2 class=\"subtitle \" style=\"\">Le ministre de l&rsquo;Int\u00e9rieur qualifie la violation de donn\u00e9es d&rsquo;\u00ab in\u00e9dite \u00bb pour la France<\/h2>\n<\/p>\n<\/div>\n<div data-element-guid=\"236318f9-909b-4e11-c5fa-31c9d6668905\">\n<p><!-- placeholder(#1) --><\/p>\n<p>Des dossiers policiers importants ont \u00e9t\u00e9 r\u00e9cemment consult\u00e9s par des hackers, a confirm\u00e9 le minist\u00e8re de l&rsquo;Int\u00e9rieur fran\u00e7ais.<\/p>\n<p>La port\u00e9e compl\u00e8te de la violation des donn\u00e9es n&rsquo;est pas encore connue, mais le ministre de l&rsquo;Int\u00e9rieur, Laurent Nu\u00f1ez, a d\u00e9clar\u00e9 qu&rsquo;elle concerne principalement des dossiers figurant sur la liste des personnes recherch\u00e9es en France et des registres de traitement p\u00e9nal.<\/p>\n<p>Il a qualifi\u00e9 la violation d\u00ab sans pr\u00e9c\u00e9dent pour la France \u00bb.<\/p>\n<p>Les pirates avaient acc\u00e8s au portail dit CHEOPS, qui g\u00e8re des dossiers policiers classifi\u00e9s, pendant plusieurs semaines avant que la violation ne soit identifi\u00e9e.<\/p>\n<p>Des informations sur environ 16,4 millions de personnes se trouveraient dans les dossiers. Des comptes de courrier \u00e9lectronique et les coordonn\u00e9es des enqu\u00eateurs de police traitant des affaires pourraient avoir \u00e9t\u00e9 consult\u00e9s.<\/p>\n<p>Le minist\u00e8re de l&rsquo;Int\u00e9rieur est responsable de l&rsquo;\u00e9mission de documents officiels, notamment les cartes de s\u00e9jour et les passeports, mais il n&rsquo;y a aucune indication que des dossiers relatifs \u00e0 ces documents aient \u00e9t\u00e9 consult\u00e9s.<\/p>\n<p>La violation \u00ab n&rsquo;expose pas les vies des personnes en France \u00bb, a d\u00e9clar\u00e9 M. Nu\u00f1ez \u00e0 des m\u00e9dias de service public, Franceinfo.<\/p>\n<h2>Donn\u00e9es sensibles partag\u00e9es via des applications de messagerie<\/h2>\n<p>Il s&rsquo;agit de la derni\u00e8re d&rsquo;une s\u00e9rie d&rsquo;attaques visant des institutions publiques en France <span data-lab-font_weight=\"font-weight-bold\" class=\"font-weight-bold m-font-weight-bold\">notamment l&rsquo;organisme charg\u00e9 des cotisations sociales URSSAF<\/span>.<\/p>\n<p>Le minist\u00e8re a \u00e9t\u00e9 inform\u00e9 d&rsquo;une activit\u00e9 \u00ab suspecte \u00bb sur ses serveurs, a indiqu\u00e9 le ministre, ce qui a entra\u00een\u00e9 des mesures de s\u00e9curit\u00e9 renforc\u00e9es \u2013 mais celles-ci sont arriv\u00e9es trop tard.<\/p>\n<p>Il a point\u00e9 du doigt certains employ\u00e9s pour de \u00ab l&rsquo;imprudence \u00bb, affirmant que des mots de passe et des donn\u00e9es sensibles avaient \u00e9t\u00e9 partag\u00e9s via des applications de messagerie \u2013 ces informations ayant ensuite \u00e9t\u00e9 utilis\u00e9es pour infiltrer le portail.<\/p>\n<p>Un site de piratage nomm\u00e9 \u00ab BreachForums \u00bb a revendiqu\u00e9 l&rsquo;attaque et menac\u00e9 de diffuser les fichiers si le minist\u00e8re n&rsquo;acceptait pas ses exigences dans les 48 heures (on ignore quelles \u00e9taient ces exigences, mais il n&rsquo;y aurait apparemment aucune demande d&rsquo;argent).<\/p>\n<p>Apr\u00e8s le d\u00e9lai, les informations ont \u00e9t\u00e9 mises en vente sur le dark web, le site affichant un message sur sa page d&rsquo;accueil disant \u00ab Now you will pay for what you did to our friends. \u00bb<\/p>\n<p>Un homme de 22 ans originaire de Limoges (Haute-Vienne) a \u00e9t\u00e9 arr\u00eat\u00e9 pour cette violation. L&rsquo;homme, qui vit chez sa m\u00e8re, est connu de la police et avait d\u00e9j\u00e0 \u00e9t\u00e9 condamn\u00e9 pour une infraction similaire.<\/p>\n<p>La Commission nationale de l&rsquo;informatique et des libert\u00e9s (CNIL) a \u00e9t\u00e9 inform\u00e9e de la violation, comme l&rsquo;exige ce type d&rsquo;attaques.<\/p>\n<\/div>\n","protected":false},"excerpt":{"rendered":"<p>Le ministre de l&rsquo;Int\u00e9rieur qualifie la violation de donn\u00e9es d&rsquo;\u00ab in\u00e9dite \u00bb pour la France Des dossiers policiers importants ont \u00e9t\u00e9 r\u00e9cemment consult\u00e9s par des hackers, a confirm\u00e9 le minist\u00e8re de l&rsquo;Int\u00e9rieur fran\u00e7ais. La port\u00e9e compl\u00e8te de la violation des donn\u00e9es n&rsquo;est pas encore connue, mais le ministre de l&rsquo;Int\u00e9rieur, Laurent Nu\u00f1ez, a d\u00e9clar\u00e9 qu&rsquo;elle [&hellip;]<\/p>\n","protected":false},"author":1,"featured_media":798,"comment_status":"open","ping_status":"open","sticky":false,"template":"","format":"standard","meta":{"footnotes":""},"categories":[1],"tags":[1051,1053,42,1052,177,1050,604],"class_list":["post-797","post","type-post","status-publish","format-standard","has-post-thumbnail","hentry","category-non-classe","tag-accedent","tag-classifies","tag-des","tag-fichiers","tag-francaise","tag-hackers","tag-police"],"_links":{"self":[{"href":"https:\/\/www.rachida-dati.eu\/actualites\/wp-json\/wp\/v2\/posts\/797","targetHints":{"allow":["GET"]}}],"collection":[{"href":"https:\/\/www.rachida-dati.eu\/actualites\/wp-json\/wp\/v2\/posts"}],"about":[{"href":"https:\/\/www.rachida-dati.eu\/actualites\/wp-json\/wp\/v2\/types\/post"}],"author":[{"embeddable":true,"href":"https:\/\/www.rachida-dati.eu\/actualites\/wp-json\/wp\/v2\/users\/1"}],"replies":[{"embeddable":true,"href":"https:\/\/www.rachida-dati.eu\/actualites\/wp-json\/wp\/v2\/comments?post=797"}],"version-history":[{"count":1,"href":"https:\/\/www.rachida-dati.eu\/actualites\/wp-json\/wp\/v2\/posts\/797\/revisions"}],"predecessor-version":[{"id":799,"href":"https:\/\/www.rachida-dati.eu\/actualites\/wp-json\/wp\/v2\/posts\/797\/revisions\/799"}],"wp:featuredmedia":[{"embeddable":true,"href":"https:\/\/www.rachida-dati.eu\/actualites\/wp-json\/wp\/v2\/media\/798"}],"wp:attachment":[{"href":"https:\/\/www.rachida-dati.eu\/actualites\/wp-json\/wp\/v2\/media?parent=797"}],"wp:term":[{"taxonomy":"category","embeddable":true,"href":"https:\/\/www.rachida-dati.eu\/actualites\/wp-json\/wp\/v2\/categories?post=797"},{"taxonomy":"post_tag","embeddable":true,"href":"https:\/\/www.rachida-dati.eu\/actualites\/wp-json\/wp\/v2\/tags?post=797"}],"curies":[{"name":"wp","href":"https:\/\/api.w.org\/{rel}","templated":true}]}}