{"id":800,"date":"2026-01-07T23:45:40","date_gmt":"2026-01-07T22:45:40","guid":{"rendered":"https:\/\/www.rachida-dati.eu\/actualites\/medecins-agriculteurs-et-cheminots-passent-a-laction\/"},"modified":"2026-01-07T23:45:41","modified_gmt":"2026-01-07T22:45:41","slug":"medecins-agriculteurs-et-cheminots-passent-a-laction","status":"publish","type":"post","link":"https:\/\/www.rachida-dati.eu\/actualites\/medecins-agriculteurs-et-cheminots-passent-a-laction\/","title":{"rendered":"M\u00e9decins, agriculteurs et cheminots passent \u00e0 l&rsquo;action"},"content":{"rendered":"<div data-element-guid=\"7f7332a5-aca0-4fee-9990-ec700b171346\">\n<h2 class=\"subtitle \" style=\"\">Tous les m\u00e9decins, le personnel des chemins de fer et les agriculteurs passent \u00e0 l&rsquo;action<\/h2>\n<\/p>\n<\/div>\n<div data-element-guid=\"31b99f56-c464-40e7-d122-7e7f80d57ce5\">\n<p><!-- placeholder(#1) --><\/p>\n<p>La nouvelle ann\u00e9e vient \u00e0 peine de commencer et la France est d\u00e9j\u00e0 sous pression en raison de protestations majeures de deux groupes cl\u00e9s \u2013 les m\u00e9decins et les agriculteurs.<\/p>\n<p>Alors qu&rsquo;il n&rsquo;existe pas encore de budget complet pour 2026, d&rsquo;autres groupes m\u00e9contents des projets pr\u00e9vus \u2013 notamment les syndicats intersectoriels et les enseignants \u2013 pourraient \u00e9galement passer \u00e0 l&rsquo;action une fois le budget d\u00e9finitivement adopt\u00e9.<\/p>\n<p>Ci-dessous, nous examinons les actions de gr\u00e8ve confirm\u00e9es pour le mois. Nous ajouterons \u00e0 cet article de nouvelles informations lorsque les gr\u00e8ves seront annonc\u00e9es.<\/p>\n<h2>5 &#8211; 15 janvier : m\u00e9decins lib\u00e9raux<\/h2>\n<p>Une gr\u00e8ve de dix jours men\u00e9e par le personnel de sant\u00e9 b\u00e9n\u00e9ficie d\u2019un large soutien, avec jusqu\u2019\u00e0 85 % des m\u00e9decins lib\u00e9raux qui se joignent \u00e0 l\u2019action.<\/p>\n<p>Les cabinets m\u00e9dicaux, les h\u00f4pitaux priv\u00e9s et les blocs op\u00e9ratoires devraient tous \u00eatre affect\u00e9s, les rendez-vous non disponibles et les interventions programm\u00e9es report\u00e9es.<\/p>\n<p>Les syndicats ont appel\u00e9 \u00e0 la gr\u00e8ve en raison du budget de s\u00e9curit\u00e9 sociale 2026, qu&rsquo;ils estiment \u00e9conomiquement insens\u00e9 et qui donne au gouvernement un pouvoir trop grand de fixer les tarifs de soins de sant\u00e9 unilat\u00e9ralement.<\/p>\n<p>Lisez <span data-lab-font_weight=\"font-weight-bold\" class=\"font-weight-bold m-font-weight-bold\">notre article<\/span> pour des conseils sur la mani\u00e8re de trouver des soins pendant la gr\u00e8ve.<\/p>\n<p>De nouvelles actions sont possibles, le gouvernement \u00e9tant peu susceptible de renier les mesures incluses dans un texte adopt\u00e9 il y a moins d&rsquo;un mois.<\/p>\n<h2>En cours : protestations agricoles<\/h2>\n<p>Les agriculteurs poursuivent d&rsquo;importantes manifestations dans toute la France apr\u00e8s une \u00ab tr\u00eave de No\u00ebl \u00bb.<\/p>\n<p>Ils manifestent contre le traitement des troupeaux de bovins souffrant de la maladie de la peau bossel\u00e9e, ainsi que les implications de l&rsquo;accord commercial UE-Mercosur, qui doit \u00eatre soumis \u00e0 un vote majeur le 9 janvier.<\/p>\n<p>Les m\u00e9thodes de manifestation incluent des blocages routiers et des manifestations devant des bureaux publics tels que les mairies.<\/p>\n<p>Contrairement \u00e0 l&rsquo;action de gr\u00e8ve dans d&rsquo;autres secteurs, les agriculteurs n&rsquo;ont pas besoin de d\u00e9poser des avis de gr\u00e8ve et l&rsquo;action peut \u00eatre sporadique, surprenant les r\u00e9sidents locaux et les autorit\u00e9s.<\/p>\n<p>Cela signifie \u00e9galement qu&rsquo;il n&rsquo;y a pas de date de fin pr\u00e9vue pour cette action.<\/p>\n<h2>Gr\u00e8ve \u00e0 la SNCF : 13 janvier<\/h2>\n<p>Le syndicat SUD Rail \u2013 l&rsquo;un des principaux porte-parole des cheminots \u2013 a appel\u00e9 \u00e0 une gr\u00e8ve d&rsquo;une journ\u00e9e le mardi 13 janvier afin de co\u00efncider avec le d\u00e9but des n\u00e9gociations annuelles entre les repr\u00e9sentants des travailleurs et la direction.<\/p>\n<p>Les n\u00e9gociations se d\u00e9roulent dans une atmosph\u00e8re tendue et plusieurs gr\u00e8ves ont marqu\u00e9 l&rsquo;ann\u00e9e derni\u00e8re, dont la plupart ont caus\u00e9 peu de perturbations.<\/p>\n<p>L&rsquo;ancien Premier ministre Jean Castex est le nouveau pr\u00e9sident-directeur g\u00e9n\u00e9ral de la SNCF, et en d\u00e9cembre 2025 a annonc\u00e9 une prime de 400 \u20ac pour le personnel, alors que des profits annuels de 2 milliards d&rsquo;euros ont \u00e9t\u00e9 signal\u00e9s.<\/p>\n<p>Le syndicat exige que SNCF augmente les salaires d&rsquo;environ 400 \u20ac par mois pour tous les travailleurs (ce qui, selon lui, co\u00fbtera 1,2 milliard d&rsquo;euros et serait donc dans le cadre du budget), ainsi qu&rsquo;un 13e mois de salaire.<\/p>\n<p>Il affirme que ces mesures sont justes compte tenu de la hausse de 13 % du co\u00fbt des billets.<\/p>\n<p>\u00c0 l&rsquo;heure actuelle, seul SUD Rail a annonc\u00e9 une action de gr\u00e8ve pour cette journ\u00e9e, ce qui signifie que les perturbations devraient \u00eatre limit\u00e9es.<\/p>\n<p>Cependant, les services, y compris le TGV \u00e0 grande vitesse, les Intercit\u00e9s et les lignes r\u00e9gionales TER, pourraient tous \u00eatre perturb\u00e9s.<\/p>\n<p>Des informations compl\u00e8tes et des emplois du temps r\u00e9vis\u00e9s seront disponibles lundi 12 janvier \u00e0 17h00.<\/p>\n<h2>Le personnel du Louvre \u2013 \u00e0 partir du 5 janvier<\/h2>\n<p>Le personnel du mus\u00e9e du Louvre renouvelle l&rsquo;action de gr\u00e8ve qui a commenc\u00e9 avant No\u00ebl, apr\u00e8s une pause pendant la p\u00e9riode des f\u00eates.<\/p>\n<p>Trois grandes unions \u2013 CGT, CFDT et SUD \u2013 soutiennent la gr\u00e8ve, qui n&rsquo;a pas de date de fin et est \u00ab renouvelable \u00bb chaque jour.<\/p>\n<p>Elles estiment que le personnel du mus\u00e9e est surmen\u00e9, la direction comptant sur la passion des salari\u00e9s pour compenser les conditions de travail.<\/p>\n<p>Ils souhaitent \u00e9galement renforcer les mesures de s\u00e9curit\u00e9 \u00e0 la lumi\u00e8re du r\u00e9cent vol spectaculaire et des changements destin\u00e9s \u00e0 am\u00e9liorer l&rsquo;exp\u00e9rience des visiteurs pendant les p\u00e9riodes charg\u00e9es. Les syndicats s&rsquo;opposent \u00e9galement \u00e0 l&rsquo;augmentation prochaine des tarifs pour les visiteurs non europ\u00e9ens, passant \u00e0 32 \u20ac.<\/p>\n<p>Bien que le mus\u00e9e soit susceptible de rester ouvert pendant la gr\u00e8ve, l&rsquo;acc\u00e8s \u00e0 certaines dates pourrait \u00eatre limit\u00e9 pour les expositions majeures (comme la V\u00e9nus de Milo et la Joconde).<\/p>\n<\/div>\n","protected":false},"excerpt":{"rendered":"<p>Tous les m\u00e9decins, le personnel des chemins de fer et les agriculteurs passent \u00e0 l&rsquo;action La nouvelle ann\u00e9e vient \u00e0 peine de commencer et la France est d\u00e9j\u00e0 sous pression en raison de protestations majeures de deux groupes cl\u00e9s \u2013 les m\u00e9decins et les agriculteurs. Alors qu&rsquo;il n&rsquo;existe pas encore de budget complet pour 2026, [&hellip;]<\/p>\n","protected":false},"author":1,"featured_media":183,"comment_status":"open","ping_status":"open","sticky":false,"template":"","format":"standard","meta":{"footnotes":""},"categories":[1],"tags":[171,1055,1057,1054,1056],"class_list":["post-800","post","type-post","status-publish","format-standard","has-post-thumbnail","hentry","category-non-classe","tag-agriculteurs","tag-cheminots","tag-laction","tag-medecins","tag-passent"],"_links":{"self":[{"href":"https:\/\/www.rachida-dati.eu\/actualites\/wp-json\/wp\/v2\/posts\/800","targetHints":{"allow":["GET"]}}],"collection":[{"href":"https:\/\/www.rachida-dati.eu\/actualites\/wp-json\/wp\/v2\/posts"}],"about":[{"href":"https:\/\/www.rachida-dati.eu\/actualites\/wp-json\/wp\/v2\/types\/post"}],"author":[{"embeddable":true,"href":"https:\/\/www.rachida-dati.eu\/actualites\/wp-json\/wp\/v2\/users\/1"}],"replies":[{"embeddable":true,"href":"https:\/\/www.rachida-dati.eu\/actualites\/wp-json\/wp\/v2\/comments?post=800"}],"version-history":[{"count":1,"href":"https:\/\/www.rachida-dati.eu\/actualites\/wp-json\/wp\/v2\/posts\/800\/revisions"}],"predecessor-version":[{"id":801,"href":"https:\/\/www.rachida-dati.eu\/actualites\/wp-json\/wp\/v2\/posts\/800\/revisions\/801"}],"wp:featuredmedia":[{"embeddable":true,"href":"https:\/\/www.rachida-dati.eu\/actualites\/wp-json\/wp\/v2\/media\/183"}],"wp:attachment":[{"href":"https:\/\/www.rachida-dati.eu\/actualites\/wp-json\/wp\/v2\/media?parent=800"}],"wp:term":[{"taxonomy":"category","embeddable":true,"href":"https:\/\/www.rachida-dati.eu\/actualites\/wp-json\/wp\/v2\/categories?post=800"},{"taxonomy":"post_tag","embeddable":true,"href":"https:\/\/www.rachida-dati.eu\/actualites\/wp-json\/wp\/v2\/tags?post=800"}],"curies":[{"name":"wp","href":"https:\/\/api.w.org\/{rel}","templated":true}]}}